{"id":149480,"date":"2025-09-30T22:07:07","date_gmt":"2025-09-30T22:07:07","guid":{"rendered":"https:\/\/www.europesays.com\/es\/149480\/"},"modified":"2025-09-30T22:07:07","modified_gmt":"2025-09-30T22:07:07","slug":"evenepoel-avisa-a-pogacar-y-al-resto-el-europeo-es-mi-mayor-objetivo-del-ano-tras-el-tour-eurosport","status":"publish","type":"post","link":"https:\/\/www.europesays.com\/es\/149480\/","title":{"rendered":"Evenepoel avisa a Pogacar y al resto: &quot;El Europeo es mi mayor objetivo del a\u00f1o tras el Tour&quot; &#8211; Eurosport"},"content":{"rendered":"<ol>\n<li><a href=\"https:\/\/news.google.com\/rss\/articles\/CBMi-wFBVV95cUxNYTIyeXdadHFzS0d0Wk9ydFZUNEVyZmFyNzhmQkVMNUlYRWpvaXIxTGFOa2piZzA1bGVCVk5MMVdjN2lyYjFHakpiY1Rrc3pnU2FlY1Y1ZFZkSFVtT2Y1RVhFTmZlR0NCNkRtTlJFY3pnRGFUdllxZVJBQnVrOE9jX01ndVFReVJjVWk1TGlwWXlIUExueGMxNUVPTFFwczJhTVZta1pWMm9zcXpteXp1RUpnTnh5RFdMRnJNVE9MRHlGeWQ3ZzRlVDFDakhzYmdNMDZ4a05LMEhCb1FoRktiMXcwZHFfZUE1cVdJREdVWG82NE1rSzlZNDJUTQ?oc=5\" target=\"_blank\" rel=\"nofollow noopener\">Evenepoel avisa a Pogacar y al resto: \u00abEl Europeo es mi mayor objetivo del a\u00f1o tras el Tour\u00bb<\/a>&nbsp;&nbsp;Eurosport<\/li>\n<li><a href=\"https:\/\/news.google.com\/rss\/articles\/CBMif0FVX3lxTE1WRG5sWmV2RnZuVWxuX2IwWWtKZVkxSU5jSlRsSzE0QXAxZ2VHUElBX0NNbTZielZ5amV4RlZaLW9NdkJQOHA4ZHJoNXV6RG9fQVNHODRjb0Q3NVdQeDg3dEpIeW1jYklxM1dHelpRYXlPelcweVltU2kyZmlBMTQ?oc=5\" target=\"_blank\" rel=\"nofollow noopener\">Esta vez el Campeonato de Europa de Ciclismo llega con cartelazo<\/a>&nbsp;&nbsp;joanseguidor.com<\/li>\n<li><a href=\"https:\/\/news.google.com\/rss\/articles\/CBMi8wFBVV95cUxOMWtMNTIwcEhFZjNCVXdWSlpJaVJlNVNFZmV2aHVFSndTbFRjMG1QaGdWUi1oSEd0QlNLT1drQzZzcUpiRlA4MmpHUVU5ZEFKaXlEWm1GdnN4em93X3Y2NlEtVXhuUnp4V3MxNlo3Z21mbE9kb0ZBdk1KOHVvdGlhWDkxd0QyX09hTzB4eXp4N0swVmNhZW5iLXQ4bVVkQjJDSGE4MGJrR3FBU29ra0hDVHVsM05NYV9vOWMydTU0ZXdBdlJiNUZZMWhzcm5rSDdYMFA2b2N5NjV3TnFjM1dpUEhod2Y2UHVkbmhnOUtQV1lnLTQ?oc=5\" target=\"_blank\" rel=\"nofollow noopener\">Convocatoria de la Selecci\u00f3n Espa\u00f1ola \u00e9lite para el Campeonato de Europa de Carretera 2025<\/a>&nbsp;&nbsp;REAL FEDERACI\u00d3N ESPA\u00d1OLA DE CICLISMO<\/li>\n<li><a href=\"https:\/\/news.google.com\/rss\/articles\/CBMi7gFBVV95cUxQa016ZG1BRTB1cVR1cnA2NXdHa3ZNeVhEQWZYcFBYVmU0Ul95SVFpNEppNEFzNHU5cDE1b1BPUE9lR3BObS11TVNPdGlQMHNoQ1hpUFF1b2o1OThBWDNzWFNQVVdpZzBDalZtOVd3alVtOFJkNVJ4SjVkZ0I5bDVVR2x5V2lPWGItVzBzdDJvWTA2LWxsSlNFeEJFOEZGUEEyRXFqX0FieHdMcWJHVlNScTRDQk5La3k2TWlfMVFGbmFaN2xTVUxjX1Nob2VUVmdGUXItaUVGTjJyblN5MFlxeEg3QzV4ZnR1SmtXUkZn?oc=5\" target=\"_blank\" rel=\"nofollow noopener\">De Ruanda a Francia: Ostiz, Blasi, Noval y \u00c1lvarez encabezan la convocatoria j\u00fanior y sub-23<\/a>&nbsp;&nbsp;Eurosport<\/li>\n<li><a href=\"https:\/\/news.google.com\/rss\/articles\/CBMi2AFBVV95cUxPeXNiSWh2V0hyYTRiLVRtMTlYZkdlZldJbjczeXF0M2FWdlE2Y0sweUZtUjJBYy1hQ2pfSW5iWlUxVlBWTENBTkI1MGFLb0s0QnRva2tpY2VoWkR3b1p0d2pnVzJZYTFna0VLZFBFY3oxbEliaEdUWFNuUHliQ3p2LTBWN08xdVNkNUZwRm5ZUHJ5dDlyX2U0cVdDVmVhaExVeEx3MmVfeTVZTThxN0s5Zjd6OGc2cXJQS3VybzJQTVpjdkgxSkg3SmRzbUFzV3BZNWVpd2RSUTDSAewBQVVfeXFMTUZPQ3dsRzBvZGEya1h1UnM2NkM3MWM3RVhNRGQ5M2plbTIwdWRpZVd6X1Z2YW1HMW5BYS1TWWNPWDB1YnJOMzdVTDNYcE56dmFUaTJTV1JaMGZ1WFJVejdvY2xnX0JGeGthQnRxUjRSelZxbmVPaHBvMG5xNDJlUkhyRXVzbVdqTTJkZ21NRktSSDNTeEtkQVkwcU5leE5lUVhSc3RTSGVia2dEOXBfRFFSR0VYMVRFYkNrbGp6Ri1UVkozS1pzUFdJRm5UdVM0TFlyQm4tR003emx3VTIwNnFLQUVBTklpR1d3NS0?oc=5\" target=\"_blank\" rel=\"nofollow noopener\">H\u00e9ctor \u00c1lvarez, convocado con Espa\u00f1a para el Campeonato de Europa sub-23<\/a>&nbsp;&nbsp;Cadena SER<\/li>\n<\/ol>\n","protected":false},"excerpt":{"rendered":"Evenepoel avisa a Pogacar y al resto: \u00abEl Europeo es mi mayor objetivo del a\u00f1o tras el Tour\u00bb&nbsp;&nbsp;Eurosport&hellip;\n","protected":false},"author":2,"featured_media":148985,"comment_status":"","ping_status":"","sticky":false,"template":"","format":"standard","meta":{"footnotes":""},"categories":[273],"tags":[313,312,168,25,24,23,167],"class_list":{"0":"post-149480","1":"post","2":"type-post","3":"status-publish","4":"format-standard","5":"has-post-thumbnail","7":"category-ciclismo","8":"tag-ciclismo","9":"tag-cycling","10":"tag-deportes","11":"tag-es","12":"tag-espana","13":"tag-spain","14":"tag-sports"},"share_on_mastodon":{"url":"","error":""},"_links":{"self":[{"href":"https:\/\/www.europesays.com\/es\/wp-json\/wp\/v2\/posts\/149480","targetHints":{"allow":["GET"]}}],"collection":[{"href":"https:\/\/www.europesays.com\/es\/wp-json\/wp\/v2\/posts"}],"about":[{"href":"https:\/\/www.europesays.com\/es\/wp-json\/wp\/v2\/types\/post"}],"author":[{"embeddable":true,"href":"https:\/\/www.europesays.com\/es\/wp-json\/wp\/v2\/users\/2"}],"replies":[{"embeddable":true,"href":"https:\/\/www.europesays.com\/es\/wp-json\/wp\/v2\/comments?post=149480"}],"version-history":[{"count":0,"href":"https:\/\/www.europesays.com\/es\/wp-json\/wp\/v2\/posts\/149480\/revisions"}],"wp:featuredmedia":[{"embeddable":true,"href":"https:\/\/www.europesays.com\/es\/wp-json\/wp\/v2\/media\/148985"}],"wp:attachment":[{"href":"https:\/\/www.europesays.com\/es\/wp-json\/wp\/v2\/media?parent=149480"}],"wp:term":[{"taxonomy":"category","embeddable":true,"href":"https:\/\/www.europesays.com\/es\/wp-json\/wp\/v2\/categories?post=149480"},{"taxonomy":"post_tag","embeddable":true,"href":"https:\/\/www.europesays.com\/es\/wp-json\/wp\/v2\/tags?post=149480"}],"curies":[{"name":"wp","href":"https:\/\/api.w.org\/{rel}","templated":true}]}}