{"id":149493,"date":"2025-09-30T22:14:09","date_gmt":"2025-09-30T22:14:09","guid":{"rendered":"https:\/\/www.europesays.com\/es\/149493\/"},"modified":"2025-09-30T22:14:09","modified_gmt":"2025-09-30T22:14:09","slug":"sonsoles-onega-llama-la-atencion-a-maria-del-monte-por-sus-gestos-en-plato-me-pones-muy-nerviosa","status":"publish","type":"post","link":"https:\/\/www.europesays.com\/es\/149493\/","title":{"rendered":"Sonsoles \u00d3nega llama la atenci\u00f3n a Mar\u00eda del Monte por sus gestos en plat\u00f3: \u00abMe pones muy nerviosa\u00bb"},"content":{"rendered":"<p class=\"c-paragraph\">Este martes, <a href=\"https:\/\/www.20minutos.es\/tags\/personas\/sonsoles-onega.html\" title=\"Sonsoles \u00d3nega\" rel=\"nofollow noopener\" target=\"_blank\">Sonsoles \u00d3nega<\/a> daba paso en Y ahora Sonsoles a una sorprendente noticia -el caso de una mujer que se cay\u00f3 dentro de una fosa en un cementerio de Toledo- cuando, de pronto, algo la sac\u00f3 de su concentraci\u00f3n: <b>los gestos de <a href=\"https:\/\/www.20minutos.es\/tags\/personas\/maria-del-monte.html\" title=\"Mar\u00eda del Monte\" rel=\"nofollow noopener\" target=\"_blank\">Mar\u00eda del Monte<\/a>.<\/b><\/p>\n<p class=\"c-paragraph\">Aunque la c\u00e1mara no mostr\u00f3 esos movimientos, la reacci\u00f3n de la presentadora los delat\u00f3. Alterada por aquel espect\u00e1culo paralelo, <b>\u00d3nega interrumpi\u00f3 su narraci\u00f3n para llamar al orden a la cantante<\/b>: \u00abMar\u00eda, deja de hacer aspavientos, que me pones muy nerviosa\u00bb.<\/p>\n<p class=\"c-paragraph\">Para ilustrar lo que estaba presenciando desde su asiento, la tambi\u00e9n escritora <b>imit\u00f3 a la cantante <\/b>dibujando con los brazos y las manos aquel revuelo de ademanes que la distra\u00eda.<\/p>\n<p class=\"c-paragraph\">La sevillana, sorprendida por la reprimenda p\u00fablica, <b>respondi\u00f3 con franqueza y desparpajo<\/b>, justific\u00e1ndose con vehemencia: \u00ab\u00a1Que yo me muero si me pasa eso!\u00bb.\u00a0<\/p>\n<p class=\"c-paragraph\">Y, finalmente, <b>teatraliz\u00f3 un enfado que arranc\u00f3 la carcajada de \u00d3nega<\/b>: \u00abBueno, pues ya est\u00e1. \u00a1Hay que ver c\u00f3mo me tienes! Me dices que no te mire, que no me mueva&#8230; Chiquilla, me vas a tener como una dona, inm\u00f3vil\u00bb.<\/p>\n","protected":false},"excerpt":{"rendered":"Este martes, Sonsoles \u00d3nega daba paso en Y ahora Sonsoles a una sorprendente noticia -el caso de una&hellip;\n","protected":false},"author":2,"featured_media":149494,"comment_status":"","ping_status":"","sticky":false,"template":"","format":"standard","meta":{"footnotes":""},"categories":[171],"tags":[1348,146,147,25,24,8500,1932,1647,1646,23,214],"class_list":{"0":"post-149493","1":"post","2":"type-post","3":"status-publish","4":"format-standard","5":"has-post-thumbnail","7":"category-tv","8":"tag-atencion","9":"tag-entertainment","10":"tag-entretenimiento","11":"tag-es","12":"tag-espana","13":"tag-llama","14":"tag-maria","15":"tag-onega","16":"tag-sonsoles","17":"tag-spain","18":"tag-tv"},"share_on_mastodon":{"url":"","error":""},"_links":{"self":[{"href":"https:\/\/www.europesays.com\/es\/wp-json\/wp\/v2\/posts\/149493","targetHints":{"allow":["GET"]}}],"collection":[{"href":"https:\/\/www.europesays.com\/es\/wp-json\/wp\/v2\/posts"}],"about":[{"href":"https:\/\/www.europesays.com\/es\/wp-json\/wp\/v2\/types\/post"}],"author":[{"embeddable":true,"href":"https:\/\/www.europesays.com\/es\/wp-json\/wp\/v2\/users\/2"}],"replies":[{"embeddable":true,"href":"https:\/\/www.europesays.com\/es\/wp-json\/wp\/v2\/comments?post=149493"}],"version-history":[{"count":0,"href":"https:\/\/www.europesays.com\/es\/wp-json\/wp\/v2\/posts\/149493\/revisions"}],"wp:featuredmedia":[{"embeddable":true,"href":"https:\/\/www.europesays.com\/es\/wp-json\/wp\/v2\/media\/149494"}],"wp:attachment":[{"href":"https:\/\/www.europesays.com\/es\/wp-json\/wp\/v2\/media?parent=149493"}],"wp:term":[{"taxonomy":"category","embeddable":true,"href":"https:\/\/www.europesays.com\/es\/wp-json\/wp\/v2\/categories?post=149493"},{"taxonomy":"post_tag","embeddable":true,"href":"https:\/\/www.europesays.com\/es\/wp-json\/wp\/v2\/tags?post=149493"}],"curies":[{"name":"wp","href":"https:\/\/api.w.org\/{rel}","templated":true}]}}