{"id":149505,"date":"2025-09-30T22:22:10","date_gmt":"2025-09-30T22:22:10","guid":{"rendered":"https:\/\/www.europesays.com\/es\/149505\/"},"modified":"2025-09-30T22:22:10","modified_gmt":"2025-09-30T22:22:10","slug":"el-primer-ministro-britanico-redobla-sus-ataques-contra-la-extrema-derecha","status":"publish","type":"post","link":"https:\/\/www.europesays.com\/es\/149505\/","title":{"rendered":"El primer ministro brit\u00e1nico redobla sus ataques contra la extrema derecha"},"content":{"rendered":"<p>    <img src=\"https:\/\/www.europesays.com\/es\/wp-content\/uploads\/2025\/09\/2025-09-30T173A413A42Z-90094146.jpg\" width=\"1024\" height=\"566\" alt=\"\" loading=\"eager\" decoding=\"sync\" fetchpriority=\"high\"\/><\/p>\n<p>            afp_tickers        <\/p>\n<p>        Este contenido fue publicado en    <\/p>\n<p>        30 septiembre 2025 &#8211; 19:41\n<\/p>\n<p>El primer ministro brit\u00e1nico, Keir Starmer, con bajos niveles de popularidad, llam\u00f3 el martes a rechazar a una extrema derecha en ascenso y defendi\u00f3 la diversidad de Reino Unido, en el congreso anual del Partido Laborista, en Liverpool (norte de Inglaterra).<\/p>\n<p>El dirigente solo lleva 15 meses en el poder, pero est\u00e1 en sus niveles m\u00e1s bajos en las encuestas y su pol\u00edtica es cuestionada incluso dentro de su propio partido, mientras que la formaci\u00f3n de extrema derecha Reform UK encabeza las intenciones de voto.<\/p>\n<p>En un discurso considerado por muchos crucial para su futuro en Downing Street, Starmer afirm\u00f3 que Reino Unido est\u00e1 \u00aben una encrucijada\u00bb, llamando a los brit\u00e1nicos a elegir la \u00abdecencia\u00bb y la \u00abrenovaci\u00f3n\u00bb con los laboristas, en lugar de la \u00abdivisi\u00f3n\u00bb y el \u00abresentimiento\u00bb con Reform UK y su l\u00edder, Nigel Farage.<\/p>\n<p>\u00abSi ustedes dicen o dejan entrever que una persona no puede ser inglesa o brit\u00e1nica por el color de su piel, que las familias multiculturales deben justificarse, que la gente que ha vivido aqu\u00ed durante generaciones debe ahora ser expulsada, entonces, esc\u00fachenme bien, los combatiremos con todas nuestras fuerzas\u00bb, advirti\u00f3.<\/p>\n<p>Starmer respond\u00eda de este modo a una reciente propuesta de Reform UK, que quiere, si llega al poder, eliminar el permiso de residencia permanente.<\/p>\n<p>Tras el discurso de Starmer, Farage, en un comunicado, arremeti\u00f3 contra \u00abel \u00faltimo intento desesperado por parte de un primer ministro en serias dificultades\u00bb, a\u00f1adiendo que est\u00e1 \u00abm\u00e1s decidido que nunca\u00bb a \u00abdarle una lecci\u00f3n\u00bb al Partido Laborista en las pr\u00f3ximas elecciones.<\/p>\n<p>Starmer, en su discurso, en el que enumer\u00f3 las medidas ya tomadas para construir m\u00e1s viviendas, financiar el sistema de salud o ampliar los derechos de los trabajadores, recalc\u00f3 tambi\u00e9n que \u00abla misi\u00f3n principal de este gobierno es hacer crecer la econom\u00eda y mejorar el nivel de vida\u00bb de los brit\u00e1nicos.<\/p>\n<p>No obstante, el dirigente laborista advirti\u00f3 que ello \u00abexige decisiones que no son ni gratuitas ni f\u00e1ciles\u00bb, a un mes de la presentaci\u00f3n de un presupuesto dif\u00edcil de cuadrar, que hace temer subidas de impuestos.<\/p>\n<p>Algunas medidas adoptadas en estos 15 meses han sido mal recibidas dentro del Partido Laborista, como el tope a una ayuda para las familias, el endurecimiento de la pol\u00edtica migratoria o la prohibici\u00f3n de la organizaci\u00f3n Palestine Action, catalogada como terrorista.<\/p>\n<p>pdh-mhc\/psr\/mb<\/p>\n","protected":false},"excerpt":{"rendered":"afp_tickers Este contenido fue publicado en 30 septiembre 2025 &#8211; 19:41 El primer ministro brit\u00e1nico, Keir Starmer, con&hellip;\n","protected":false},"author":2,"featured_media":149506,"comment_status":"","ping_status":"","sticky":false,"template":"","format":"standard","meta":{"footnotes":""},"categories":[42],"tags":[17,18,13,14,4437,11,61,62,63,64,19,20,9,10,15,16,12089,88,12090,90,12,21,22,65,66,67],"class_list":{"0":"post-149505","1":"post","2":"type-post","3":"status-publish","4":"format-standard","5":"has-post-thumbnail","7":"category-internacional","8":"tag-breaking-news","9":"tag-breakingnews","10":"tag-featured-news","11":"tag-featurednews","12":"tag-government","13":"tag-headlines","14":"tag-internacional","15":"tag-international","16":"tag-international-news","17":"tag-internationalnews","18":"tag-latest-news","19":"tag-latestnews","20":"tag-news","21":"tag-noticias","22":"tag-noticias-destacadas","23":"tag-noticiasdestacadas","24":"tag-parties-and-movements","25":"tag-politics","26":"tag-politics-general","27":"tag-ticker","28":"tag-titulares","29":"tag-ultimas-noticias","30":"tag-ultimasnoticias","31":"tag-world","32":"tag-world-news","33":"tag-worldnews"},"share_on_mastodon":{"url":"","error":""},"_links":{"self":[{"href":"https:\/\/www.europesays.com\/es\/wp-json\/wp\/v2\/posts\/149505","targetHints":{"allow":["GET"]}}],"collection":[{"href":"https:\/\/www.europesays.com\/es\/wp-json\/wp\/v2\/posts"}],"about":[{"href":"https:\/\/www.europesays.com\/es\/wp-json\/wp\/v2\/types\/post"}],"author":[{"embeddable":true,"href":"https:\/\/www.europesays.com\/es\/wp-json\/wp\/v2\/users\/2"}],"replies":[{"embeddable":true,"href":"https:\/\/www.europesays.com\/es\/wp-json\/wp\/v2\/comments?post=149505"}],"version-history":[{"count":0,"href":"https:\/\/www.europesays.com\/es\/wp-json\/wp\/v2\/posts\/149505\/revisions"}],"wp:featuredmedia":[{"embeddable":true,"href":"https:\/\/www.europesays.com\/es\/wp-json\/wp\/v2\/media\/149506"}],"wp:attachment":[{"href":"https:\/\/www.europesays.com\/es\/wp-json\/wp\/v2\/media?parent=149505"}],"wp:term":[{"taxonomy":"category","embeddable":true,"href":"https:\/\/www.europesays.com\/es\/wp-json\/wp\/v2\/categories?post=149505"},{"taxonomy":"post_tag","embeddable":true,"href":"https:\/\/www.europesays.com\/es\/wp-json\/wp\/v2\/tags?post=149505"}],"curies":[{"name":"wp","href":"https:\/\/api.w.org\/{rel}","templated":true}]}}