{"id":149507,"date":"2025-09-30T22:23:13","date_gmt":"2025-09-30T22:23:13","guid":{"rendered":"https:\/\/www.europesays.com\/es\/149507\/"},"modified":"2025-09-30T22:23:13","modified_gmt":"2025-09-30T22:23:13","slug":"iii-edicion-de-recordari-un-programa-de-actividades-culturales-para-visibilizar-la-fragilidad-de-la-memoria","status":"publish","type":"post","link":"https:\/\/www.europesays.com\/es\/149507\/","title":{"rendered":"III edici\u00f3n de Recordari: un programa de actividades culturales para visibilizar la fragilidad de la memoria"},"content":{"rendered":"<p style=\"text-align:justify;\">La tercera edici\u00f3n de Recordari no solo trata de rememorar el pasado; tambi\u00e9n busca construir puentes para que crucemos un futuro m\u00e1s consciente, m\u00e1s inclusivo y m\u00e1s cohesionado. Reconocido en la convocatoria de subvenciones de la Fundaci\u00f3n Santander Creativa (FSC) y dirigido por M\u00f3nica Gonz\u00e1lez Megoya, las \u00faltimas actividades del proyecto se celebrar\u00e1n del 4 de octubre al 8 de noviembre en distintos espacios de la ciudad.\u00a0<\/p>\n<p style=\"text-align:justify;\">\u201cRecordari a\u00fana de nuevo varias artes como la fotograf\u00eda, el c\u00f3mic, el cine o el teatro, artistas y agentes de la cultura local y nacional y lugares significativos de Santander para visibilizar la fragilidad del recuerdo y la memoria\u201d, explica M\u00f3nica, directora art\u00edstica y coordinadora del festival con m\u00e1s de dieciocho a\u00f1os de experiencia al frente de la compa\u00f1\u00eda c\u00e1ntabra Qu\u00e1sar Teatro.<\/p>\n<p style=\"text-align:justify;\">Esta tercera edici\u00f3n, cuyas actividades ya comenzaron hace unos meses, pretende seguir asent\u00e1ndose y contribuir a su consolidaci\u00f3n. De hecho, el festival ha sido reconocido en la modalidad Cultura Trayectoria de la convocatoria de subvenciones generales de la FSC, dirigida a iniciativas con al menos un a\u00f1o de antig\u00fcedad.\u00a0<\/p>\n<p style=\"text-align:justify;\">Preguntada sobre el impulso necesario para continuar trabajando en este proyecto, M\u00f3nica asegura que \u201cla cuidad necesita espacios de respeto y celebraci\u00f3n de la memoria\u201d. \u201cPorque la memoria es fr\u00e1gil, porque deseamos compartirla en comunidad, preserv\u00e1ndola, fortaleciendo el sentido de pertenencia y la cohesi\u00f3n social, promoviendo la construcci\u00f3n de una memoria colectiva en la defensa de los derechos humanos y alentando pol\u00edticas que fortalezcan la participaci\u00f3n activa de la ciudadan\u00eda\u201d, manifiesta.\u00a0<\/p>\n<p style=\"text-align:justify;\"><strong>Mujer y memoria<\/strong><\/p>\n<p style=\"text-align:justify;\">Una de las principales novedades de esta edici\u00f3n es que el festival cuenta con la colaboraci\u00f3n del Instituto Navarro de la Memoria y de su director, Jos\u00e9 Miguel Gast\u00f3n, historiador de amplia trayectoria en la investigaci\u00f3n hist\u00f3rica de Navarra. Esta colaboraci\u00f3n se traduce en la celebraci\u00f3n de la exposici\u00f3n \u201cMujer y Memoria (MUMEM)\u201d, del fot\u00f3grafo I\u00f1aki Porto y comisariada por el propio Gast\u00f3n.<\/p>\n<p style=\"text-align:justify;\">\u201cSe trata de un proyecto que pretende recuperar la memoria de las mujeres que sufrieron las consecuencias del golpe militar de 1936. Mujeres con una mirada cr\u00edtica que, sin descanso, se ha ido transmitiendo a nuestra juventud en las Escuelas con Memoria. Conscientes de que, hoy en d\u00eda, existen en el mundo multitud de procesos que vulneran los derechos humanos y que exigen un compromiso social para evitarlos\u201d, describe M\u00f3nica.<\/p>\n<p style=\"text-align:justify;\">\u201cMujeres luchadoras cuyas voces se escuchan n\u00edtidas, serenas y con fortaleza en oroibidea.es, el lugar de la memoria inmaterial de Navarra\u201d, informa. \u201cSu mirada, gracias a los retratos captados por el fot\u00f3grafo I\u00f1aki Porto, nos interpela para que luchemos por aquellas que ya lucharon por la libertad y la justicia social\u201d, precisa tambi\u00e9n.<\/p>\n<p style=\"text-align:justify;\">Mujeres como Josefina Lamberto Yoldi, que falleci\u00f3 en junio de 2022, un icono dentro de la recuperaci\u00f3n de la memoria hist\u00f3rica. Su padre fue asesinado y su hermana de catorce a\u00f1os fue represaliada con violaciones antes de su asesinato. O, Concha Dieguez, que recuper\u00f3 los restos de su padre en 2020 gracias al banco de ADN creado por el Gobierno de Navarra.<\/p>\n<p style=\"text-align:justify;\">Esta muestra de fotograf\u00edas y testimonios se puede visitar del 4 de octubre al 8 de noviembre en Escena Miri\u00f1aque -de lunes a viernes de 10:00 a 14:00 y de 17:00 a 19:30 horas-. Los s\u00e1bados y domingos se podr\u00e1 ver en el horario de las funciones programadas por la sala.<\/p>\n<p style=\"text-align:justify;\"><strong>La indiferencia<\/strong><\/p>\n<p style=\"text-align:justify;\">Adem\u00e1s de esta exposici\u00f3n, Recordari nos propone dos proyecciones en la Filmoteca de Cantabria. En concreto, el jueves 6 de noviembre a las 20:00 horas se podr\u00e1 ver la pel\u00edcula \u201cIn Memoriam. La derrota conviene olvidarla\u201d, del director asturiano Marcos M. Merino, licenciado en Ciencias de la Imagen Visual y Auditiva por la Universidad Complutense de Madrid y cofundador de la productora independiente Freews.\u00a0<\/p>\n<p style=\"text-align:justify;\">Despu\u00e9s de \u201cReMine, el \u00faltimo movimiento obrero\u201d, Mejor Pel\u00edcula en Nuevas Olas No_Ficci\u00f3n en Sevilla, 2014, Merino reflexiona en esta cinta sobre el significado de recordar a trav\u00e9s de varias historias cruzadas. La aparici\u00f3n repentina de cientos de miles de fotograf\u00edas permite conocer los rostros que habitaron un valle minero durante cinco d\u00e9cadas.\u00a0<\/p>\n<p style=\"text-align:justify;\">Mientras tanto, un grupo de ni\u00f1as, tres mineros jubilados y un experto arque\u00f3logo trabajan de forma aislada en la preservaci\u00f3n de la memoria de sus antepasados. No se conocen entre ellos ni coinciden en sus motivaciones aunque saben que la indiferencia ser\u00e1 el mayor de los reconocimientos p\u00fablicos que obtendr\u00e1n con su esfuerzo. \u00bfPor qu\u00e9 hacerlo?, \u00bfqu\u00e9 recompensa tendr\u00e1n?, \u00bfpara qu\u00e9 sirve cuidar la memoria?<\/p>\n<p style=\"text-align:justify;\">Al d\u00eda siguiente, el viernes 7 de noviembre a las 17:00 horas, la Filmoteca proyectar\u00e1 \u201cContraluz. Historias del exilio republicano espa\u00f1ol en el norte de \u00c1frica\u201d, de Marcello Peres y Nicola Tagliabue, el segundo documental de una trilog\u00eda sobre el exilio republicano producido por la Fundaci\u00f3n Domingo Malag\u00f3n en colaboraci\u00f3n con Heracles Archaeology y con el patrocinio del Ministerio de la Presidencia y Relaciones con las Cortes y Memoria Democr\u00e1tica.<\/p>\n<p style=\"text-align:justify;\">\u201cContraluz\u201d muestra la odisea menos conocida de unos 15.000 espa\u00f1oles, en su mayor\u00eda hombres, pero tambi\u00e9n mujeres y ni\u00f1os que, en terribles condiciones, se vieron forzados a dejar atr\u00e1s sus vidas y emprender una aventura para la que ninguno se hab\u00eda preparado. El destino de la mayor\u00eda fue permanecer en los campos de internamiento y concentraci\u00f3n en zonas cercanas al desierto.<\/p>\n<p style=\"text-align:justify;\"><strong>La clausura<\/strong><\/p>\n<p style=\"text-align:justify;\">Recordari concluir\u00e1 el 8 de noviembre en Escena Miri\u00f1aque exhibiendo dos piezas de teatro documental: \u201cDe paseo\u201d, de la compa\u00f1\u00eda Ruido Interno y \u201cDesmemoria Tierra\u201d, de Qu\u00e1sar. La primera podr\u00e1 verse a las 19:00 horas y la segunda a las 20:00 horas. Media hora m\u00e1s tarde, a las 20:30, se clausurar\u00e1 la tercera edici\u00f3n de la mano de Jos\u00e9 Miguel Gast\u00f3n. Para asistir a estos espect\u00e1culos es necesario comprar entrada, a un precio de cinco euros, en la taquilla de Miri\u00f1aque (C\/Isaac Peral, 9).<\/p>\n<p style=\"text-align:justify;\">\u201cDe paseo\u201d. As\u00ed se llamaba popularmente al secuestro y asesinato en descampado, a cielo descubierto, tras los primeros meses del golpe. Los paseados eran sacados de su domicilio, del trabajo o de la c\u00e1rcel. El autor e int\u00e9rprete de esta pieza es Juan Carlos Fern\u00e1ndez Izquierdo.\u00a0<\/p>\n<p style=\"text-align:justify;\">En \u201cDesmemoria Tierra\u201d, creada e interpretada por M\u00f3nica Gonz\u00e1lez, la autora reflexiona \u201csobre los s\u00edmbolos vinculados a la dictadura que han existido y algunos que a\u00fan perduran en Santander. Su cementerio municipal, Ciriego, podr\u00eda llegar a tener los restos humanos de m\u00e1s de 1.000 fusilados bajo el r\u00e9gimen de Franco. Adem\u00e1s, fue una de las \u00faltimas ciudades espa\u00f1olas en eliminar la estatua ecuestre de Francisco Franco que dominaba la Plaza del Ayuntamiento y cuya retirada se produjo con motivo de las obras del aparcamiento subterr\u00e1neo\u201d, recuerda M\u00f3nica.<\/p>\n<p style=\"text-align:justify;\">*Este proyecto tambi\u00e9n es posible gracias a la colaboraci\u00f3n de la librer\u00eda Gil, Escena Miri\u00f1aque, la Universidad de Cantabria (UC) y la Filmoteca de Cantabria Mario Camus.<\/p>\n<p style=\"text-align:justify;\">*La entrada a la exposici\u00f3n y a las proyecciones es gratuita hasta completar aforo. Para asistir a las piezas de teatro documental es necesario adquirir entrada, a un precio de cinco euros, en la taquilla de Escena Miri\u00f1aque.\u00a0<\/p>\n<p style=\"text-align:justify;\">*Los detalles de la programaci\u00f3n en la Agenda Santander A\u00fana (<a href=\"http:\/\/www.santanderauna.com\" rel=\"nofollow noopener\" target=\"_blank\">www.santanderauna.com<\/a>)\u00a0<\/p>\n<p>*Dos fotograf\u00edas que podr\u00e1n verse en la exposici\u00f3n que propone Recordari. En una vemos a Josefina Lamberto Yoldi y en la otra a Concha Dieguez. Las fotos son de I\u00f1aki Porto.<\/p>\n","protected":false},"excerpt":{"rendered":"La tercera edici\u00f3n de Recordari no solo trata de rememorar el pasado; tambi\u00e9n busca construir puentes para que&hellip;\n","protected":false},"author":2,"featured_media":149508,"comment_status":"","ping_status":"","sticky":false,"template":"","format":"standard","meta":{"footnotes":""},"categories":[8],"tags":[17,18,25,24,13,14,11,19,20,9,10,15,16,23,12,21,22],"class_list":{"0":"post-149507","1":"post","2":"type-post","3":"status-publish","4":"format-standard","5":"has-post-thumbnail","7":"category-espana","8":"tag-breaking-news","9":"tag-breakingnews","10":"tag-es","11":"tag-espana","12":"tag-featured-news","13":"tag-featurednews","14":"tag-headlines","15":"tag-latest-news","16":"tag-latestnews","17":"tag-news","18":"tag-noticias","19":"tag-noticias-destacadas","20":"tag-noticiasdestacadas","21":"tag-spain","22":"tag-titulares","23":"tag-ultimas-noticias","24":"tag-ultimasnoticias"},"share_on_mastodon":{"url":"","error":""},"_links":{"self":[{"href":"https:\/\/www.europesays.com\/es\/wp-json\/wp\/v2\/posts\/149507","targetHints":{"allow":["GET"]}}],"collection":[{"href":"https:\/\/www.europesays.com\/es\/wp-json\/wp\/v2\/posts"}],"about":[{"href":"https:\/\/www.europesays.com\/es\/wp-json\/wp\/v2\/types\/post"}],"author":[{"embeddable":true,"href":"https:\/\/www.europesays.com\/es\/wp-json\/wp\/v2\/users\/2"}],"replies":[{"embeddable":true,"href":"https:\/\/www.europesays.com\/es\/wp-json\/wp\/v2\/comments?post=149507"}],"version-history":[{"count":0,"href":"https:\/\/www.europesays.com\/es\/wp-json\/wp\/v2\/posts\/149507\/revisions"}],"wp:featuredmedia":[{"embeddable":true,"href":"https:\/\/www.europesays.com\/es\/wp-json\/wp\/v2\/media\/149508"}],"wp:attachment":[{"href":"https:\/\/www.europesays.com\/es\/wp-json\/wp\/v2\/media?parent=149507"}],"wp:term":[{"taxonomy":"category","embeddable":true,"href":"https:\/\/www.europesays.com\/es\/wp-json\/wp\/v2\/categories?post=149507"},{"taxonomy":"post_tag","embeddable":true,"href":"https:\/\/www.europesays.com\/es\/wp-json\/wp\/v2\/tags?post=149507"}],"curies":[{"name":"wp","href":"https:\/\/api.w.org\/{rel}","templated":true}]}}