{"id":149509,"date":"2025-09-30T22:24:28","date_gmt":"2025-09-30T22:24:28","guid":{"rendered":"https:\/\/www.europesays.com\/es\/149509\/"},"modified":"2025-09-30T22:24:28","modified_gmt":"2025-09-30T22:24:28","slug":"la-alcaldesa-natalia-chueca-presenta-a-la-industria-audiovisual-el-ambicioso-proyecto-de-zaragoza-con-el-distrito-7-noticia-ayuntamiento-de-zaragoza","status":"publish","type":"post","link":"https:\/\/www.europesays.com\/es\/149509\/","title":{"rendered":"La alcaldesa Natalia Chueca presenta a la industria audiovisual el ambicioso proyecto de Zaragoza con el Distrito 7. Noticia. Ayuntamiento de Zaragoza"},"content":{"rendered":"<p>      Cuerpo de la noticia<\/p>\n<p>La alcaldesa de Zaragoza, Natalia Chueca, se ha reunido este martes con el sector audiovisual nacional e internacional para presentarles Giesa-Distrito 7, uno de los proyectos p\u00fablicos m\u00e1s innovadores de Espa\u00f1a para el sector audiovisual. El objetivo es crear un ecosistema integral para la creaci\u00f3n, formaci\u00f3n, producci\u00f3n y exhibici\u00f3n.<\/p>\n<p>La regidora ha explicado, durante su participaci\u00f3n en el foro Iberseries celebrado en Madrid, que Distrito 7 ser\u00e1 una ciudad dentro de la ciudad, con espacios de formaci\u00f3n profesional y universitaria, zonas de emprendimiento y coworking, viveros de empresas creativas, salas de exhibici\u00f3n y proyecci\u00f3n, as\u00ed como \u00e1reas para presentaciones, arte inmersivo, cafeter\u00eda y restauraci\u00f3n.<\/p>\n<p>Ubicado en una antigua f\u00e1brica tras 20 a\u00f1os de abandono, el complejo contar\u00e1 con una inversi\u00f3n de 18,4 millones de euros y dispondr\u00e1 de tres grandes plat\u00f3s indoor de entre 800 y 1.500 m\u00b2, con 10 metros de altura y preparados para rodajes de gran formato y producci\u00f3n virtual, adem\u00e1s de un backlot exterior. Uno de los plat\u00f3s tendr\u00e1 capacidad de convertirse en plat\u00f3 virtual en funci\u00f3n de la demanda.<\/p>\n<p>\u00abDistrito 7 no es solo un edificio, es un ecosistema completo al servicio de la industria audiovisual\u00bb, ha subrayado Natalia Chueca durante la presentaci\u00f3n. \u00abQueremos que Zaragoza est\u00e9 en el radar de los grandes productores y distribuidores, y que cuando piensen en rodar en Espa\u00f1a o en Europa, piensen en Zaragoza\u00bb, ha a\u00f1adido.<\/p>\n<p>La alcaldesa ha recordado, adem\u00e1s, el v\u00ednculo hist\u00f3rico de la ciudad con el cine: desde la primera pel\u00edcula del cine espa\u00f1ol rodada en 1897 en la Plaza del Pilar, hasta el talento contempor\u00e1neo de cineastas como Paula Ortiz, Pilar Palomero, Carlos Vermut o Nata Moreno. Solo en 2024, Zaragoza super\u00f3 los 200 rodajes, triplicando la cifra en dos a\u00f1os.<\/p>\n<p>Con m\u00e1s de 300 localizaciones \u00fanicas, un entorno empresarial din\u00e1mico, costes competitivos y una conectividad estrat\u00e9gica, Zaragoza se presenta como un nuevo polo de atracci\u00f3n para rodajes, producciones y talento creativo.<\/p>\n<p>\u00abEl cine y la televisi\u00f3n necesitan nuevos escenarios y Zaragoza est\u00e1 preparada para ser uno de ellos\u00bb, ha aseverado Natalia Chueca. \u00abDistrito 7 es nuestra apuesta por el futuro, la cultura y el talento\u00bb, adem\u00e1s de ser \u00abun revulsivo creador de vida en los barrios de San Jos\u00e9, Las Fuentes y Montemol\u00edn\u00bb.<\/p>\n<p>Para la puesta en marcha del Distrito 7 se constituy\u00f3 un comit\u00e9 t\u00e9cnico para evaluar las necesidades que, a su vez, se reuni\u00f3 con 22 agentes y expertos y que realiz\u00f3 una decena de visitas a estas instalaciones. El sector audiovisual es m\u00e1s del 1% del PIB de Arag\u00f3n y tiene un gran potencial.<\/p>\n<p>\u00a0<\/p>\n","protected":false},"excerpt":{"rendered":"Cuerpo de la noticia La alcaldesa de Zaragoza, Natalia Chueca, se ha reunido este martes con el sector&hellip;\n","protected":false},"author":2,"featured_media":149510,"comment_status":"","ping_status":"","sticky":false,"template":"","format":"standard","meta":{"footnotes":""},"categories":[5],"tags":[17,18,25,24,13,14,11,19,20,9,10,15,16,23,12,21,22],"class_list":{"0":"post-149509","1":"post","2":"type-post","3":"status-publish","4":"format-standard","5":"has-post-thumbnail","7":"category-titulares","8":"tag-breaking-news","9":"tag-breakingnews","10":"tag-es","11":"tag-espana","12":"tag-featured-news","13":"tag-featurednews","14":"tag-headlines","15":"tag-latest-news","16":"tag-latestnews","17":"tag-news","18":"tag-noticias","19":"tag-noticias-destacadas","20":"tag-noticiasdestacadas","21":"tag-spain","22":"tag-titulares","23":"tag-ultimas-noticias","24":"tag-ultimasnoticias"},"share_on_mastodon":{"url":"","error":""},"_links":{"self":[{"href":"https:\/\/www.europesays.com\/es\/wp-json\/wp\/v2\/posts\/149509","targetHints":{"allow":["GET"]}}],"collection":[{"href":"https:\/\/www.europesays.com\/es\/wp-json\/wp\/v2\/posts"}],"about":[{"href":"https:\/\/www.europesays.com\/es\/wp-json\/wp\/v2\/types\/post"}],"author":[{"embeddable":true,"href":"https:\/\/www.europesays.com\/es\/wp-json\/wp\/v2\/users\/2"}],"replies":[{"embeddable":true,"href":"https:\/\/www.europesays.com\/es\/wp-json\/wp\/v2\/comments?post=149509"}],"version-history":[{"count":0,"href":"https:\/\/www.europesays.com\/es\/wp-json\/wp\/v2\/posts\/149509\/revisions"}],"wp:featuredmedia":[{"embeddable":true,"href":"https:\/\/www.europesays.com\/es\/wp-json\/wp\/v2\/media\/149510"}],"wp:attachment":[{"href":"https:\/\/www.europesays.com\/es\/wp-json\/wp\/v2\/media?parent=149509"}],"wp:term":[{"taxonomy":"category","embeddable":true,"href":"https:\/\/www.europesays.com\/es\/wp-json\/wp\/v2\/categories?post=149509"},{"taxonomy":"post_tag","embeddable":true,"href":"https:\/\/www.europesays.com\/es\/wp-json\/wp\/v2\/tags?post=149509"}],"curies":[{"name":"wp","href":"https:\/\/api.w.org\/{rel}","templated":true}]}}