{"id":149517,"date":"2025-09-30T22:31:07","date_gmt":"2025-09-30T22:31:07","guid":{"rendered":"https:\/\/www.europesays.com\/es\/149517\/"},"modified":"2025-09-30T22:31:07","modified_gmt":"2025-09-30T22:31:07","slug":"los-pabellones-de-ifema-crecen-con-la-formula-1-una-zona-vip-panoramica-boxes-y-oficinas-permanentes-en-la-recta-de-meta-del-circuito-el-mundo","status":"publish","type":"post","link":"https:\/\/www.europesays.com\/es\/149517\/","title":{"rendered":"Los pabellones de Ifema &#039;crecen&#039; con la F\u00f3rmula 1: una zona VIP panor\u00e1mica, boxes y oficinas permanentes en la recta de meta del circuito &#8211; El Mundo"},"content":{"rendered":"<ol>\n<li><a href=\"https:\/\/news.google.com\/rss\/articles\/CBMiekFVX3lxTE5LZHJYRVBEYjBqbnNveEduQlBRU1o3N21UcnJSNUppamdTUUFGdXJpODM3TlBIX0x5ajZJSmYxMm1PVVExMXlaM3UydGgyd3FManRucW5WUnBnMlZZSmhnRVozSVhBTnVMRXRZeDlSSndKUUZScWNDa2tn0gF6QVVfeXFMUHk1QWlyWV9ocUhTejhJcjNneV9vUXprNnNBcjNSSVJieWxSclJHTzY4UUJad20teFlFNUE4RGMzMzBDVE1ueVBOSWJNZHlSUThySFBSOGRBSzBIYno5c3lNTW55SlZPb1RJbUU2d0Z6SG1abjNaN0N5VkE?oc=5\" target=\"_blank\" rel=\"nofollow noopener\">Los pabellones de Ifema &#8216;crecen&#8217; con la F\u00f3rmula 1: una zona VIP panor\u00e1mica, boxes y oficinas permanentes en la recta de meta del circuito<\/a>&nbsp;&nbsp;El Mundo<\/li>\n<li><a href=\"https:\/\/news.google.com\/rss\/articles\/CBMipwFBVV95cUxNMmU4Q09HREZsUlZxNWJtUWZySjFHM3p5Nnp3dTJSMlJXUWlKTURlNDdGREJYWVBYMW1aX0FlaHREQVl2bWVsZjRSbjJUendHdTZCVG80dU9STG5rLUEwYklFNzBjeGsxLU1EQlNMSVRjTFh2TkRLT3hkMVpneDlkX2VGY0xnTkYyNmlNTzNIUkV0c1BjWXB0dmYzYXVvZWxGUHNDLW9Na9IBpwFBVV95cUxOR0JaSFBwNV83NUdLRVJUMmJmUlN2VVJqWktwUkJfWmVTeU12VER6M2hHcjZPRm1PUmJEQldfdGFHX0RON1J3S3E5b25nVkRJNjBYTFN2b1Z5WGgzb3Z3VHpsWkwwOGlENTlsSVVmNEp3VGJ2WVBHVmpQZXZ3UGJoNjZaWUJ0Z2dFSGtVTkhYZHpIYUtiNjd5WjI4Ynd5VFFwdXZUTlhBaw?oc=5\" target=\"_blank\" rel=\"nofollow noopener\">As\u00ed ser\u00e1 el pit y tribuna de un MadRing que no deja de avanzar<\/a>&nbsp;&nbsp;MARCA<\/li>\n<li><a href=\"https:\/\/news.google.com\/rss\/articles\/CBMiwAFBVV95cUxOVE1TVkY5TVpESEZkbVFkZjFPTWczWjF0dTlSd2trZ0ZmQXVVSDQ1LUdoYmhTZm5YRmNxQ2FXandjcWNFWU1LOHNGejRRSW9xNVlmdHZ0dXZBVHlHSlZCQ1U3ZHpxWVhELTJVN250RFFGQnJkdjA4RzNCRVVCNjVpMmZHQWN5aFNoMUNzNGgyazF0ZEFoczdsdHh6SUFUbnBjQ3N1SEppYWRRUUJlVEVEdW1NaVp6dy1PZ21PeWcyZErSAcYBQVVfeXFMUGREWDRmbzgwcmF6ZjlEa2hVdjYwX0RHRVIyMmtxSjJSUkdHc1ByUDV3X1V6MFlHZUNKXzZFTFMtUktJSWU2dWtkWXoxUS0wZHozenVnZC1sV2VKSlllWlBoQkVSaFZCeVFmd2I1QUFWMmhFbE53WHNUbkhJaWJlanhETFNUblRTNE5yVlhwb3ltdGVKRUdkb21Wcm9iOGYwZXctWVVnOHFzU21fVVV3M3hNOVhHcG9XZEcwS19zNmVDenE4YzFB?oc=5\" target=\"_blank\" rel=\"nofollow noopener\">Eiffage ampliar\u00e1 por 68 millones el Ifema para integrarlo en el circuito de F\u00f3rmula 1<\/a>&nbsp;&nbsp;La Vanguardia<\/li>\n<li><a href=\"https:\/\/news.google.com\/rss\/articles\/CBMi2wFBVV95cUxQa196MklZaFZaaGlvdWtJTDZVbVFrNlV3WXdBd0hYMWo1VUpGcUtUVzBoVTZ2TXRBbmtNczhaWEFtbzhpX2pGWkJHa0N2NmViTTY0QlpUT29hT3BXOVBYLUd5dVlqekNtV1hnRXRuS09PZWNPcnhzUVRhbU1IejJWeGdhSEVOaTM1ZzJqc0hTcmI1RVVMakgxcm1JcEF0cFdnVkFIUW9ZeUs3LS0zSDVobmdkWmYxWjE2MmN2cTVSc1kya21yMzR0U25EeWM5M3lnZUdELXVDaVVOY0U?oc=5\" target=\"_blank\" rel=\"nofollow noopener\">Eiffage Construcci\u00f3n levantar\u00e1 el Pit Building del gran premio de F1 de Espa\u00f1a en Madrid<\/a>&nbsp;&nbsp;Cinco D\u00edas<\/li>\n<li><a href=\"https:\/\/news.google.com\/rss\/articles\/CBMiqAFBVV95cUxNNGhaNFNaR3h1b2U2d1VhQTR5LWpHblA0eXNfYkJTV3o2Y3hCSnM2R1ZRaXZqMnBBNmZ3dENRVkJpRWtIb0RocDdaMU9idnVqbWN6b2ZsYVJMVmRKU3k1NUd5T184TXRweEZPaFliNC0yeWFLU2pHNVRjZzFtSFBkQmpfMk83dzZnSmdmV2RzQkk3UHZRVEx6cTNubFJoUGI2U0ExMGIweVHSAa4BQVVfeXFMUEFYU29YQ3NKYy15YmpWMlptY3YzMWp3akcyR0VObFNORnNOSXl2b3VmVENhMXBTRmdCZk9UT2YxekZFc2tzbXE5dXVLOUJ0dk9nQTVaaWs2aWUzalJwbEIyZG83N0lWV01oVXo1d2NUcW8zdC1JRWJQQ0cwU0lac2ZuQWY1TzQ1R2ZfMkZEU1VCQmxOTHZTdU56d1g5VGpnQmZPQWNkQldGaUcxWkdR?oc=5\" target=\"_blank\" rel=\"nofollow noopener\">Madring sigue creciendo: As\u00ed lucir\u00e1 el edificio de boxes y la tribuna VIP<\/a>&nbsp;&nbsp;SoyMotor.com<\/li>\n<\/ol>\n","protected":false},"excerpt":{"rendered":"Los pabellones de Ifema &#8216;crecen&#8217; con la F\u00f3rmula 1: una zona VIP panor\u00e1mica, boxes y oficinas permanentes en&hellip;\n","protected":false},"author":2,"featured_media":149518,"comment_status":"","ping_status":"","sticky":false,"template":"","format":"standard","meta":{"footnotes":""},"categories":[270],"tags":[1467,168,25,24,306,271,272,3100,205,23,167],"class_list":{"0":"post-149517","1":"post","2":"type-post","3":"status-publish","4":"format-standard","5":"has-post-thumbnail","7":"category-formula-1","8":"tag-comunidad-de-madrid","9":"tag-deportes","10":"tag-es","11":"tag-espana","12":"tag-f1","13":"tag-formula-1","14":"tag-formula1","15":"tag-ifema","16":"tag-madrid","17":"tag-spain","18":"tag-sports"},"share_on_mastodon":{"url":"","error":""},"_links":{"self":[{"href":"https:\/\/www.europesays.com\/es\/wp-json\/wp\/v2\/posts\/149517","targetHints":{"allow":["GET"]}}],"collection":[{"href":"https:\/\/www.europesays.com\/es\/wp-json\/wp\/v2\/posts"}],"about":[{"href":"https:\/\/www.europesays.com\/es\/wp-json\/wp\/v2\/types\/post"}],"author":[{"embeddable":true,"href":"https:\/\/www.europesays.com\/es\/wp-json\/wp\/v2\/users\/2"}],"replies":[{"embeddable":true,"href":"https:\/\/www.europesays.com\/es\/wp-json\/wp\/v2\/comments?post=149517"}],"version-history":[{"count":0,"href":"https:\/\/www.europesays.com\/es\/wp-json\/wp\/v2\/posts\/149517\/revisions"}],"wp:featuredmedia":[{"embeddable":true,"href":"https:\/\/www.europesays.com\/es\/wp-json\/wp\/v2\/media\/149518"}],"wp:attachment":[{"href":"https:\/\/www.europesays.com\/es\/wp-json\/wp\/v2\/media?parent=149517"}],"wp:term":[{"taxonomy":"category","embeddable":true,"href":"https:\/\/www.europesays.com\/es\/wp-json\/wp\/v2\/categories?post=149517"},{"taxonomy":"post_tag","embeddable":true,"href":"https:\/\/www.europesays.com\/es\/wp-json\/wp\/v2\/tags?post=149517"}],"curies":[{"name":"wp","href":"https:\/\/api.w.org\/{rel}","templated":true}]}}