{"id":149519,"date":"2025-09-30T22:32:11","date_gmt":"2025-09-30T22:32:11","guid":{"rendered":"https:\/\/www.europesays.com\/es\/149519\/"},"modified":"2025-09-30T22:32:11","modified_gmt":"2025-09-30T22:32:11","slug":"joksimovic-hace-historia-y-se-convierte-en-el-baskonista-mas-joven-en-debutar-en-la-euroliga","status":"publish","type":"post","link":"https:\/\/www.europesays.com\/es\/149519\/","title":{"rendered":"Joksimovic hace historia y se convierte en el baskonista m\u00e1s joven en debutar en la Euroliga"},"content":{"rendered":"<p><img fetchpriority=\"high\" class=\"v-a-img\" src=\"https:\/\/www.europesays.com\/es\/wp-content\/uploads\/2025\/09\/joksi-U22017888824863cE-U2303233771667nZG-1200x840@El Correo.jpg\" loading=\"eager\" decoding=\"async\" alt=\"Joksimovic hace historia y se convierte en el baskonista m\u00e1s joven en debutar en la Euroliga\"  width=\"1200\" height=\"840\"\/><\/p>\n<p>Con todav\u00eda 16 a\u00f1os, la joya eslovena del Baskonia entra en los registros de honor del club vitoriano y supera a Stefan Ivanovic<\/p>\n<p><a class=\"v-mdl-ath__fig-a\" href=\"https:\/\/www.elcorreo.com\/autor\/ivan-benito-4702.html\" title=\"Iv\u00e1n Benito\" rel=\"nofollow noopener\" target=\"_blank\"><br \/>\n<img decoding=\"async\" class=\"v-mdl-ath__img\" src=\"https:\/\/www.europesays.com\/es\/wp-content\/uploads\/2025\/09\/1759052531_106_autor-4702-foto-1.jpeg\" alt=\"Iv\u00e1n Benito\"\/><br \/>\n<\/a><\/p>\n<p class=\"v-mdl-ath__p v-mdl-ath__p--6\">\nMartes, 30 de septiembre 2025, 21:36<\/p>\n<p>| Actualizado 21:56h.<\/p>\n<p class=\"v-p\">El r\u00e9cord de precocidad azulgrana pasa de un Stefan a otro. El 3 de diciembre de 2003 ante el Slask Wroclaw polaco, Ivanovic, el hijo de Dusko, debutaba con 17 a\u00f1os y 105 d\u00edas con la camiseta del Baskonia en la Euroliga. El 30 de septiembre de 2025, Joksimovic (2008) ha saltado tambi\u00e9n a la cancha del Buesa Arena con todav\u00eda 16 a\u00f1os. Imberbe, con sonrisa de jug\u00f3n y un f\u00edsico privilegiado el 16 de noviembre celebrar\u00e1 los 17. Casi 22 a\u00f1os despu\u00e9s, el joven esloveno entra en los registros hist\u00f3ricos del club y apunta a batir alguna marca m\u00e1s. <\/p>\n<p class=\"v-p\">A falta de 1 segundo para el final del primer cuarto, Galbiati daba entrada a la nueva joya del Baskonia. Su participaci\u00f3n se ha ce\u00f1ido a defender la jugada, pero no parece ser de cara a la galer\u00eda. El t\u00e9cnico italiano tiene fama de dar oportunidades a los j\u00f3venes, despu\u00e9s de casi 15 a\u00f1os entrenando en categor\u00edas formativas, y Joksimovic ya ha comenzado a mostrar un talento especial en la \u00e9lite. Sus partidos en Burgos y Valencia en la pretemporada, o el mate ante el Bilbao Basket en la Euskal Kopa son apenas unos chispazos de lo que ha mostrado con su selecci\u00f3n en los torneos sub-17 y sub-18.<\/p>\n<p class=\"v-p\">Su debut no estaba claro. Mientras muchos de sus compa\u00f1eros del filial hab\u00edan sido incluidos en la lista de jugadores azulgranas para la Euroliga, el esloveno fue inscrito a \u00faltima hora del lunes. Como si el club quisiera hacerle pasar desapercibido. Pero su desbordante talento no lo hace. Reclutado en enero de 2023, cumple su tercera temporada en el Baskonia, con lo que con el cambio de a\u00f1o comenzar\u00e1 a computar ya como cupo de formaci\u00f3n en la LIga ACB.<\/p>\n<p class=\"v-p\">Con apenas 11 segundos sobre el parqu\u00e9, Joksimovic es el s\u00e9ptimo esloveno en vestir la camiseta azulgrana. Antes lo hicieron Goran Dragic, Mirza Begic, Sasha Vujacic, Jaka Blazic, Zoran Dragic y Vit Hrabar, que ahora pasa a ser el tercero m\u00e1s joven en debutar con el Baskonia en la m\u00e1xima competici\u00f3n continental.<\/p>\n<p>Comenta<\/p>\n<p>Reporta un error<\/p>\n","protected":false},"excerpt":{"rendered":"Con todav\u00eda 16 a\u00f1os, la joya eslovena del Baskonia entra en los registros de honor del club vitoriano&hellip;\n","protected":false},"author":2,"featured_media":149520,"comment_status":"","ping_status":"","sticky":false,"template":"","format":"standard","meta":{"footnotes":""},"categories":[269],"tags":[299,298,8234,1438,9679,168,25,24,833,448,8235,1928,23,167],"class_list":{"0":"post-149519","1":"post","2":"type-post","3":"status-publish","4":"format-standard","5":"has-post-thumbnail","7":"category-baloncesto","8":"tag-baloncesto","9":"tag-basketball","10":"tag-baskonista","11":"tag-convierte","12":"tag-debutar","13":"tag-deportes","14":"tag-es","15":"tag-espana","16":"tag-euroliga","17":"tag-historia","18":"tag-joksimovic","19":"tag-joven","20":"tag-spain","21":"tag-sports"},"share_on_mastodon":{"url":"","error":""},"_links":{"self":[{"href":"https:\/\/www.europesays.com\/es\/wp-json\/wp\/v2\/posts\/149519","targetHints":{"allow":["GET"]}}],"collection":[{"href":"https:\/\/www.europesays.com\/es\/wp-json\/wp\/v2\/posts"}],"about":[{"href":"https:\/\/www.europesays.com\/es\/wp-json\/wp\/v2\/types\/post"}],"author":[{"embeddable":true,"href":"https:\/\/www.europesays.com\/es\/wp-json\/wp\/v2\/users\/2"}],"replies":[{"embeddable":true,"href":"https:\/\/www.europesays.com\/es\/wp-json\/wp\/v2\/comments?post=149519"}],"version-history":[{"count":0,"href":"https:\/\/www.europesays.com\/es\/wp-json\/wp\/v2\/posts\/149519\/revisions"}],"wp:featuredmedia":[{"embeddable":true,"href":"https:\/\/www.europesays.com\/es\/wp-json\/wp\/v2\/media\/149520"}],"wp:attachment":[{"href":"https:\/\/www.europesays.com\/es\/wp-json\/wp\/v2\/media?parent=149519"}],"wp:term":[{"taxonomy":"category","embeddable":true,"href":"https:\/\/www.europesays.com\/es\/wp-json\/wp\/v2\/categories?post=149519"},{"taxonomy":"post_tag","embeddable":true,"href":"https:\/\/www.europesays.com\/es\/wp-json\/wp\/v2\/tags?post=149519"}],"curies":[{"name":"wp","href":"https:\/\/api.w.org\/{rel}","templated":true}]}}