{"id":149521,"date":"2025-09-30T22:33:10","date_gmt":"2025-09-30T22:33:10","guid":{"rendered":"https:\/\/www.europesays.com\/es\/149521\/"},"modified":"2025-09-30T22:33:10","modified_gmt":"2025-09-30T22:33:10","slug":"soy-el-socio-9-000-del-betis","status":"publish","type":"post","link":"https:\/\/www.europesays.com\/es\/149521\/","title":{"rendered":"\u00abSoy el socio 9.000 del Betis\u00bb"},"content":{"rendered":"<p class=\"voc-p\" style=\"\">El <strong>Real Betis<\/strong> se enfrenta este jueves al <strong>Ludogorets<\/strong> en Bulgaria, donde disputar\u00e1 la segunda jornada de la fase de liga de la Europa League. En el equipo b\u00falgaro milita <strong>Son Hidalgo<\/strong>, exfutbolista del Levante. El lateral derecho sevillano, que ya se enfrent\u00f3 al cuadro de Heli\u00f3polis en varias ocasiones cuando jugaba en el equipo granota, ha valorado en Estadio Deportivo lo que supone el encuentro del pr\u00f3ximo jueves. <\/p>\n<p class=\"voc-p\" style=\"\">Son no ocult\u00f3 su beticismo e incluso confes\u00f3 que, a pesar de estar fuera de Sevilla, sigue siendo abonado del club verdiblanco: \u00ab<strong>Soy socio n\u00famero 9.000 del Betis y he ido al Benito Villamar\u00edn desde que tengo uso de raz\u00f3n<\/strong>. No soy un n\u00famero m\u00e1s bajo porque cuando estuve en la cantera no fui abonado\u00ab. Adem\u00e1s, reconoci\u00f3 que \u00bbes un partido especial para m\u00ed, el Betis es mi equipo de siempre y vendr\u00e1n diez familiares a verme\u00ab. <\/p>\n<p class=\"voc-p\" style=\"\"><strong>El Ludogorets logr\u00f3 clasificarse a la <strong>Europa League<\/strong> por segundo a\u00f1o consecutivo<\/strong>. A sabiendas que exist\u00eda la posibilidad de poder enfrentarse al club de sus amores, Son confes\u00f3 que \u00abcuando nos clasificamos y hab\u00eda una m\u00ednima posibilidad de que ocurriese, yo le dec\u00eda a mi familia y amigos que ten\u00eda el presentimiento de que nos iba a tocar jugar contra el Betis\u00bb. <\/p>\n<p class=\"voc-p\" style=\"\">El sevillano, que lleg\u00f3 a la disciplina del Levante en 2020 procedente de la Ponferradina, desvel\u00f3 que el director deportivo b\u00e9tico, <strong>Manu Fajardo,<\/strong> \u00abes muy buen amigo m\u00edo, <strong>me firm\u00f3 en su momento para el Levante<\/strong> y me dio la oportunidad de jugar en Primera\u00ab. Adem\u00e1s, Son coment\u00f3 que ha podido conversar con el propio director deportivo del <strong>Betis<\/strong>: \u00abMe pidi\u00f3 en broma que me metiera un gol en propia y yo le dije que se dejara de tonter\u00edas, que aunque soy b\u00e9tico, ahora me debo al Ludogorets. Una vez que termine el partido, que lo ganen absolutamente todo\u00bb, dijo el excanterano b\u00e9tico sobre la conversaci\u00f3n que tuvo con Manu Fajardo. <\/p>\n<p class=\"voc-p\" style=\"\">Por \u00faltimo, <strong>Son<\/strong> habl\u00f3 sobre el enfrentamiento de este jueves, que ser\u00e1 la primera vez que juegue contra el Betis en competici\u00f3n europea. \u00abMi debut contra el Betis fue en el Benito Villamar\u00edn, pero hab\u00eda COVID y las gradas estaban vac\u00edas. Un a\u00f1o despu\u00e9s me quit\u00e9 la espinita y ahora ya me puedo morir tranquilo por poder enfrentarme a mi equipo en competici\u00f3n europea\u00bb, zanj\u00f3 el futbolista del Ludogorets.<\/p>\n<p>Reportar un error<\/p>\n","protected":false},"excerpt":{"rendered":"El Real Betis se enfrenta este jueves al Ludogorets en Bulgaria, donde disputar\u00e1 la segunda jornada de la&hellip;\n","protected":false},"author":2,"featured_media":149522,"comment_status":"","ping_status":"","sticky":false,"template":"","format":"standard","meta":{"footnotes":""},"categories":[268],"tags":[6188,291,168,25,24,280,282,378,45568,281,6968,23,167],"class_list":{"0":"post-149521","1":"post","2":"type-post","3":"status-publish","4":"format-standard","5":"has-post-thumbnail","7":"category-futbol","8":"tag-6188","9":"tag-betis","10":"tag-deportes","11":"tag-es","12":"tag-espana","13":"tag-football","14":"tag-futbol","15":"tag-jugador","16":"tag-ludogorets","17":"tag-soccer","18":"tag-socio","19":"tag-spain","20":"tag-sports"},"share_on_mastodon":{"url":"","error":""},"_links":{"self":[{"href":"https:\/\/www.europesays.com\/es\/wp-json\/wp\/v2\/posts\/149521","targetHints":{"allow":["GET"]}}],"collection":[{"href":"https:\/\/www.europesays.com\/es\/wp-json\/wp\/v2\/posts"}],"about":[{"href":"https:\/\/www.europesays.com\/es\/wp-json\/wp\/v2\/types\/post"}],"author":[{"embeddable":true,"href":"https:\/\/www.europesays.com\/es\/wp-json\/wp\/v2\/users\/2"}],"replies":[{"embeddable":true,"href":"https:\/\/www.europesays.com\/es\/wp-json\/wp\/v2\/comments?post=149521"}],"version-history":[{"count":0,"href":"https:\/\/www.europesays.com\/es\/wp-json\/wp\/v2\/posts\/149521\/revisions"}],"wp:featuredmedia":[{"embeddable":true,"href":"https:\/\/www.europesays.com\/es\/wp-json\/wp\/v2\/media\/149522"}],"wp:attachment":[{"href":"https:\/\/www.europesays.com\/es\/wp-json\/wp\/v2\/media?parent=149521"}],"wp:term":[{"taxonomy":"category","embeddable":true,"href":"https:\/\/www.europesays.com\/es\/wp-json\/wp\/v2\/categories?post=149521"},{"taxonomy":"post_tag","embeddable":true,"href":"https:\/\/www.europesays.com\/es\/wp-json\/wp\/v2\/tags?post=149521"}],"curies":[{"name":"wp","href":"https:\/\/api.w.org\/{rel}","templated":true}]}}