{"id":149523,"date":"2025-09-30T22:34:11","date_gmt":"2025-09-30T22:34:11","guid":{"rendered":"https:\/\/www.europesays.com\/es\/149523\/"},"modified":"2025-09-30T22:34:11","modified_gmt":"2025-09-30T22:34:11","slug":"anna-kournikova","status":"publish","type":"post","link":"https:\/\/www.europesays.com\/es\/149523\/","title":{"rendered":"Anna Kournikova"},"content":{"rendered":"<p id=\"eCl8dV2vgg\" data-wc=\"130\">Tal y como adelant\u00f3 \u00a1HOLA! el pasado agosto, <strong>Anna Kournikova y Enrique Iglesias est\u00e1n contando las semanas para dar la bienvenida a su cuarto hijo<\/strong>, fruto de una preciosa historia de amor que est\u00e1 a punto de celebrar su 25 aniversario. Este nuevo beb\u00e9 se convertir\u00e1, sin duda, en el mejor regalo para sus tres hermanos <a class=\"hm-link ho-link\" href=\"https:\/\/www.hola.com\/actualidad\/20250712842786\/anna-kournikova-mujer-enrique-iglesias-tarde-compras-sus-hijas-miami\/\" data-mrf-recirculation=\"article-body-link\" rel=\"nofollow noopener\" target=\"_blank\">\u2014los mellizos Nicholas y Lucy (7 a\u00f1os) y la peque\u00f1a Mary (5 a\u00f1os)<\/a>\u2014. Aunque el cantante y la extenista siguen tan fieles a la discreci\u00f3n como siempre, en los \u00faltimos d\u00edas hemos podido ver a la futura mam\u00e1<a class=\"hm-link ho-link\" href=\"https:\/\/www.hola.com\/actualidad\/20250929857320\/primeras-fotos-anna-kournikova-mujer-enrique-iglesias-presumiendo-embarazo\/\" rel=\"noopener nofollow\" target=\"_blank\" data-mrf-recirculation=\"article-body-link\">\u00a0presumiendo de barriguita por las calles de Miami<\/a>, donde establecieron su residencia hace a\u00f1os. Estas im\u00e1genes nos han permitido apreciar las nuevas curvas de Anna, as\u00ed como descubrir su &#8216;uniforme&#8217; preferido para el d\u00eda a d\u00eda.<\/p>\n<p> <img src=\"https:\/\/www.europesays.com\/es\/wp-content\/uploads\/2025\/09\/1759271648_330_efc5b3895b2d-8fd74cf11ee3-img4941-1.jpg\"   width=\"1024\" height=\"889\" loading=\"lazy\" decoding=\"async\" alt=\"Anna Kournikova con su hijo\" fetchpriority=\"auto\" class=\"image ho-image\"\/>\u00a9 305pix<\/p>\n<p id=\"e47VZBCPo6\" data-wc=\"99\">Con tres hijos y un cuarto en camino, lo principal a la hora de vestirse es, sin duda, la comodidad. Sin embargo, eso no significa, en absoluto, descuidar tu imagen, y Anna lo demuestra a la perfecci\u00f3n. Muy <strong>en sinton\u00eda con la tendencia athleisure\u00a0que arrasa en Estados Unidos<\/strong>, esa que dicta que los leggins, las sudaderas y dem\u00e1s ropa deportiva no tiene que estar reservada \u00fanicamente para hacer deporte, hace unos d\u00edas sali\u00f3 a hacer la compra junto a Nicholas con un estilismo total black al que aport\u00f3 un toque especial gracias a los complementos y al peinado.<\/p>\n<p> <img src=\"https:\/\/www.europesays.com\/es\/wp-content\/uploads\/2025\/09\/0ba7e0fd8f91-img4959.jpg\"   width=\"1080\" height=\"1800\" loading=\"lazy\" decoding=\"async\" alt=\"Anna Kournikova embarazada de su cuarto hijo\" fetchpriority=\"auto\" class=\"image ho-image\"\/>\u00a9 305pix<\/p>\n<p id=\"ejX4ap73F_\" data-wc=\"76\">Escogi\u00f3<strong>\u00a0unas mallas negras, b\u00e1sico imprescindible en cualquier armario premam\u00e1<\/strong>, y las combin\u00f3 con una sudadera de Nike a juego, as\u00ed como calcetines grises por fuera, unos zuecos de Crocs y gafas de sol oscuras. En cuanto a las joyas, complet\u00f3 con dos collares, uno de oro y otro brillante, varias pulseras, entre las que destacaba el brazalete Love\u00a0de Cartier \u2014modelo que tambi\u00e9n tienen Meghan Markle, Beatrice Borromeo, Mary de Dinamarca\u2014, y pendientes de diamantes.<\/p>\n<p> <img src=\"https:\/\/www.europesays.com\/es\/wp-content\/uploads\/2025\/09\/b0a56e3225e0-img4929.jpg\"   width=\"1080\" height=\"1800\" loading=\"lazy\" decoding=\"async\" alt=\"Anna Kournikova\" fetchpriority=\"auto\" class=\"image ho-image\"\/>\u00a9 305pix<br \/>\nUn peinado nost\u00e1lgico<\/p>\n<p id=\"eWXVNXEFA-\" data-wc=\"78\">M\u00e1s all\u00e1 de la ropa, destac\u00f3 su peinado, puesto que ha recogido <strong>su caracter\u00edstica melena rubia en una coleta muy ochentera<\/strong>. Esta opci\u00f3n resulta, sin duda, muy c\u00f3moda e ideal para el d\u00eda a d\u00eda, ya que despeja su rostro, pero tambi\u00e9n aporta un aire diferente e, incluso, vintage. Al elevar la coleta hasta la altura de la coronilla y ladearla, consigue recordarnos a los iconos de moda de los 80, que tanto adoraban este tipo de look.<\/p>\n<p> <img src=\"https:\/\/www.europesays.com\/es\/wp-content\/uploads\/2025\/09\/e81fc24c72cf-img4934.jpg\"   width=\"870\" height=\"1024\" loading=\"lazy\" decoding=\"async\" alt=\"Media Image\" fetchpriority=\"auto\" class=\"image ho-image\"\/>\u00a9 305pix<\/p>\n<p id=\"eftSYLFBTwe\" data-wc=\"139\">Madonna, Blondie, Jane Fonda&#8230; No hubo icono de aquella d\u00e9cada que no sucumbiera a este peinado, siempre evitando el acabado pulido y optando por dejar la melena con volumen y mucho movimiento, como ha hecho Anna ahora. Adem\u00e1s, para potenciar ese efecto ca\u00f1ero eligi\u00f3 <strong>un coletero muy nost\u00e1lgico, el\u00a0<\/strong><strong>scrunchie<\/strong>. Este tipo de goma se caracteriza por estar recubierta de tela, generalmente suave y vistosa, y es m\u00e1s beneficioso para el cabello porque reduce la rotura del cabello. En las d\u00e9cadas de los 80 y 90 se convirtieron en el accesorio m\u00e1s buscado por todas las mujeres, desde actrices hasta estrellas de la m\u00fasica, el cine o, incluso royals, que los luc\u00edan constantemente en diferentes tejidos, acabados y colores. Aunque por aquel entonces triunfaban los m\u00e1s llamativos, Anna prefiri\u00f3 llevarlo en negro, a juego con el resto del look.<\/p>\n<p> <img src=\"https:\/\/www.europesays.com\/es\/wp-content\/uploads\/2025\/09\/f17e481f129a-4be652dbd6c4ee15b0e0563f89138c85305k0rnylo2.jpg\"   width=\"1080\" height=\"1800\" loading=\"lazy\" decoding=\"async\" alt=\"Gran Sorpresa en la familia Iglesias Enrique y Anna Kournikova  esperan su cuarto HIJO\" fetchpriority=\"auto\" class=\"image ho-image\"\/>\u00a9 305pix<\/p>\n<p id=\"eeeuX1aUmU\" data-wc=\"97\">Curiosamente, con este mismo accesorio remat\u00f3 una coleta similar a la citada el pasado agosto en <a class=\"hm-link ho-link\" href=\"https:\/\/www.hola.com\/actualidad\/20250828852182\/anna-kournikova-primeras-imagenes-embarazada-cuarto-hijo\/\" rel=\"noopener nofollow\" target=\"_blank\" data-mrf-recirculation=\"article-body-link\">las primeras im\u00e1genes que se tomaron de la extenista tras conocerse la noticia de su cuarto embarazo<\/a> y que \u00a1HOLA! public\u00f3 en exclusiva. Entonces, tambi\u00e9n opt\u00f3 por un conjunto deportivo en tonos neutros, combinando blanco y negro, y, asimismo, prefiri\u00f3 recoger su cabello para mayor comodidad. Estas dos no son las \u00fanicas veces en las que hemos visto a Anna con estilismos similares, por lo que parece ser su &#8216;uniforme&#8217; preferido para ir c\u00f3moda y guapa en el d\u00eda a d\u00eda.<\/p>\n","protected":false},"excerpt":{"rendered":"Tal y como adelant\u00f3 \u00a1HOLA! el pasado agosto, Anna Kournikova y Enrique Iglesias est\u00e1n contando las semanas para&hellip;\n","protected":false},"author":2,"featured_media":149524,"comment_status":"","ping_status":"","sticky":false,"template":"","format":"standard","meta":{"footnotes":""},"categories":[174],"tags":[3900,29466,3451,255,146,147,25,24,256,23],"class_list":{"0":"post-149523","1":"post","2":"type-post","3":"status-publish","4":"format-standard","5":"has-post-thumbnail","7":"category-famosos","8":"tag-hola","9":"tag-anna-kournikova","10":"tag-belleza","11":"tag-celebrities","12":"tag-entertainment","13":"tag-entretenimiento","14":"tag-es","15":"tag-espana","16":"tag-famosos","17":"tag-spain"},"share_on_mastodon":{"url":"","error":""},"_links":{"self":[{"href":"https:\/\/www.europesays.com\/es\/wp-json\/wp\/v2\/posts\/149523","targetHints":{"allow":["GET"]}}],"collection":[{"href":"https:\/\/www.europesays.com\/es\/wp-json\/wp\/v2\/posts"}],"about":[{"href":"https:\/\/www.europesays.com\/es\/wp-json\/wp\/v2\/types\/post"}],"author":[{"embeddable":true,"href":"https:\/\/www.europesays.com\/es\/wp-json\/wp\/v2\/users\/2"}],"replies":[{"embeddable":true,"href":"https:\/\/www.europesays.com\/es\/wp-json\/wp\/v2\/comments?post=149523"}],"version-history":[{"count":0,"href":"https:\/\/www.europesays.com\/es\/wp-json\/wp\/v2\/posts\/149523\/revisions"}],"wp:featuredmedia":[{"embeddable":true,"href":"https:\/\/www.europesays.com\/es\/wp-json\/wp\/v2\/media\/149524"}],"wp:attachment":[{"href":"https:\/\/www.europesays.com\/es\/wp-json\/wp\/v2\/media?parent=149523"}],"wp:term":[{"taxonomy":"category","embeddable":true,"href":"https:\/\/www.europesays.com\/es\/wp-json\/wp\/v2\/categories?post=149523"},{"taxonomy":"post_tag","embeddable":true,"href":"https:\/\/www.europesays.com\/es\/wp-json\/wp\/v2\/tags?post=149523"}],"curies":[{"name":"wp","href":"https:\/\/api.w.org\/{rel}","templated":true}]}}