{"id":149525,"date":"2025-09-30T22:36:09","date_gmt":"2025-09-30T22:36:09","guid":{"rendered":"https:\/\/www.europesays.com\/es\/149525\/"},"modified":"2025-09-30T22:36:09","modified_gmt":"2025-09-30T22:36:09","slug":"leer-te-hace-peor-por-javier-melero","status":"publish","type":"post","link":"https:\/\/www.europesays.com\/es\/149525\/","title":{"rendered":"Leer te hace peor, por Javier Melero"},"content":{"rendered":"<p data-gtm-element-container=\"modulo-texto-link\" class=\"paragraph\">Mar\u00eda Pombo mostr\u00f3 sus estanter\u00edas vac\u00edas como quien ense\u00f1a un armario sin ropa, un gesto casi asc\u00e9tico en tiempos de obscena saturaci\u00f3n. Y dijo, con la serenidad de quien sabe que las pretensiones intelectuales no le van a dar un euro: \u201cLeer no te hace mejor\u201d. La frase se esparci\u00f3 por las redes como una herej\u00eda, pero en realidad ten\u00eda algo de obviedad y de revelaci\u00f3n. Porque es posible que Pombo tenga raz\u00f3n. A\u00fan m\u00e1s, es posible que leer, lejos de mejorar a nadie, solo lo empeore.<\/p>\n<p data-gtm-element-container=\"modulo-texto-link\" class=\"paragraph\">No hablo de casos patol\u00f3gicos como los de Hitler y Stalin, que siempre se sacan del caj\u00f3n cuando conviene. Aunque hay que reconocer que sus bibliotecas se han analizado con morbosa curiosidad. Stalin era un lector de calidad que frecuentaba la historia y la gran literatura. Hitler, como explica Timothy Ryback en La biblioteca del gran dictador, era capaz de leer varios libros al d\u00eda, aunque lo que predominaba en sus estantes eran los panfletos racistas, las novelas del Oeste y varias ediciones de lujo de Mein Kampf. <\/p>\n<p>                <img loading=\"lazy\" decoding=\"async\" data-full-src=\"https:\/\/www.lavanguardia.com\/uploads\/2025\/09\/30\/68db91d4cbdd6.jpeg\" alt=\"Una fam\u00edlia compra llibres en una de les casetes de la Setmana\" width=\"449\" height=\"337\" src=\"https:\/\/www.europesays.com\/es\/wp-content\/uploads\/2025\/09\/68db91d4cbdd6.jpeg\" class=\"lazy\"\/><\/p>\n<p class=\"caption-title \">\u00a0\u00a0<\/p>\n<p>                    Pau Cortina \/ ACN<\/p>\n<p data-gtm-element-container=\"modulo-texto-link\" class=\"paragraph\">Podemos descartar que esas lecturas los mejoraran en algo. Si acaso pudieron servir para reafirmarlos en sus respectivas perversiones: para que ambos afinaran su crueldad y, en el caso de Hitler, su estupidez. Si tom\u00e1ramos solo esos dos ejemplos, tendr\u00edamos que dejar de lado la vieja creencia ilustrada, de Montaigne a Agatha Christie, de que leer redime, educa y mejora el car\u00e1cter.<\/p>\n<p data-gtm-element-container=\"modulo-texto-link\" class=\"paragraph\">Pero no hace falta ir a esos extremos. F\u00edjense en la lista de los libros m\u00e1s vendidos y no me digan que no dan ganas de enviarle un like a la se\u00f1ora Pombo. Predominan los novelones hist\u00f3ricos, casi siempre escritos por gente que sale en televisi\u00f3n. Y que, por cierto, no entiendo de d\u00f3nde sacan el tiempo para escribir tales mamotretos. Junto a ellos, obras de inter\u00e9s inexplicable muy celebradas el d\u00eda del Libro: las recetas de cocina de alg\u00fan pol\u00edtico (las de Pedro S\u00e1nchez ser\u00edan, sin duda, un superventas), las memorias de futbolistas (siempre tan amenos y elocuentes) o las de se\u00f1oras poco originales que mantuvieron relaciones sexuales con el em\u00e9rito.<\/p>\n<p data-gtm-element-container=\"modulo-texto-link\" class=\"paragraph\">Y, por encima de todos, los libros de autoayuda, esos manuales que prometen la felicidad a cambio de desayunar tofu, respirar profundamente y recitar frases de Paulo Coelho como si fueran mantras. \u00bfQu\u00e9 virtud secreta podr\u00eda sacar nadie de semejante men\u00fa?<\/p>\n<p>Los espa\u00f1oles mienten en las encuestas sobre lectura por temor a ser tachados de necios<\/p>\n<p data-gtm-element-container=\"modulo-texto-link\" class=\"paragraph\">Observen el surtido que puebla nuestras librer\u00edas, r\u00edan y \u00e9chense a temblar: Mindfulness para gente impaciente, Yoga para triunfadores de oficina, C\u00f3mo vender tu vida en Instagram, Supera tu ansiedad mientras limpias el polvo o El arte de   ser mediocre con estilo. <\/p>\n<p data-gtm-element-container=\"modulo-texto-link\" class=\"paragraph\">Afortunadamente, y por mucho que sean esos los libros que se venden, los espa\u00f1oles tienen el buen criterio de no leerlos. Lo que ocurre es que mienten en las encuestas por temor a ser tachados de necios, o porque no son capaces de renegar de uno de los pocos s\u00edmbolos de estatus que les quedan a las clases medias. Hacer ver que se lee es lo \u00fanico que permite que a alguien que gana la mitad que un fontanero (y con eso no quiero decir que los fontaneros no lean: tal vez sean los \u00fanicos que lo hacen) ni se le pase por la cabeza incluirse en la clase trabajadora. As\u00ed nos aferramos a esa fam\u00e9lica legi\u00f3n white collar, diciendo que hemos le\u00eddo a Dan Brown, lo que no deja de ser diab\u00f3lico.<\/p>\n<p>        Lee tambi\u00e9n<\/p>\n<p>    Javier Melero<\/p>\n<p>             <img loading=\"lazy\" decoding=\"async\" data-full-src=\"https:\/\/www.lavanguardia.com\/uploads\/2025\/09\/16\/68c971f1d62a0.jpeg\" alt=\"foto XAVIER CERVERA 18\/03\/2017 los badulakes pakistanies en barcelona, nacieron y empezaron a establecerse en el barrio del Raval, pero hoy en dia no son territorio exclusivo del distrito 01 ,estan en todos los distritos de la ciudad, por todo el eixample, y llegan a la zona alta, como el de avinguda sarria con avinguda diagonal (lado mar), en la imagen abren -la mayoria- las 24 horas del dia\" width=\"104\" height=\"108\" src=\"https:\/\/www.europesays.com\/es\/wp-content\/uploads\/2025\/09\/68c971f1d62a0.r_d.1427-2391.jpeg\" class=\"lazy\"\/><\/p>\n<p data-gtm-element-container=\"modulo-texto-link\" class=\"paragraph\">Es verdad que, a veces, leer proporciona alg\u00fan placer, pero muy breve. Y adem\u00e1s, la posici\u00f3n es muy c\u00f3moda. Tras devorar La conjura de los necios empec\u00e9 a apreciar la comida basura y a considerar las duchas un h\u00e1bito muy sobrevalorado. El Ulises de Joyce me hizo entender por qu\u00e9 los irlandeses no salen de los pubs y re\u00ed mucho con En busca del tiempo perdido, aunque por razones que no ser\u00edan muy del gusto del autor. Al tiempo, Cincuenta sombras de Grey hizo que a\u00f1orara la elegancia de El verde empieza en los Pirineos, Las bingueras y otras maravillas del cine de destape.<\/p>\n<p data-gtm-element-container=\"modulo-texto-link\" class=\"paragraph\">Pombo, quiz\u00e1 sin propon\u00e9rselo, como el burro flautista, ha se\u00f1alado algo profundo: leer\u00ad no mejora. L\u00e1stima que se haya quedado corta. Leer seg\u00fan qu\u00e9 nos vuelve m\u00e1s pedantes, m\u00e1s insoportables, m\u00e1s propensos a esas cenas donde se cita un libro que nadie ley\u00f3 para aplastar a un cu\u00f1ado que nunca lo leer\u00e1. Esa ser\u00eda la utilidad de la lectura, una crueldad mentirosa con coartada pseudocultural. Algo que nos permite creer por un instante que somos mejores, y luego colgar una foto en Instagram. Aunque tambi\u00e9n es posible que Pombo solo estuviera dando consejos de decoraci\u00f3n para el hogar. Vayan ustedes a saber.<\/p>\n","protected":false},"excerpt":{"rendered":"Mar\u00eda Pombo mostr\u00f3 sus estanter\u00edas vac\u00edas como quien ense\u00f1a un armario sin ropa, un gesto casi asc\u00e9tico en&hellip;\n","protected":false},"author":2,"featured_media":149526,"comment_status":"","ping_status":"","sticky":false,"template":"","format":"standard","meta":{"footnotes":""},"categories":[172],"tags":[224,146,147,25,24,225,23],"class_list":{"0":"post-149525","1":"post","2":"type-post","3":"status-publish","4":"format-standard","5":"has-post-thumbnail","7":"category-libros","8":"tag-books","9":"tag-entertainment","10":"tag-entretenimiento","11":"tag-es","12":"tag-espana","13":"tag-libros","14":"tag-spain"},"share_on_mastodon":{"url":"","error":""},"_links":{"self":[{"href":"https:\/\/www.europesays.com\/es\/wp-json\/wp\/v2\/posts\/149525","targetHints":{"allow":["GET"]}}],"collection":[{"href":"https:\/\/www.europesays.com\/es\/wp-json\/wp\/v2\/posts"}],"about":[{"href":"https:\/\/www.europesays.com\/es\/wp-json\/wp\/v2\/types\/post"}],"author":[{"embeddable":true,"href":"https:\/\/www.europesays.com\/es\/wp-json\/wp\/v2\/users\/2"}],"replies":[{"embeddable":true,"href":"https:\/\/www.europesays.com\/es\/wp-json\/wp\/v2\/comments?post=149525"}],"version-history":[{"count":0,"href":"https:\/\/www.europesays.com\/es\/wp-json\/wp\/v2\/posts\/149525\/revisions"}],"wp:featuredmedia":[{"embeddable":true,"href":"https:\/\/www.europesays.com\/es\/wp-json\/wp\/v2\/media\/149526"}],"wp:attachment":[{"href":"https:\/\/www.europesays.com\/es\/wp-json\/wp\/v2\/media?parent=149525"}],"wp:term":[{"taxonomy":"category","embeddable":true,"href":"https:\/\/www.europesays.com\/es\/wp-json\/wp\/v2\/categories?post=149525"},{"taxonomy":"post_tag","embeddable":true,"href":"https:\/\/www.europesays.com\/es\/wp-json\/wp\/v2\/tags?post=149525"}],"curies":[{"name":"wp","href":"https:\/\/api.w.org\/{rel}","templated":true}]}}