{"id":149540,"date":"2025-09-30T22:46:09","date_gmt":"2025-09-30T22:46:09","guid":{"rendered":"https:\/\/www.europesays.com\/es\/149540\/"},"modified":"2025-09-30T22:46:09","modified_gmt":"2025-09-30T22:46:09","slug":"la-asistente-de-begona-gomez-recurre-la-decision-del-juez-de-llevarla-ante-un-jurado-popular-tribunales","status":"publish","type":"post","link":"https:\/\/www.europesays.com\/es\/149540\/","title":{"rendered":"La asistente de Bego\u00f1a G\u00f3mez recurre la decisi\u00f3n del juez de llevarla ante un jurado popular | Tribunales"},"content":{"rendered":"<p class=\"loc\">Madrid<\/p>\n<p>La <a href=\"https:\/\/cadenaser.com\/nacional\/2025\/09\/29\/el-fiscal-asegura-que-la-asesora-de-begona-gomez-ha-cumplido-ininterrumpidamente-las-funciones-que-tiene-encomendadas-cadena-ser\/\" target=\"_blank\" rel=\"nofollow noopener\" title=\"https:\/\/cadenaser.com\/nacional\/2025\/09\/29\/el-fiscal-asegura-que-la-asesora-de-begona-gomez-ha-cumplido-ininterrumpidamente-las-funciones-que-tiene-encomendadas-cadena-ser\/\">asistente de Bego\u00f1a G\u00f3mez<\/a> ha presentado recurso directo de apelaci\u00f3n contra la decisi\u00f3n del juez Peinado de transformar a la ley del jurado la pieza separada que abri\u00f3 por un presunto delito de malversaci\u00f3n. Dice el escrito que Cristina \u00c1lvarez no cometi\u00f3 delito y vuelve a acusar al instructor de \u00abmutilar\u00bb las resoluciones de la Audiencia de Madrid que el pasado mes de junio dijo que hab\u00eda que investigar este delito, pero que la asistente nunca pod\u00eda haberlo cometido. <\/p>\n<p>M\u00e1s informaci\u00f3n<\/p>\n<p>\u00abDe nuevo\u00bb, subraya la defensa de \u00c1lvarez \u00aby como ya ocurri\u00f3 hasta tres veces en relaci\u00f3n con la inclusi\u00f3n de Air Europa en el per\u00edmetro de la investigaci\u00f3n, el Juzgado vuelve a ignorar el criterio de la Superioridad, llegando esta vez incluso a mutilar un Auto de la Audiencia Provincial, que transcribe parcialmente y de manera descontextualizada para disimular su rebeld\u00eda\u00bb.<\/p>\n<p>La defensa de la asistente reprocha tambi\u00e9n al instructor que haya rechazado imputarla los delitos de tr\u00e1fico de influencias y de malversaci\u00f3n para despu\u00e9s de corregirse a s\u00ed mismo:Estamos, ante la instrucci\u00f3n en la que los mismos hechos son o no constitutivos de delito seg\u00fan el d\u00eda de la semana en que nos encontremos\u00bb.<\/p>\n","protected":false},"excerpt":{"rendered":"Madrid La asistente de Bego\u00f1a G\u00f3mez ha presentado recurso directo de apelaci\u00f3n contra la decisi\u00f3n del juez Peinado&hellip;\n","protected":false},"author":2,"featured_media":56942,"comment_status":"","ping_status":"","sticky":false,"template":"","format":"standard","meta":{"footnotes":""},"categories":[8],"tags":[17,18,25,24,13,14,11,19,20,9,10,15,16,23,12,21,22],"class_list":{"0":"post-149540","1":"post","2":"type-post","3":"status-publish","4":"format-standard","5":"has-post-thumbnail","7":"category-espana","8":"tag-breaking-news","9":"tag-breakingnews","10":"tag-es","11":"tag-espana","12":"tag-featured-news","13":"tag-featurednews","14":"tag-headlines","15":"tag-latest-news","16":"tag-latestnews","17":"tag-news","18":"tag-noticias","19":"tag-noticias-destacadas","20":"tag-noticiasdestacadas","21":"tag-spain","22":"tag-titulares","23":"tag-ultimas-noticias","24":"tag-ultimasnoticias"},"share_on_mastodon":{"url":"","error":""},"_links":{"self":[{"href":"https:\/\/www.europesays.com\/es\/wp-json\/wp\/v2\/posts\/149540","targetHints":{"allow":["GET"]}}],"collection":[{"href":"https:\/\/www.europesays.com\/es\/wp-json\/wp\/v2\/posts"}],"about":[{"href":"https:\/\/www.europesays.com\/es\/wp-json\/wp\/v2\/types\/post"}],"author":[{"embeddable":true,"href":"https:\/\/www.europesays.com\/es\/wp-json\/wp\/v2\/users\/2"}],"replies":[{"embeddable":true,"href":"https:\/\/www.europesays.com\/es\/wp-json\/wp\/v2\/comments?post=149540"}],"version-history":[{"count":0,"href":"https:\/\/www.europesays.com\/es\/wp-json\/wp\/v2\/posts\/149540\/revisions"}],"wp:featuredmedia":[{"embeddable":true,"href":"https:\/\/www.europesays.com\/es\/wp-json\/wp\/v2\/media\/56942"}],"wp:attachment":[{"href":"https:\/\/www.europesays.com\/es\/wp-json\/wp\/v2\/media?parent=149540"}],"wp:term":[{"taxonomy":"category","embeddable":true,"href":"https:\/\/www.europesays.com\/es\/wp-json\/wp\/v2\/categories?post=149540"},{"taxonomy":"post_tag","embeddable":true,"href":"https:\/\/www.europesays.com\/es\/wp-json\/wp\/v2\/tags?post=149540"}],"curies":[{"name":"wp","href":"https:\/\/api.w.org\/{rel}","templated":true}]}}