{"id":149566,"date":"2025-09-30T23:06:09","date_gmt":"2025-09-30T23:06:09","guid":{"rendered":"https:\/\/www.europesays.com\/es\/149566\/"},"modified":"2025-09-30T23:06:09","modified_gmt":"2025-09-30T23:06:09","slug":"la-nasa-detecta-una-anomalia-en-una-parte-del-planeta-lleva-pasando-desde-2020","status":"publish","type":"post","link":"https:\/\/www.europesays.com\/es\/149566\/","title":{"rendered":"La NASA detecta una anomal\u00eda en una parte del planeta: lleva pasando desde 2020"},"content":{"rendered":"<p class=\"description\"><b>Oferta especial<\/b>: Suscr\u00edbete por solo 1\u20ac al mes a la revista National Geographic. <b>-76% de descuento. \u00a1\u00daltimos d\u00edas!<\/b><\/p>\n<p class=\"description\"><b>\u00a1NOVEDAD!<\/b> Ya disponible la edici\u00f3n especial <b>El cerebro infantil<\/b> de la colecci\u00f3n Los Secretos del Cerebro de National Geographic.<\/p>\n<p dir=\"ltr\" id=\"docs-internal-guid-8e6c51bb-7fff-acfe-3263-81fa53aef5ec\">Durante millones de a\u00f1os, la Tierra ha mantenido una sutil danza de equilibrios, un vaiv\u00e9n de energ\u00edas entre el norte y el sur, entre el calor absorbido y el que se devuelve al espacio.\u00a0<\/p>\n<p dir=\"ltr\">Sin embargo, datos recientes obtenidos por la NASA mediante observaciones satelitales sugieren que algo est\u00e1 cambiando profundamente. Desde el a\u00f1o 2000, y con mayor claridad desde 2020, <strong>el hemisferio norte del planeta est\u00e1 absorbiendo m\u00e1s radiaci\u00f3n solar de la que emite<\/strong>, en contraste con el hemisferio sur, que mantiene una tendencia m\u00e1s estable.\u00a0<\/p>\n<p dir=\"ltr\">Esta ruptura en la simetr\u00eda de albedo (la capacidad de la superficie terrestre para reflejar la luz solar) podr\u00eda tener implicaciones de largo alcance para el sistema clim\u00e1tico global.<\/p>\n<p dir=\"ltr\">Este hallazgo, <a href=\"https:\/\/www.pnas.org\/doi\/full\/10.1073\/pnas.2511595122\" rel=\"nofollow noopener\" target=\"_blank\">publicado en la revista Proceedings of the National Academy of Sciences<\/a> (PNAS), se basa en 24 a\u00f1os de <a href=\"https:\/\/ceres.larc.nasa.gov\/\" rel=\"nofollow noopener\" target=\"_blank\">datos del sistema CERES<\/a> (Clouds and the Earth\u2019s Radiant Energy System). <strong>\u00bfLa causa?<\/strong> Una combinaci\u00f3n de factores: aerosoles industriales, cambios en el vapor de agua, alteraciones en el uso del suelo y una distribuci\u00f3n desigual de nubes.<\/p>\n<p>La asimetr\u00eda<\/p>\n<p dir=\"ltr\">La idea de una simetr\u00eda hemisf\u00e9rica en el albedo ha fascinado a los cient\u00edficos desde los primeros datos satelitales en la d\u00e9cada de 1970. A pesar de las relevantes diferencias geogr\u00e1ficas (m\u00e1s tierra y poblaci\u00f3n en el norte, m\u00e1s oc\u00e9anos en el sur), ambos hemisferios reflejaban casi la misma cantidad de radiaci\u00f3n solar. Se asum\u00eda que las nubes desempe\u00f1aban un papel compensador fundamental, equilibrando los efectos de aerosoles, masas continentales y variaciones de temperatura. <strong>Pero este equilibrio parece estar cediendo<\/strong>.<\/p>\n<p dir=\"ltr\">Seg\u00fan el estudio, mientras ambos hemisferios se est\u00e1n \u00aboscureciendo\u00bb, es decir, absorbiendo m\u00e1s energ\u00eda solar que antes, <strong>el norte lo hace a un ritmo m\u00e1s acelerado<\/strong>. Este oscurecimiento desigual rompe con una de las suposiciones m\u00e1s fundamentales del sistema clim\u00e1tico: que las nubes y otros mecanismos compensatorios mantendr\u00edan la simetr\u00eda global de radiaci\u00f3n. En consecuencia, las circulaciones atmosf\u00e9ricas y oce\u00e1nicas, que dependen de esta distribuci\u00f3n de energ\u00eda, podr\u00edan estar vi\u00e9ndose forzadas a reajustarse.<\/p>\n<p dir=\"ltr\">Ya se observan indicios de tales reajustes. Investigaciones paralelas han registrado cambios en los patrones de precipitaci\u00f3n, una ralentizaci\u00f3n en la gran cinta transportadora oce\u00e1nica (la circulaci\u00f3n termoalina) y un desplazamiento hacia el norte de la Zona de Convergencia Intertropical, una regi\u00f3n clave donde se encuentran los vientos alisios de ambos hemisferios. Esto no solo implica un cambio clim\u00e1tico global m\u00e1s profundo, <strong>sino que tambi\u00e9n anticipa alteraciones regionales con impacto directo en millones de vidas humanas<\/strong>.<\/p>\n<p>\u00bfCu\u00e1l es la causa?<\/p>\n<p dir=\"ltr\">El estudio incorpora un an\u00e1lisis de perturbaci\u00f3n radiativa parcial (Partial Radiative Perturbation) para identificar los componentes que m\u00e1s influyen en esta nueva asimetr\u00eda. Los aerosoles, en particular los industriales del hemisferio norte, figuran entre los principales responsables. <strong>Estos contaminantes afectan no solo al albedo directamente, sino tambi\u00e9n al comportamiento de las nubes<\/strong>. A medida que disminuye la cantidad de aerosoles en ciertas regiones (por ejemplo, debido a pol\u00edticas de aire limpio en Europa), el reflejo solar disminuye, permitiendo una mayor absorci\u00f3n de energ\u00eda.<\/p>\n<p dir=\"ltr\">El fen\u00f3meno tambi\u00e9n plantea una inc\u00f3gnita mayor: \u00bf<strong>puede el sistema clim\u00e1tico ajustarse por s\u00ed solo a este nuevo desequilibrio?<\/strong> Modelos idealizados predicen que, con el tiempo, las nubes podr\u00edan actuar nuevamente como agentes estabilizadores, redistribuyendo su cobertura para restablecer cierta simetr\u00eda. Pero tambi\u00e9n cabe la posibilidad de que el sistema entre en un nuevo estado de equilibrio, m\u00e1s c\u00e1lido, m\u00e1s inestable y profundamente diferente del que hemos conocido durante siglos.<\/p>\n<p dir=\"ltr\">La Tierra, vista desde el espacio, parece inm\u00f3vil, en un equilibrio eterno. Pero en su interior, en la interacci\u00f3n entre atm\u00f3sfera y oc\u00e9ano, en la danza de nubes y rayos solares, se est\u00e1n produciendo mutaciones silenciosas. Algunas, apenas perceptibles; otras, como esta ruptura en la simetr\u00eda del albedo, <strong>podr\u00edan ser el preludio de un cambio clim\u00e1tico m\u00e1s radical de lo imaginado<\/strong>.<\/p>\n","protected":false},"excerpt":{"rendered":"Oferta especial: Suscr\u00edbete por solo 1\u20ac al mes a la revista National Geographic. -76% de descuento. \u00a1\u00daltimos d\u00edas!&hellip;\n","protected":false},"author":2,"featured_media":149567,"comment_status":"","ping_status":"","sticky":false,"template":"","format":"standard","meta":{"footnotes":""},"categories":[81],"tags":[119,123,124,25,24,1408,448,1407,1409,117,121,122,23,118,120,226],"class_list":{"0":"post-149566","1":"post","2":"type-post","3":"status-publish","4":"format-standard","5":"has-post-thumbnail","7":"category-ciencia-y-tecnologia","8":"tag-ciencia","9":"tag-ciencia-y-tecnologia","10":"tag-cienciaytecnologia","11":"tag-es","12":"tag-espana","13":"tag-geographic","14":"tag-historia","15":"tag-national","16":"tag-naturaleza","17":"tag-science","18":"tag-science-and-technology","19":"tag-scienceandtechnology","20":"tag-spain","21":"tag-technology","22":"tag-tecnologia","23":"tag-viajes"},"share_on_mastodon":{"url":"","error":""},"_links":{"self":[{"href":"https:\/\/www.europesays.com\/es\/wp-json\/wp\/v2\/posts\/149566","targetHints":{"allow":["GET"]}}],"collection":[{"href":"https:\/\/www.europesays.com\/es\/wp-json\/wp\/v2\/posts"}],"about":[{"href":"https:\/\/www.europesays.com\/es\/wp-json\/wp\/v2\/types\/post"}],"author":[{"embeddable":true,"href":"https:\/\/www.europesays.com\/es\/wp-json\/wp\/v2\/users\/2"}],"replies":[{"embeddable":true,"href":"https:\/\/www.europesays.com\/es\/wp-json\/wp\/v2\/comments?post=149566"}],"version-history":[{"count":0,"href":"https:\/\/www.europesays.com\/es\/wp-json\/wp\/v2\/posts\/149566\/revisions"}],"wp:featuredmedia":[{"embeddable":true,"href":"https:\/\/www.europesays.com\/es\/wp-json\/wp\/v2\/media\/149567"}],"wp:attachment":[{"href":"https:\/\/www.europesays.com\/es\/wp-json\/wp\/v2\/media?parent=149566"}],"wp:term":[{"taxonomy":"category","embeddable":true,"href":"https:\/\/www.europesays.com\/es\/wp-json\/wp\/v2\/categories?post=149566"},{"taxonomy":"post_tag","embeddable":true,"href":"https:\/\/www.europesays.com\/es\/wp-json\/wp\/v2\/tags?post=149566"}],"curies":[{"name":"wp","href":"https:\/\/api.w.org\/{rel}","templated":true}]}}