{"id":149580,"date":"2025-09-30T23:16:09","date_gmt":"2025-09-30T23:16:09","guid":{"rendered":"https:\/\/www.europesays.com\/es\/149580\/"},"modified":"2025-09-30T23:16:09","modified_gmt":"2025-09-30T23:16:09","slug":"cycling-for-gaza-parte-este-miercoles-desde-donostia","status":"publish","type":"post","link":"https:\/\/www.europesays.com\/es\/149580\/","title":{"rendered":"\u2018Cycling for Gaza\u2019 parte este mi\u00e9rcoles desde Donostia"},"content":{"rendered":"<p>\n        Este mi\u00e9rcoles arranca en Donostia la 15\u00aa edici\u00f3n de <a href=\"https:\/\/cycling4gaza.org\/\" title=\"Cycling for Gaza\" rel=\"nofollow noopener\" target=\"_blank\" class=\"link copy\">Cycling for Gaza<\/a>, una <strong>marcha ciclista solidaria<\/strong> que volver\u00e1 a reunir a un centenar de participantes de origen palestino llegados de distintas partes del mundo para recorrer, durante tres jornadas, las carreteras vascas en <strong>apoyo al pueblo palestino.<\/strong>\n<\/p>\n<p class=\"article-body__text \">\n        Cycing for Gaza es <strong>una iniciativa que desde 2009 re\u00fane a 100 ciclistas de origen palestino, que en su mayor\u00eda, son descendientes de exiliados, y que utiliza la bicicleta como s\u00edmbolo de resistencia pac\u00edfica y de visibilizaci\u00f3n de la causa palestina.<\/strong>\n<\/p>\n<p>  Recorrido<\/p>\n<p class=\"article-body__text \">\n        El itinerario dise\u00f1ado por las carreteras vascas consta de tres etapas. La primera, este mi\u00e9rcoles, tendr\u00e1 como <strong>punto de partida Donostia, y llegar\u00e1 a Iru\u00f1a<\/strong>. El jueves, los ciclistas rodar\u00e1n sobre sus bicicletas <strong>desde la capital navarra hasta Gasteiz<\/strong>. Desde la capital alavesa, <strong>la ruta solidaria volver\u00e1 a Donostia el pr\u00f3ximo viernes<\/strong>, donde como colof\u00f3n, se celebrar\u00e1 una marcha popular. <strong>El s\u00e1bado, Donostia y sus alrededores acoger\u00e1n a cualquier persona que quiera participar<\/strong> con su bicicleta en una jornada solidaria abierta a la ciudadan\u00eda.\n<\/p>\n<p class=\"article-body__text \">\n        Uno de los momentos m\u00e1s esperados de la ruta tendr\u00e1 lugar ma\u00f1ana por la tarde en Pamplona, donde la marcha se unir\u00e1 con la convocatoria lanzada por la asociaci\u00f3n <strong>Yala Nafarroa con Palestina<\/strong>, que el pasado julio se encarg\u00f3 del lanzamiento del txupinazo de San Ferm\u00edn. En torno a las 18.30 horas, en la Puente<strong> de la Magdalena<\/strong>, los ciclistas ser\u00e1n recibidos, y desde all\u00ed rodar\u00e1n en pelot\u00f3n hasta la <strong>Plaza del Castillo<\/strong>, donde se celebrar\u00e1 un acto con discursos y diferentes actuaciones.\n<\/p>\n<p class=\"article-body__text \">\n        Por otra parte, <strong>la \u00faltima etapa que partir\u00e1 desde Donostia para recorrer localidades de alrededor como Errenteria, Lezo o Pasaia, culminar\u00e1 con una gran concentraci\u00f3n en la explanada de <\/strong><a href=\"https:\/\/www.noticiasdegipuzkoa.eus\/tags\/sagues\/\" title=\"Sag\u00fces\" target=\"_blank\" class=\"link copy\" rel=\"nofollow noopener\"><strong>Sag\u00fces<\/strong><\/a>. \u201cDurante el recorrido habr\u00e1 varias paradas como la de la Alameda de Errenteria, a las 10.15 horas, o la de la Plaza Santiago de Pasai Donibane, a las 11.15 horas, donde la organizaci\u00f3n \u201cinvita a toda la ciudadan\u00eda a unirse al pelot\u00f3n y apoyar a la comunidad gazat\u00ed\u201d, asegura Martin.\n<\/p>\n<p class=\"article-body__text \">\n        \u00a0La cita, est\u00e1 organizada por la agencia donostiarra <strong>Nomadikt<\/strong> en colaboraci\u00f3n con la compa\u00f1\u00eda Bizi Cycle Tours, gracias a que el director de la primera, <strong>Jon Martin<\/strong>, tiene a un amigo palestino, que fue quien recomend\u00f3 a la organizaci\u00f3n llevar a cabo la edici\u00f3n en Euskadi y no en Catalunya, como estaba previsto.\n<\/p>\n<p>  Crowfounding<\/p>\n<p class=\"article-body__text \">\n        \u00a0La organizaci\u00f3n de la marcha ciclista, por segundo a\u00f1o consecutivo, ha puesto en marcha un <strong>crowfounding <\/strong>para que cualquier persona pueda hacer una donaci\u00f3n al pueblo palestino. Adem\u00e1s, cada ciclista tiene la opci\u00f3n de abrir el suyo propio para consegir m\u00e1s apoyo en forma de patrocinio personal. \u201cLa opci\u00f3n de los ciclistas abre otras 100 v\u00edas para recibir donaciones\u201d, afirma Martin. A d\u00eda de hoy, y <strong>aunque la primera meta marcada en 2024 era recaudar 343.000 euros, ya se han superado los 2,8 millones, con los que se ha ayudado a m\u00e1s de 25.000 ni\u00f1os<\/strong>.\n<\/p>\n<p class=\"article-photo__footer\">\n            Varios de los participantes en la marcha.            Ruben Plaza        <\/p>\n<p class=\"article-body__text \">\n        M\u00e1s all\u00e1 del esfuerzo f\u00edsico, Cycling for Gaza busca <strong>generar \u201cconciencia sobre la situaci\u00f3n humanitaria en la <\/strong><a href=\"https:\/\/www.noticiasdegipuzkoa.eus\/tags\/gaza\/\" title=\"Franja\" target=\"_blank\" class=\"link copy\" rel=\"nofollow noopener\"><strong>Franja<\/strong><\/a><strong> y reivindicar valores de paz, justicia y convivencia\u201d<\/strong>. La organizaci\u00f3n subraya que el objetivo es tanto visibilizar la realidad palestina como fortalecer el v\u00ednculo entre la di\u00e1spora y su tierra de origen.\n<\/p>\n<p class=\"article-body__text \">\n        La llegada de un centenar de ciclistas palestinos a Euskadi coincide con un contexto internacional en el que Gaza sigue siendo escenario de crisis humanitaria y foco de atenci\u00f3n medi\u00e1tica. En este marco, <strong>Martin cree que \u201cla comunidad vasca se volcar\u00e1 con la causa en cada rinc\u00f3n que recorra la marcha ciclista\u201d.<\/strong>\n<\/p>\n<p class=\"article-body__text \">\n        Con el apoyo log\u00edstico de instituciones locales, Ajyal foundation, otras agrupaciones que no han querido hacer p\u00fablico su nombre y voluntariado, se espera que la cita re\u00fana a numeroso p\u00fablico en carreteras y ciudades del recorrido.<\/p>\n","protected":false},"excerpt":{"rendered":"Este mi\u00e9rcoles arranca en Donostia la 15\u00aa edici\u00f3n de Cycling for Gaza, una marcha ciclista solidaria que volver\u00e1&hellip;\n","protected":false},"author":2,"featured_media":149581,"comment_status":"","ping_status":"","sticky":false,"template":"","format":"standard","meta":{"footnotes":""},"categories":[273],"tags":[313,312,168,25,24,30347,694,295,863,23,167],"class_list":{"0":"post-149580","1":"post","2":"type-post","3":"status-publish","4":"format-standard","5":"has-post-thumbnail","7":"category-ciclismo","8":"tag-ciclismo","9":"tag-cycling","10":"tag-deportes","11":"tag-es","12":"tag-espana","13":"tag-for","14":"tag-gaza","15":"tag-miercoles","16":"tag-parte","17":"tag-spain","18":"tag-sports"},"share_on_mastodon":{"url":"","error":""},"_links":{"self":[{"href":"https:\/\/www.europesays.com\/es\/wp-json\/wp\/v2\/posts\/149580","targetHints":{"allow":["GET"]}}],"collection":[{"href":"https:\/\/www.europesays.com\/es\/wp-json\/wp\/v2\/posts"}],"about":[{"href":"https:\/\/www.europesays.com\/es\/wp-json\/wp\/v2\/types\/post"}],"author":[{"embeddable":true,"href":"https:\/\/www.europesays.com\/es\/wp-json\/wp\/v2\/users\/2"}],"replies":[{"embeddable":true,"href":"https:\/\/www.europesays.com\/es\/wp-json\/wp\/v2\/comments?post=149580"}],"version-history":[{"count":0,"href":"https:\/\/www.europesays.com\/es\/wp-json\/wp\/v2\/posts\/149580\/revisions"}],"wp:featuredmedia":[{"embeddable":true,"href":"https:\/\/www.europesays.com\/es\/wp-json\/wp\/v2\/media\/149581"}],"wp:attachment":[{"href":"https:\/\/www.europesays.com\/es\/wp-json\/wp\/v2\/media?parent=149580"}],"wp:term":[{"taxonomy":"category","embeddable":true,"href":"https:\/\/www.europesays.com\/es\/wp-json\/wp\/v2\/categories?post=149580"},{"taxonomy":"post_tag","embeddable":true,"href":"https:\/\/www.europesays.com\/es\/wp-json\/wp\/v2\/tags?post=149580"}],"curies":[{"name":"wp","href":"https:\/\/api.w.org\/{rel}","templated":true}]}}