{"id":149582,"date":"2025-09-30T23:17:13","date_gmt":"2025-09-30T23:17:13","guid":{"rendered":"https:\/\/www.europesays.com\/es\/149582\/"},"modified":"2025-09-30T23:17:13","modified_gmt":"2025-09-30T23:17:13","slug":"el-nuevo-piloto-confirmado-para-la-temporada-2026-de-formula-1-ole","status":"publish","type":"post","link":"https:\/\/www.europesays.com\/es\/149582\/","title":{"rendered":"El nuevo piloto confirmado para la temporada 2026 de F\u00f3rmula 1 :: Ol\u00e9"},"content":{"rendered":"<p>30\/09\/2025 17:46hs. Actualizado al 30\/09\/2025 19:36hs.<\/p>\n<p>Durante los mercados de pases, los fan\u00e1ticos del f\u00fatbol est\u00e1n a la expectativa por ver qu\u00e9 jugadores incorporan sus equipos. En el automovilismo, en cambio,<strong> no hay un momento espec\u00edfico para anunciar altas y bajas<\/strong>. As\u00ed es que, de imprevisto y palpitando el Gran Premio de Singapur, el jefe de equipo de <strong><a href=\"https:\/\/www.ole.com.ar\/tema\/mercedes-benz.html\" title=\"Mercedes Benz\" alt=\"Mercedes Benz\" class=\"slug\" rel=\"nofollow noopener\" target=\"_blank\">Mercedes<\/a><\/strong> confirm\u00f3 a uno de sus pilotos para la temporada 2026 de <strong><a href=\"https:\/\/www.ole.com.ar\/tema\/formula-1.html\" title=\"F\u00f3rmula 1\" alt=\"F\u00f3rmula 1\" class=\"slug\" rel=\"nofollow noopener\" target=\"_blank\">F\u00f3rmula 1<\/a><\/strong>.<\/p>\n<p><strong>Se trata de <a href=\"https:\/\/www.ole.com.ar\/tema\/andrea-kimi-antonelli.html\" title=\"Andrea Kimi Antonelli\" alt=\"Andrea Kimi Antonelli\" class=\"slug\" rel=\"nofollow noopener\" target=\"_blank\">Kimi Antonelli<\/a><\/strong>, el italiano de 19 a\u00f1os que debut\u00f3 en la escuder\u00eda alemana este a\u00f1o. En di\u00e1logo con Sky Sports Italia, con la presencia tanto de Toto Wolff como del corredor, el capo del equipo inform\u00f3: <strong>\u00abLas especulaciones sobre Alpine y Williams son un completo disparate. Se quedar\u00e1 aqu\u00ed en 2026 al 100%\u00bb<\/strong>.<\/p>\n<p><img alt=\"Toto Wollf banc\u00f3 a Kimi Antonelli. (EFE\/EPA\/Daniel Dal Zennaro)\" loading=\"lazy\" width=\"720\" height=\"100\" decoding=\"async\" data-nimg=\"1\" style=\"color:transparent\" src=\"https:\/\/www.europesays.com\/es\/wp-content\/uploads\/2025\/09\/h2FV_NITL_720x0__1.jpg\"\/>Toto Wollf banc\u00f3 a Kimi Antonelli. (EFE\/EPA\/Daniel Dal Zennaro)<\/p>\n<p>El espaldarazo del austriaco no es menor, ya que Antonelli ven\u00eda sintiendo la presi\u00f3n de rendir en una escuder\u00eda top &#8211;<a href=\"https:\/\/www.ole.com.ar\/autos\/piloto-18-anos-perdio-confianza-llanto-kimi-antonelli_0_X3bSyIwX9M.html\" target=\"_self\" title=\"\u00e9l mismo lo reconoci\u00f3\" alt=\"\u00e9l mismo lo reconoci\u00f3\" rel=\"nofollow noopener\">\u00e9l mismo lo reconoci\u00f3<\/a>&#8211; y los resultados no lo estaban acompa\u00f1ando. Aunque arranc\u00f3 bien, con puntos en cinco de sus primeras seis carreras, <strong>tuvo una racha negativa de seis Grandes Premios sin puntuar entre siete posibles<\/strong> (con cuatro abandonos en medio). Tras su 4\u00b0 puesto en Bak\u00fa, lleg\u00f3 la noticia que m\u00e1s esperaba escuchar.<\/p>\n<p>C\u00f3mo qued\u00f3 la grilla para la temporada 2026 de F\u00f3rmula 1<\/p>\n<p>Hasta el momento se conocen las formaciones completas de <strong>Ferrari<\/strong>, que ir\u00e1 con Lewis Hamilton y Charles Leclerc; <strong>McLaren<\/strong>, con Lando Norris y Oscar Piastri; <strong>Aston Martin<\/strong>, con Fernando Alonso y Lance Stroll; <strong>Haas<\/strong>, con Oliver Bearman y Esteban Ocon; <strong>Williams<\/strong>, con Alexander Albon y Carlos Sainz; <strong>Audi<\/strong>, hasta este a\u00f1o conocido como Sauber, con Nico Hulkenberg y Gabriel Bortoleto, y <strong>Cadillac<\/strong>, equipo nuevito, con Sergio P\u00e9rez y Valtteri Bottas.<\/p>\n<p>\u00bfY las butacas restantes? Hay una en <strong>Red Bull<\/strong>, con Max Verstappen confirmado (resta saber qu\u00e9 pasar\u00e1 con Yuki Tsunoda); otra en <strong>Alpine<\/strong>, el equipo de <a href=\"https:\/\/www.ole.com.ar\/tema\/franco-colapinto.html\" title=\"Franco Colapinto\" alt=\"Franco Colapinto\" class=\"slug\" rel=\"nofollow noopener\" target=\"_blank\">Franco Colapinto<\/a>, que ya defini\u00f3 la continuidad de Pierre Gasly, y las dos de <strong>Racing Bulls<\/strong>. En cuanto a <strong>Mercedes<\/strong>, <strong>solo resta saber qu\u00e9 suceder\u00e1 con George Russell<\/strong>, en plenas negociaciones por su contrato.<\/p>\n<p><img alt=\"Wolff ya confirm\u00f3 a Antonelli. Solo falta la firma de Russell. (REUTERS\/Gintare Karpaviciute)\" loading=\"lazy\" width=\"720\" height=\"100\" decoding=\"async\" data-nimg=\"1\" style=\"color:transparent\" src=\"https:\/\/www.europesays.com\/es\/wp-content\/uploads\/2025\/08\/w2zEP36ox_720x0__1.jpg\"\/>Wolff ya confirm\u00f3 a Antonelli. Solo falta la firma de Russell. (REUTERS\/Gintare Karpaviciute)<a href=\"https:\/\/www.ole.com.ar\/autos\/pierre-gasly-alpine-formula-1-f1-redes-twitter-hamilton-perro-roscoe-franco-colapinto_0_yW2U658QNY.html\" aria-label=\"La raz\u00f3n por la que est\u00e1n insultando a Pierre Gasly, compa\u00f1ero de Colapinto, en las redes\" class=\"sc-198398ff-0 dGmAry\" rel=\"nofollow noopener\" target=\"_blank\"><img alt=\"La raz\u00f3n por la que est\u00e1n insultando a Pierre Gasly, compa\u00f1ero de Colapinto, en las redes\" loading=\"lazy\" width=\"290\" height=\"290\" decoding=\"async\" data-nimg=\"1\" style=\"color:transparent\" src=\"https:\/\/www.europesays.com\/es\/wp-content\/uploads\/2025\/09\/oaO0F-QR3_290x290__1.jpg\"\/><\/p>\n<p>Mir\u00e1 tambi\u00e9nLa raz\u00f3n por la que est\u00e1n insultando a Pierre Gasly, compa\u00f1ero de Colapinto, en las redes<\/p>\n<p><a href=\"https:\/\/www.ole.com.ar\/autos\/salio-campeon-mundo-foto-lionel-messi-qatar-marc-marquez_0_GXZnS4cVJh.html\" aria-label=\"Sali\u00f3 campe\u00f3n del mundo y se sac\u00f3 la misma foto que Lionel Messi despu\u00e9s de Qatar\" class=\"sc-198398ff-0 dGmAry\" rel=\"nofollow noopener\" target=\"_blank\"><img alt=\"Sali\u00f3 campe\u00f3n del mundo y se sac\u00f3 la misma foto que Lionel Messi despu\u00e9s de Qatar\" loading=\"lazy\" width=\"290\" height=\"290\" decoding=\"async\" data-nimg=\"1\" style=\"color:transparent\" src=\"https:\/\/www.europesays.com\/es\/wp-content\/uploads\/2025\/09\/VlGKF1ffw_290x290__1.jpg\"\/><\/p>\n<p>Mir\u00e1 tambi\u00e9nSali\u00f3 campe\u00f3n del mundo y se sac\u00f3 la misma foto que Lionel Messi despu\u00e9s de Qatar<\/p>\n<p><a href=\"https:\/\/www.ole.com.ar\/autos\/sale-campeon-formula-1-mc-laren-gp-singapur_0_zZ1aWsyK64.html\" aria-label=\"Qu\u00e9 necesita McLaren para salir campe\u00f3n de la F\u00f3rmula 1 en el GP de Singapur\" class=\"sc-198398ff-0 dGmAry\" rel=\"nofollow noopener\" target=\"_blank\"><img alt=\"Qu\u00e9 necesita McLaren para salir campe\u00f3n de la F\u00f3rmula 1 en el GP de Singapur\" loading=\"lazy\" width=\"290\" height=\"290\" decoding=\"async\" data-nimg=\"1\" style=\"color:transparent\" src=\"https:\/\/www.europesays.com\/es\/wp-content\/uploads\/2025\/09\/qaS5T-Fq7_290x290__1.jpg\"\/><\/p>\n<p>Mir\u00e1 tambi\u00e9nQu\u00e9 necesita McLaren para salir campe\u00f3n de la F\u00f3rmula 1 en el GP de Singapur<\/p>\n<p><a href=\"https:\/\/www.ole.com.ar\/autos\/franco-colapinto-gp-singapur-sacar-espina-especial_0_lZ0gHeQR7d.html\" aria-label=\"Franco Colapinto: por qu\u00e9 es especial el GP de Singapur de F\u00f3rmula 1 y la espina que buscar sacarse de encima\" class=\"sc-198398ff-0 dGmAry\" rel=\"nofollow noopener\" target=\"_blank\"><img alt=\"Franco Colapinto: por qu\u00e9 es especial el GP de Singapur de F\u00f3rmula 1 y la espina que buscar sacarse de encima\" loading=\"lazy\" width=\"290\" height=\"290\" decoding=\"async\" data-nimg=\"1\" style=\"color:transparent\" src=\"https:\/\/www.europesays.com\/es\/wp-content\/uploads\/2025\/09\/6BEPRJtbs_290x290__1.jpg\"\/><\/p>\n<p>Mir\u00e1 tambi\u00e9nFranco Colapinto: por qu\u00e9 es especial el GP de Singapur de F\u00f3rmula 1 y la espina que buscar sacarse de encima<\/p>\n","protected":false},"excerpt":{"rendered":"30\/09\/2025 17:46hs. Actualizado al 30\/09\/2025 19:36hs. Durante los mercados de pases, los fan\u00e1ticos del f\u00fatbol est\u00e1n a la&hellip;\n","protected":false},"author":2,"featured_media":149583,"comment_status":"","ping_status":"","sticky":false,"template":"","format":"standard","meta":{"footnotes":""},"categories":[270],"tags":[1229,168,25,24,306,271,272,30795,23,167],"class_list":{"0":"post-149582","1":"post","2":"type-post","3":"status-publish","4":"format-standard","5":"has-post-thumbnail","7":"category-formula-1","8":"tag-andrea-kimi-antonelli","9":"tag-deportes","10":"tag-es","11":"tag-espana","12":"tag-f1","13":"tag-formula-1","14":"tag-formula1","15":"tag-mercedes-benz","16":"tag-spain","17":"tag-sports"},"share_on_mastodon":{"url":"","error":""},"_links":{"self":[{"href":"https:\/\/www.europesays.com\/es\/wp-json\/wp\/v2\/posts\/149582","targetHints":{"allow":["GET"]}}],"collection":[{"href":"https:\/\/www.europesays.com\/es\/wp-json\/wp\/v2\/posts"}],"about":[{"href":"https:\/\/www.europesays.com\/es\/wp-json\/wp\/v2\/types\/post"}],"author":[{"embeddable":true,"href":"https:\/\/www.europesays.com\/es\/wp-json\/wp\/v2\/users\/2"}],"replies":[{"embeddable":true,"href":"https:\/\/www.europesays.com\/es\/wp-json\/wp\/v2\/comments?post=149582"}],"version-history":[{"count":0,"href":"https:\/\/www.europesays.com\/es\/wp-json\/wp\/v2\/posts\/149582\/revisions"}],"wp:featuredmedia":[{"embeddable":true,"href":"https:\/\/www.europesays.com\/es\/wp-json\/wp\/v2\/media\/149583"}],"wp:attachment":[{"href":"https:\/\/www.europesays.com\/es\/wp-json\/wp\/v2\/media?parent=149582"}],"wp:term":[{"taxonomy":"category","embeddable":true,"href":"https:\/\/www.europesays.com\/es\/wp-json\/wp\/v2\/categories?post=149582"},{"taxonomy":"post_tag","embeddable":true,"href":"https:\/\/www.europesays.com\/es\/wp-json\/wp\/v2\/tags?post=149582"}],"curies":[{"name":"wp","href":"https:\/\/api.w.org\/{rel}","templated":true}]}}