{"id":149590,"date":"2025-09-30T23:22:28","date_gmt":"2025-09-30T23:22:28","guid":{"rendered":"https:\/\/www.europesays.com\/es\/149590\/"},"modified":"2025-09-30T23:22:28","modified_gmt":"2025-09-30T23:22:28","slug":"las-mejores-recomendaciones-de-series-y-novela-negra","status":"publish","type":"post","link":"https:\/\/www.europesays.com\/es\/149590\/","title":{"rendered":"Las mejores recomendaciones de series y novela negra"},"content":{"rendered":"<p>Empezamos el oto\u00f1o con un buen pu\u00f1ado de recomendaciones del noir, aunque esta vez hemos abierto la mano para introducir algunas obras que rozan este  &#8230; g\u00e9nero. Por ejemplo, con &#8216;Misi\u00f3n en Par\u00eds&#8217;, del capit\u00e1n Alatriste, o &#8216;Calliope&#8217;, de Tabitha King y Michel McDowell. Pero tambi\u00e9n tenemos unas interesantes propuestas para la peque\u00f1a pantalla como &#8216;Task&#8217; o &#8216;As\u00ed se escribe un crimen&#8217;, la serie sobre &#8216;true crime&#8217; producida por EITB y El Correo. Para los amantes del g\u00e9nero, recordamos las inminentes jornadas de &#8216;Bruma negra&#8217;, un festival noir imprescindible. All\u00e1 vamos.<\/p>\n<p class=\"v-p\">Si quieres recibir este bolet\u00edn sobre el g\u00e9nero negro directamente en un correo electr\u00f3nico, puedes suscribirte en <a href=\"https:\/\/areapersonal.elcorreo.com\/servicios\/newsletters.html\" data-voc-vtm-id=\"in-text-traffic\" title=\"este enlace\" data-mrf-link=\"areapersonal.elcorreo.com\" rel=\"nofollow noopener\" target=\"_blank\">este enlace<\/a>. <\/p>\n<p><img decoding=\"async\" loading=\"lazy\" src=\"https:\/\/www.europesays.com\/es\/wp-content\/uploads\/2025\/09\/maquina-escribir-kKjE--170x170@El Correo.jpg\" class=\"v-a-img\" width=\"170\" height=\"170\" alt=\"Imagen - P\u00e1ginas negras\"\/><\/p>\n<p>\nP\u00e1ginas negras\n<\/p>\n<p><img decoding=\"async\" loading=\"lazy\" src=\"https:\/\/www.europesays.com\/es\/wp-content\/uploads\/2025\/09\/nlalatriste-kKjE-U2303220232864YBC-650x800@El Correo.jpg\" class=\"v-a-img\" width=\"650\" height=\"800\" alt=\"\" data-voc-vtm-id=\"in-text-traffic\"\/><\/p>\n<p><img loading=\"lazy\" decoding=\"async\" src=\"https:\/\/www.europesays.com\/es\/wp-content\/uploads\/2025\/09\/nlalatriste-kKjE-U2303220232864YBC-650x800@El Correo.jpg\" class=\"v-mdl__img-z\" width=\"650\" height=\"800\" alt=\"\"\/><\/p>\n<p>Misi\u00f3n en Par\u00eds, de Arturo P\u00e9rez Reverte (Alfaguara)<\/p>\n<p class=\"v-p\">Tras catorce a\u00f1os, el capit\u00e1n Alatriste vuelve a las andadas. Avanza el siglo XVII, en Espa\u00f1a reina Felipe IV y manda el conde-duque de Olivares, qui\u00e9n tiene una misi\u00f3n especial y peligrosa para Diego Alatriste, en una Francia en la que Luis XIII y el Cardenal Richelieu asedian La Rochela, donde los protestantes hugonotes aguantan el asedio.<\/p>\n<p class=\"v-p\">Recordando a Alejandro Dumas y los tres mosqueteros, P\u00e9rez Reverte vuelve para hacernos disfrutar con unas aventuras en las que el honor y la espada siguen siendo los valores de nuestros hombres.<\/p>\n<p class=\"v-p\">Si te gustan las novelas de aventuras ligadas a hechos hist\u00f3ricos relevantes, lo vas a pasar muy bien.<\/p>\n<p><img decoding=\"async\" loading=\"lazy\" src=\"https:\/\/www.europesays.com\/es\/wp-content\/uploads\/2025\/09\/nlbrown-kKjE-U2303220232864uXF-650x900@El Correo.jpg\" class=\"v-a-img\" width=\"650\" height=\"900\" alt=\"\" data-voc-vtm-id=\"in-text-traffic\"\/><\/p>\n<p><img loading=\"lazy\" decoding=\"async\" src=\"https:\/\/www.europesays.com\/es\/wp-content\/uploads\/2025\/09\/nlbrown-kKjE-U2303220232864uXF-650x900@El Correo.jpg\" class=\"v-mdl__img-z\" width=\"650\" height=\"900\" alt=\"\"\/><\/p>\n<p>El \u00faltimo secreto, de Dan Brown (Planeta)<\/p>\n<p class=\"v-p\">El autor de &#8216;El C\u00f3digo da Vinci&#8217;, vuelve con esta nueva novela, que tiene hechuras de bestseller. En la hist\u00f3rica Praga (\u00e9poca actual) transcurren las aventuras de Robert Langdon y Katherin Solomon, cient\u00edfica de prestigio, cuyo manuscrito, que va a revolucionar el mundo de la conciencia humana y la comprensi\u00f3n de la mente, ha desaparecido.<\/p>\n<p class=\"v-p\">Con muchos contendientes en liza, entre ellos la CIA, la trama nos llevar\u00e1 a situaciones l\u00edmites en las que el autor dejar\u00e1 al lector al borde del precipicio, en una exhibici\u00f3n de &#8216;cliffhangers&#8217;.<\/p>\n<p class=\"v-p\">Si te gustan los &#8216;thrillers&#8217; en los que la investigaci\u00f3n cient\u00edfica sobre aspectos cruciales de nuestra existencia es el hilo conductor de la narraci\u00f3n vas a disfrutar y mucho.<\/p>\n<p><img decoding=\"async\" loading=\"lazy\" src=\"https:\/\/www.europesays.com\/es\/wp-content\/uploads\/2025\/09\/nlcalliope.jpg\" class=\"v-a-img\" width=\"650\" height=\"900\" alt=\"\" data-voc-vtm-id=\"in-text-traffic\"\/><\/p>\n<p><img loading=\"lazy\" decoding=\"async\" src=\"https:\/\/www.europesays.com\/es\/wp-content\/uploads\/2025\/09\/nlcalliope.jpg\" class=\"v-mdl__img-z\" width=\"650\" height=\"900\" alt=\"\"\/><\/p>\n<p>Calliope, de Tabitha King y Michael McDowell (Minotauro)<\/p>\n<p class=\"v-p\">Vamos a empezar con la trama. Una familia bien de Alabama viaja a Nueva Orleans en 1958 para asistir al Mardi Gras. El padre es secuestrado y asesinado de la forma m\u00e1s horrible posible. Los supervivientes, entre los que se encuentra Calliope, una fea ni\u00f1a a la que apodan &#8216;Dumbo&#8217; por sus orejas, tienen que huir de un mundo siniestro y refugiarse en una especie de hotel de Florida. All\u00ed el crimen se acabar\u00e1 por resolver, pero casi es lo de menos. Calliope tendr\u00e1 una relaci\u00f3n muy personal con lo sobrenatural que, con los a\u00f1os le permitir\u00e1 entender qu\u00e9 sucedi\u00f3.<\/p>\n<p class=\"v-p\">Este libro ya fue editado en Espa\u00f1a en 2009 con el t\u00edtulo &#8216;Voces del silencio&#8217;. Su autor es Michel McDowell, que arras\u00f3 de manera p\u00f3stuma en las librer\u00edas con su saga &#8216;Blackwater&#8217;, tras haber sido el guionista de \u00e9xitos como &#8216;Pesadilla antes de Navidad&#8217; o &#8216;Beetlejuice&#8217;. Falleci\u00f3 en 1999 y fue su amiga Tabitha King, esposa de Stephen King, quien se encarg\u00f3 de terminar un libro que el escritor hab\u00eda dejado inconcluso. La reedici\u00f3n, que sin duda obedece al \u00e9xito de &#8216;Blackwater&#8217;, permite recuperar una historia adictiva, muy sensible y de una imaginaci\u00f3n desbordante.<\/p>\n<p class=\"v-p\">Te gustar\u00e1 si quieres una historia maravillosa, en todos los sentidos del t\u00e9rmino.<\/p>\n<p><img decoding=\"async\" loading=\"lazy\" src=\"https:\/\/www.europesays.com\/es\/wp-content\/uploads\/2025\/09\/fundido en negro-kKjE--170x170@El Correo.jpg\" class=\"v-a-img\" width=\"170\" height=\"170\" alt=\"Imagen - Fundido en negro\"\/><\/p>\n<p>\nFundido en negro\n<\/p>\n<p><img decoding=\"async\" loading=\"lazy\" src=\"https:\/\/www.europesays.com\/es\/wp-content\/uploads\/2025\/09\/nlbreslavia-kKjE--650x455@El Correo.jpg\" class=\"v-a-img\" width=\"650\" height=\"455\" alt=\"\" data-voc-vtm-id=\"in-text-traffic\"\/><\/p>\n<p><img loading=\"lazy\" decoding=\"async\" src=\"https:\/\/www.europesays.com\/es\/wp-content\/uploads\/2025\/09\/nlbreslavia-kKjE--650x455@El Correo.jpg\" class=\"v-mdl__img-z\" width=\"650\" height=\"455\" alt=\"\"\/><\/p>\n<p>Los asesinatos de Breslavia (Disney Plus)<\/p>\n<p class=\"v-p\">Breslavia (actual Wroclaw, Polonia) en los d\u00edas previos a las Olimpiadas de 1936. En las calles los nazis empiezan la represi\u00f3n contra los jud\u00edos, los atletas y los corresponsales inundan los hoteles. Burdeles, fiestas, fumaderos de opio y el vicio. Un asesino comienza a matar y la investigaci\u00f3n se asigna a un polic\u00eda (Podolsky) alcoholizado contrario al nazismo. La trama avanza aderezada por un suspense dosificado. <\/p>\n<p class=\"v-p\">La serie no se limita a mostrar trama de investigaci\u00f3n policial cercana en ocasiones al noir cl\u00e1sico de los a\u00f1os 40, sabe conjugar la interacci\u00f3n entre la alta y la baja sociedad, el poder del nazismo entonces naciente y la lucha de clases, el ansia de dominaci\u00f3n y los terribles efectos una primera guerra mundial a\u00fan presente. Los actores, desconocidos, convencen, la fotograf\u00eda, oscura por momentos, ayuda y el guion guarda todos sus giros para el \u00faltimo cap\u00edtulo. Con estos ingredientes, la serie nos conduce a un noir poco habitual en la actualidad. Podolsky no es Bogart, pero el espectador se mostrar\u00e1 (gratamente) sorprendido por la funci\u00f3n.<\/p>\n<p class=\"v-p\">Gustar\u00e1 a quienes recuerdan t\u00edtulos como &#8216;Perversidad&#8217; o &#8216;La ciudad desnuda&#8217;. La traslaci\u00f3n a la Breslavia de preguerra es lograda con oficio y la apasionada relaci\u00f3n entre Podolsky y su mujer nos traslada a aquellos noir que nunca olvidaremos.<\/p>\n<p><img decoding=\"async\" loading=\"lazy\" src=\"https:\/\/www.europesays.com\/es\/wp-content\/uploads\/2025\/09\/nlballard-kKjE--650x455@El Correo.jpg\" class=\"v-a-img\" width=\"650\" height=\"455\" alt=\"\" data-voc-vtm-id=\"in-text-traffic\"\/><\/p>\n<p><img loading=\"lazy\" decoding=\"async\" src=\"https:\/\/www.europesays.com\/es\/wp-content\/uploads\/2025\/09\/nlballard-kKjE--650x455@El Correo.jpg\" class=\"v-mdl__img-z\" width=\"650\" height=\"455\" alt=\"\"\/><\/p>\n<p>Ballard (Prime Video)<\/p>\n<p class=\"v-p\">Renee Ballard surgi\u00f3 del universo de Harry Bosch, o sea, de Michael Conelly. Los guionistas la convierten en la responsable de una unidad de la polic\u00eda de Los Angeles para los casos sin resolver (recordamos la reciente &#8216;Departamento Q&#8217;, s\u00f3tano incluido). En el papel de Ballard est\u00e1 la actriz Maggie Q, tal vez no reconocible para los lectores de Bosh (aparece en seis de las novelas de Harry Bosch) pero cre\u00edble en su papel al frente de una unidad ecl\u00e9ctica cuando menos: desde polic\u00edas jubilados a estudiantes de criminolog\u00eda o de trabajadores de seguridad privada. <\/p>\n<p class=\"v-p\">La serie es cuando menos honesta en sus planteamientos. No es otra temporada de Bosch (aunque Harry Bosch sale en cuatro de los episodios) y mantiene el equilibrio de las novelas de Connelly. No es efectista ni presenta argumentos improbables, es un reconocimiento al trabajo diario y procedimental de la investigaci\u00f3n policial. Pistas, pruebas, interrogatorios y cad\u00e1veres sin nombre. No es una serie para presentar a una superpolic\u00eda, sino a una mujer polic\u00eda en la sociedad actual (algunos recordaremos a Angie Dickinson como &#8216;La mujer polic\u00eda&#8217;). Es esta pulcritud lo mejor de la funci\u00f3n.<\/p>\n<p class=\"v-p\">Gustar\u00e1 a quienes recuerdan los policiales cl\u00e1sicos de los a\u00f1os 80 y a los seguidores de Michael Connelly. Tendr\u00e1n en su sal\u00f3n un Los Angeles en clave noir y la oportunidad de volver a ver a Harry Bosch.<\/p>\n<p><img decoding=\"async\" loading=\"lazy\" src=\"https:\/\/www.europesays.com\/es\/wp-content\/uploads\/2025\/09\/nltask-kKjE--650x455@El Correo.jpg\" class=\"v-a-img\" width=\"650\" height=\"455\" alt=\"\" data-voc-vtm-id=\"in-text-traffic\"\/><\/p>\n<p><img loading=\"lazy\" decoding=\"async\" src=\"https:\/\/www.europesays.com\/es\/wp-content\/uploads\/2025\/09\/nltask-kKjE--650x455@El Correo.jpg\" class=\"v-mdl__img-z\" width=\"650\" height=\"455\" alt=\"\"\/><\/p>\n<p>Task (HBO)<\/p>\n<p class=\"v-p\">&#8216;Task&#8217; es la nueva producci\u00f3n del creador de la indispensable &#8216;Mare of Eastdown&#8217;. Una extra\u00f1a unidad del FBI en su faceta m\u00e1s oscura (sin llegar a ser los esp\u00edas de &#8216;La casa de la ci\u00e9naga&#8217;) frente a una trama escrita con detalle, criterio y calidad. Una Filadelfia vista desde un prisma noir. El crimen que surge de la ambici\u00f3n o de la necesidad y criminales tan despiadados como emotivos componen una escala de grises que se integra en un escenario noir: decorados interiores, espacios naturales (Wissahickon Valley Park), caba\u00f1as, suburbios y centros comerciales.<\/p>\n<p class=\"v-p\">&#8216;Task&#8217; es, tambi\u00e9n, Mark Ruffalo en un papel hecho a su medida (con unos kilos de m\u00e1s) representando a un polic\u00eda del FBI tenaz y emotivo al frente de un equipo que comienza a conocerse. De hecho, las emociones de los personajes (tambi\u00e9n la de los criminales y sus parejas) son sustento de esta serie criminal. El argumento lo propicia: criminales de segundo nivel, tiroteos sangrientos, robos improvisados de cad\u00e1veres y un cargamento de droga inesperado. Y el secuestro de un ni\u00f1o. No es solo un guion impecable sino una narraci\u00f3n que nos ha atrapado desde el primer episodio.<\/p>\n<p class=\"v-p\">Gustar\u00e1 a quienes busquen la esencia del noir cl\u00e1sico actualizado. Una pel\u00edcula que da un golpe en el est\u00f3mago al espectador. No hay superpolic\u00edas ni supercriminales, solo personajes subsistiendo en sus emociones.<\/p>\n<p><img decoding=\"async\" loading=\"lazy\" src=\"https:\/\/www.europesays.com\/es\/wp-content\/uploads\/2025\/09\/nlasseescribe-kKjE--650x455@El Correo.jpg\" class=\"v-a-img\" width=\"650\" height=\"455\" alt=\"\" data-voc-vtm-id=\"in-text-traffic\"\/><\/p>\n<p><img loading=\"lazy\" decoding=\"async\" src=\"https:\/\/www.europesays.com\/es\/wp-content\/uploads\/2025\/09\/nlasseescribe-kKjE--650x455@El Correo.jpg\" class=\"v-mdl__img-z\" width=\"650\" height=\"455\" alt=\"\"\/><\/p>\n<p>As\u00ed se escribe un crimen (EITB)<\/p>\n<p class=\"v-p\">Para todos los amantes del &#8216;true crime&#8217; deber\u00eda ser de visi\u00f3n obligada la serie &#8216;As\u00ed se escribe un crimen&#8217;, una serie documental producida por EITB y EL CORREO. El trabajo repasa algunos de los casos m\u00e1s estremecedores de la cr\u00f3nica negra reciente en Euskadi, pero uno de sus puntos fuertes es que lo hace desde la mirada de los periodistas que cubrieron aquellas noticias: profesionales de este peri\u00f3dico (Ainhoa de las Heras, David Gonz\u00e1lez, David Olabarri y Luis Calabor), de &#8216;El Diario Vasco&#8217; (Oskar Ortiz de Guinea), de &#8216;El Diario Monta\u00f1\u00e9s&#8217; (Abel Verano) y de Radio Euskadi (Miriam Duque).<\/p>\n<p class=\"v-p\">No piensen que es barrer para casa. La puesta en escena es grandiosa y la forma de narrar sabe mantenerse en el respeto por las historias humanas que encierran muchos de los cr\u00edmenes. La narraci\u00f3n tiene el aura de los grandes reportajes, aunque este caso se trata de im\u00e1genes y voces. <\/p>\n<p class=\"v-p\">Te gustar\u00e1 si eres un fan del &#8216;true crime&#8217; y quieres disfrutar con un producto de calidad.<\/p>\n<p><img decoding=\"async\" loading=\"lazy\" src=\"https:\/\/www.europesays.com\/es\/wp-content\/uploads\/2025\/09\/1759274546_714_unnamed.jpg\" class=\"v-a-img\" width=\"170\" height=\"170\" alt=\"Imagen - Homenaje\"\/><\/p>\n<p>\nHomenaje\n<\/p>\n<p><img decoding=\"async\" loading=\"lazy\" src=\"https:\/\/www.europesays.com\/es\/wp-content\/uploads\/2025\/09\/nlcapote.jpg\" class=\"v-a-img\" width=\"650\" height=\"455\" alt=\"\" data-voc-vtm-id=\"in-text-traffic\"\/><\/p>\n<p><img loading=\"lazy\" decoding=\"async\" src=\"https:\/\/www.europesays.com\/es\/wp-content\/uploads\/2025\/09\/nlcapote.jpg\" class=\"v-mdl__img-z\" width=\"650\" height=\"455\" alt=\"\"\/><\/p>\n<p>Truman Capote<\/p>\n<p class=\"v-p\">Truman Capote naci\u00f3 el 30 de septiembre de 1924 as\u00ed que estos d\u00edas habr\u00eda cumplido 101 a\u00f1os. Una de sus grandes aportaciones a la literatura fue &#8216;A sangre fr\u00eda&#8217;, uno de los primeros &#8216;true crime&#8217; del siglo XX que se convirti\u00f3 en un fen\u00f3meno de masas sin por ello perder en ning\u00fan momento la calidad literaria. Capote se convirti\u00f3 en un pionero del nuevo periodismo e inici\u00f3 una forma de contar historias que a\u00fan perdura. <\/p>\n<p class=\"v-p\">Hay varios trabajos que muestran el coste personal que le supuso a Capote congraciarse con los asesinos de la familia Clutter, Richard Hickock y Perry Smith, que ser\u00edan condenados a muerte. Y tambi\u00e9n la importancia en la investigaci\u00f3n que llev\u00f3 a cabo el autor de la escritora Harper Lee -la autora de &#8216;Matar a un ruise\u00f1or&#8217;-, quien tuvo una generosidad tremenda con Capote. En cualquier caso, se trata de una pieza fundacional que reinvent\u00f3 la cr\u00f3nica de sucesos. <\/p>\n<p>Jornadas<\/p>\n<p><img decoding=\"async\" loading=\"lazy\" src=\"https:\/\/www.europesays.com\/es\/wp-content\/uploads\/2025\/09\/nlbruma negra portada.jpg\" class=\"v-a-img\" width=\"650\" height=\"730\" alt=\"\" data-voc-vtm-id=\"in-text-traffic\"\/><\/p>\n<p><img loading=\"lazy\" decoding=\"async\" src=\"https:\/\/www.europesays.com\/es\/wp-content\/uploads\/2025\/09\/nlbruma negra portada.jpg\" class=\"v-mdl__img-z\" width=\"650\" height=\"730\" alt=\"\"\/><\/p>\n<p>Bruma negra<\/p>\n<p class=\"v-p\">Bruma Negra \/ Lanbro Beltza Plentzia en su edici\u00f3n n\u00famero XIII vuelve a congregar en la Casa de Cultura de la Villa de Plentzia (Go\u00f1i Portal Kultur Etxea) a lectoras y lectores del g\u00e9nero negro (policiaco, thriller, noir) en torno a nueve mesas de debate entre los d\u00edas 16 y 18 de octubre (el 16 y 17 por la tarde de 18 a 20 y el s\u00e1bado a la ma\u00f1ana y a la tarde). 26 escritoras y escritores de novela negra (incrementando el n\u00famero desde el a\u00f1o pasado\u2026 con 20 plumas nuevas respecto de la edici\u00f3n 2024) y una crimin\u00f3loga (Paz Velasco de la Fuente) en la mesa t\u00e9cnica que el pasado a\u00f1o dirigi\u00f3 una m\u00e9dico forense. <\/p>\n<p class=\"v-p\">La figura de Manuel V\u00e1zquez Montalb\u00e1n desde su conferencia en la edici\u00f3n de 1992 de Bruma Negra inaugurar\u00e1 la Mesa de debate tras la que se entregar\u00e1 el reconocimiento por su ayuntamiento con el premio Bruma Negra \/ Lanbro Beltza a toda una trayectoria al escritor Eugenio Fuentes, quien se llevara tambi\u00e9n los vinos de la Bodega Submarina de Plentzia a su Extremadura natal. Unas jornadas imprescindibles para todos los amantes del g\u00e9nero.<\/p>\n","protected":false},"excerpt":{"rendered":"Empezamos el oto\u00f1o con un buen pu\u00f1ado de recomendaciones del noir, aunque esta vez hemos abierto la mano&hellip;\n","protected":false},"author":2,"featured_media":149591,"comment_status":"","ping_status":"","sticky":false,"template":"","format":"standard","meta":{"footnotes":""},"categories":[172],"tags":[224,146,147,25,24,225,804,24635,1645,228,805,23],"class_list":{"0":"post-149590","1":"post","2":"type-post","3":"status-publish","4":"format-standard","5":"has-post-thumbnail","7":"category-libros","8":"tag-books","9":"tag-entertainment","10":"tag-entretenimiento","11":"tag-es","12":"tag-espana","13":"tag-libros","14":"tag-mejores","15":"tag-negra","16":"tag-novela","17":"tag-recomendaciones","18":"tag-series","19":"tag-spain"},"share_on_mastodon":{"url":"","error":""},"_links":{"self":[{"href":"https:\/\/www.europesays.com\/es\/wp-json\/wp\/v2\/posts\/149590","targetHints":{"allow":["GET"]}}],"collection":[{"href":"https:\/\/www.europesays.com\/es\/wp-json\/wp\/v2\/posts"}],"about":[{"href":"https:\/\/www.europesays.com\/es\/wp-json\/wp\/v2\/types\/post"}],"author":[{"embeddable":true,"href":"https:\/\/www.europesays.com\/es\/wp-json\/wp\/v2\/users\/2"}],"replies":[{"embeddable":true,"href":"https:\/\/www.europesays.com\/es\/wp-json\/wp\/v2\/comments?post=149590"}],"version-history":[{"count":0,"href":"https:\/\/www.europesays.com\/es\/wp-json\/wp\/v2\/posts\/149590\/revisions"}],"wp:featuredmedia":[{"embeddable":true,"href":"https:\/\/www.europesays.com\/es\/wp-json\/wp\/v2\/media\/149591"}],"wp:attachment":[{"href":"https:\/\/www.europesays.com\/es\/wp-json\/wp\/v2\/media?parent=149590"}],"wp:term":[{"taxonomy":"category","embeddable":true,"href":"https:\/\/www.europesays.com\/es\/wp-json\/wp\/v2\/categories?post=149590"},{"taxonomy":"post_tag","embeddable":true,"href":"https:\/\/www.europesays.com\/es\/wp-json\/wp\/v2\/tags?post=149590"}],"curies":[{"name":"wp","href":"https:\/\/api.w.org\/{rel}","templated":true}]}}