{"id":149600,"date":"2025-09-30T23:33:14","date_gmt":"2025-09-30T23:33:14","guid":{"rendered":"https:\/\/www.europesays.com\/es\/149600\/"},"modified":"2025-09-30T23:33:14","modified_gmt":"2025-09-30T23:33:14","slug":"notas-y-uno-por-uno-del-valencia-cf-ante-el-oviedo-aprobados-y-suspensos","status":"publish","type":"post","link":"https:\/\/www.europesays.com\/es\/149600\/","title":{"rendered":"Notas y uno por uno del Valencia CF ante el Oviedo, aprobados y suspensos:"},"content":{"rendered":"\n<p>M\u00e1s noticias<\/p>\n<p><a class=\"info_masnoticias\" href=\"https:\/\/www.eldesmarque.com\/futbol\/valencia-cf\/\" rel=\"nofollow noopener\" target=\"_blank\"><br \/>\nM\u00e1s de<br \/>\nM\u00e1s noticias de<br \/>\nValencia CF<br \/>\n<\/a><\/p>\n<p>El <a href=\"https:\/\/www.eldesmarque.com\/resultados\/partido\/2026\/21897-valencia-cf-real-oviedo\" rel=\"nofollow noopener\" target=\"_blank\">Valencia CF perdi\u00f3 ante el Real Oviedo<\/a>. Tras <a href=\"https:\/\/www.eldesmarque.com\/futbol\/liga-1a-division\/20250929\/suspendido-valencia-cf-real-oviedo-alerta-roja_300769999.html\" rel=\"nofollow noopener\" target=\"_blank\">aplazarse 24 horas por la alerta roja<\/a>, finalmente se disput\u00f3 el choque en Mestalla. Los de <strong>Carlos Corber\u00e1n<\/strong> lo tuvieron en su mano y lo perdieron. Se adelantaron gracias a un gol de Danjuma tempranero pero fueron incapaces de rematar la faena y acabaron perdiendo.<\/p>\n<p>En <strong>ElDesmarque<\/strong> ponemos nota a los jugadores del Valencia CF<\/p>\n<p><strong>Julen Agirrezabala (8):<\/strong> Tuvo dos intervenciones salvadoras en la primera mitad. Otra en la segunda. Nada pudo hacer en los goles.<\/p>\n<p><strong>Jos\u00e9 Luis Gay\u00e0 (5):<\/strong> El capit\u00e1n estuvo bien en la primera mitad, en la segunda Expuls\u00f3 a Ilic, cumpli\u00f3, pero la grada le pit\u00f3 y mucho. \u00c9l parece que contest\u00f3 y ya le silbaron casi en cada acci\u00f3n.<\/p>\n<p><strong>Diakhaby (7):<\/strong> Buen partido en defensa. Es el que saca el bal\u00f3n cuando hay apuros. Adem\u00e1s forz\u00f3 el penalti que pudo sentenciar el duelo.<\/p>\n<p><strong>T\u00e1rrega (7):<\/strong> Muy serio en la zaga. Un muro que las sac\u00f3 casi todas. Amonestado. Por tocar, hasta propici\u00f3 el 1-2 tras un rechace.<\/p>\n<p><strong>Foulquier (5):<\/strong> El lateral cumpli\u00f3 sin brillo pesar de las molestias que arrastraba. Le hace mucho trabajo a Luis Rioja<\/p>\n<p><strong>Baptiste Santamar\u00eda (4):<\/strong> No estuvo bien. Algo lento y poco participativo.\u00a0<\/p>\n<p><strong>Javi Guerra (5):<\/strong> Regres\u00f3 al once titular. Recuperaba su sitio tras descansar en Cornell\u00e0. Con bal\u00f3n bien, pero falto del brillo que acostumbra. Trabaj\u00f3 mucho.<\/p>\n<p><strong>Andr\u00e9 Almeida (5):<\/strong> Fue la gran novedad en el equipo inicial. Apareci\u00f3 con cuentagotas. Se esperaba m\u00e1s<\/p>\n<p><strong>Luis Rioja (8):<\/strong> Cuando a\u00fan entraba gente al estadio se invent\u00f3 un centro medido tras un regate en un espacio reducido y la puso \u00a1con la derecha a Danjuma. De sus botas naci\u00f3 el gol y adem\u00e1s las mejores ocasiones.<\/p>\n<p><strong>Arnaut Danjuma (7): <\/strong>Pegado por la banda izquierda, la primera que toc\u00f3 la meti\u00f3 para <a href=\"https:\/\/www.eldesmarque.com\/futbol\/valencia-cf\/20250930\/arnaut-danjuma-alucina-aficion-gol-tijera-partido-valencia-real-oviedo_300771572.html\" rel=\"nofollow noopener\" target=\"_blank\">dentro con un remate acrob\u00e1tico<\/a>. Despu\u00e9s fall\u00f3 un penalti que conden\u00f3 su partido, que iba para sobresaliente y para el equipo<\/p>\n<p><strong>Hugo Duro (5):<\/strong> Se ofreci\u00f3 siempre en la creaci\u00f3n, en el remate, las luch\u00f3 todas. Agotado, se fue en el 54 por Beltr\u00e1n<\/p>\n<p><img decoding=\"async\" src=\"https:\/\/www.europesays.com\/es\/wp-content\/uploads\/2025\/09\/gol_de_danjuma_hasta_el_oviedo_foto_valencia_cf_002.png\" width=\"660\" height=\"423.08\" alt=\"Gol de Danjuma hasta el Oviedo (Foto: Valencia CF)\"\/><br \/>\nGol de Danjuma hasta el Oviedo (Foto: Valencia CF)<\/p>\n<p>Tambi\u00e9n jugaron en el Valencia CF:<\/p>\n<p><strong>Pepelu (7):<\/strong> Sali\u00f3 por Javi Guerra en el minuto 54. Estuvo muy bien, le dio otro aire al equipo.<\/p>\n<p><strong>Lucas Beltr\u00e1n (5):<\/strong> Sali\u00f3 por Hugo Duro en el minuto 54. Mucho trabajo, fall\u00f3 una ocasi\u00f3n muy clara<\/p>\n<p><strong>Diego L\u00f3pez (4):<\/strong> Sali\u00f3 por Andr\u00e9 Almeida en el minuto 54. Estuvo, pero poco fino<\/p>\n<p><strong>Dani Raba (4):<\/strong> Sali\u00f3 por Danjuma en el minuto 75. Dej\u00f3 dos detalles buenos<\/p>\n<p><strong>Ramazani (2):<\/strong> Sali\u00f3 por Rioja en el minuto 86. Mal.\u00a0<\/p>\n<p><img loading=\"lazy\" decoding=\"async\" src=\"https:\/\/www.europesays.com\/es\/wp-content\/uploads\/2025\/09\/valencia_oviedo_foto_laliga_001.png\" width=\"660\" height=\"440\" alt=\"Valencia-Oviedo (Foto: LALIGA)\"\/><br \/>\nValencia-Oviedo (Foto: LALIGA)<\/p>\n<p><strong>El entrenador Carlos Corber\u00e1n<\/strong><\/p>\n<p><strong>Carlos Corber\u00e1n (6):<\/strong> De inicio, el entrenador de Cheste hizo pocos cambios en su once titular pero uno sintom\u00e1tico. <a href=\"https:\/\/www.eldesmarque.com\/futbol\/liga-1a-division\/20250930\/alineaciones-confirmadas-del-valencia-cf-y-el-real-oviedo-en-la-jornada-7-de-laliga_300770234.html\" rel=\"nofollow noopener\" target=\"_blank\">Corber\u00e1n apost\u00f3 de inicio por Andr\u00e9 Almeida en detrimento de Diego L\u00f3pez<\/a>. Tambi\u00e9n volvi\u00f3 Javi Guerra tras descansar de inicio en Cornell\u00e0.<\/p>\n<p>En el 54, cuando peor estaba su equipo, hizo tres cambios y el Valencia CF mejor\u00f3. Sin embargo, se le escap\u00f3 el partido por falta de ambici\u00f3n de todos<\/p>\n","protected":false},"excerpt":{"rendered":"M\u00e1s noticias M\u00e1s de M\u00e1s noticias de Valencia CF El Valencia CF perdi\u00f3 ante el Real Oviedo. Tras&hellip;\n","protected":false},"author":2,"featured_media":149601,"comment_status":"","ping_status":"","sticky":false,"template":"","format":"standard","meta":{"footnotes":""},"categories":[5],"tags":[17,18,25,24,13,14,11,19,20,9,10,15,16,23,12,21,22],"class_list":{"0":"post-149600","1":"post","2":"type-post","3":"status-publish","4":"format-standard","5":"has-post-thumbnail","7":"category-titulares","8":"tag-breaking-news","9":"tag-breakingnews","10":"tag-es","11":"tag-espana","12":"tag-featured-news","13":"tag-featurednews","14":"tag-headlines","15":"tag-latest-news","16":"tag-latestnews","17":"tag-news","18":"tag-noticias","19":"tag-noticias-destacadas","20":"tag-noticiasdestacadas","21":"tag-spain","22":"tag-titulares","23":"tag-ultimas-noticias","24":"tag-ultimasnoticias"},"share_on_mastodon":{"url":"","error":""},"_links":{"self":[{"href":"https:\/\/www.europesays.com\/es\/wp-json\/wp\/v2\/posts\/149600","targetHints":{"allow":["GET"]}}],"collection":[{"href":"https:\/\/www.europesays.com\/es\/wp-json\/wp\/v2\/posts"}],"about":[{"href":"https:\/\/www.europesays.com\/es\/wp-json\/wp\/v2\/types\/post"}],"author":[{"embeddable":true,"href":"https:\/\/www.europesays.com\/es\/wp-json\/wp\/v2\/users\/2"}],"replies":[{"embeddable":true,"href":"https:\/\/www.europesays.com\/es\/wp-json\/wp\/v2\/comments?post=149600"}],"version-history":[{"count":0,"href":"https:\/\/www.europesays.com\/es\/wp-json\/wp\/v2\/posts\/149600\/revisions"}],"wp:featuredmedia":[{"embeddable":true,"href":"https:\/\/www.europesays.com\/es\/wp-json\/wp\/v2\/media\/149601"}],"wp:attachment":[{"href":"https:\/\/www.europesays.com\/es\/wp-json\/wp\/v2\/media?parent=149600"}],"wp:term":[{"taxonomy":"category","embeddable":true,"href":"https:\/\/www.europesays.com\/es\/wp-json\/wp\/v2\/categories?post=149600"},{"taxonomy":"post_tag","embeddable":true,"href":"https:\/\/www.europesays.com\/es\/wp-json\/wp\/v2\/tags?post=149600"}],"curies":[{"name":"wp","href":"https:\/\/api.w.org\/{rel}","templated":true}]}}