{"id":149610,"date":"2025-09-30T23:40:18","date_gmt":"2025-09-30T23:40:18","guid":{"rendered":"https:\/\/www.europesays.com\/es\/149610\/"},"modified":"2025-09-30T23:40:18","modified_gmt":"2025-09-30T23:40:18","slug":"la-razon-por-la-que-estan-insultando-a-pierre-gasly-companero-de-colapinto-en-las-redes-ole","status":"publish","type":"post","link":"https:\/\/www.europesays.com\/es\/149610\/","title":{"rendered":"La raz\u00f3n por la que est\u00e1n insultando a Pierre Gasly, compa\u00f1ero de Colapinto, en las redes :: Ol\u00e9"},"content":{"rendered":"<p>30\/09\/2025 17:03hs.<\/p>\n<p>Las redes sociales son una jungla donde vale todo y poco se entiende en su justa medida. En ese mundo, que generalmente vive fuera de contexto, <strong>un comentario que se hace al pasar puede terminar mal<\/strong>. Mucho m\u00e1s si se trata de una cuesti\u00f3n relacionada a un deporte que despierta tanta pasi\u00f3n como la <strong><a href=\"https:\/\/www.ole.com.ar\/tema\/formula-1.html\" title=\"F\u00f3rmula 1\" alt=\"F\u00f3rmula 1\" class=\"slug\" rel=\"nofollow noopener\" target=\"_blank\">F\u00f3rmula 1<\/a><\/strong>. As\u00ed le pas\u00f3 a<strong><a href=\"https:\/\/www.ole.com.ar\/tema\/pierre-gasly.html\" title=\"Pierre Gasly\" alt=\"Pierre Gasly\" class=\"slug\" rel=\"nofollow noopener\" target=\"_blank\"> Pierre Gasly<\/a><\/strong>, compa\u00f1ero de <strong><a href=\"https:\/\/www.ole.com.ar\/tema\/franco-colapinto.html\" title=\"Franco Colapinto\" alt=\"Franco Colapinto\" class=\"slug\" rel=\"nofollow noopener\" target=\"_blank\">Franco Colapinto<\/a><\/strong> en <strong><a href=\"https:\/\/www.ole.com.ar\/tema\/alpine.html\" title=\"Alpine\" alt=\"Alpine\" class=\"slug\" rel=\"nofollow noopener\" target=\"_blank\">Alpine<\/a><\/strong>, que <strong>se encontr\u00f3 con varias respuestas negativas<\/strong> por una frase inocente.<\/p>\n<p>En X (Twitter), el piloto franc\u00e9s de 29 a\u00f1os mostr\u00f3 su emoci\u00f3n por el GP de este finde, ya que la M\u00e1xima desembarca en Asia para el <strong>Gran Premio de Singapur<\/strong>, el domingo 5 de octubre. <strong>\u00abRace Week\u00bb (\u00abSemana de Carreras\u00bb), escribi\u00f3 entre signos de exclamaci\u00f3n y en may\u00fasculas<\/strong>. Pero, \u00bfc\u00f3mo puede ser que algo tan com\u00fan reciba cr\u00edticas?<\/p>\n<p><img alt=\"La publicaci\u00f3n de Gasly.\" loading=\"lazy\" width=\"720\" height=\"100\" decoding=\"async\" data-nimg=\"1\" style=\"color:transparent\" src=\"https:\/\/www.europesays.com\/es\/wp-content\/uploads\/2025\/09\/YDFYiFv3c_720x0__1.jpg\"\/>La publicaci\u00f3n de Gasly.<\/p>\n<p>Para entender el por qu\u00e9, hay que mantenerse fuera del \u00e1mbito fierrero. El mismo lunes que Gasly comparti\u00f3 aquellas dos palabras, <strong><a href=\"https:\/\/www.ole.com.ar\/autos\/lewis-hamilton-perro-roscoe-fallecimiento-despedida-ferrari-formula1-f1_0_HJgGVD0Ka1.html\" target=\"_blank\" title=\" Lewis Hamilton inform\u00f3 el fallecimiento de su perro, Roscoe\" alt=\" Lewis Hamilton inform\u00f3 el fallecimiento de su perro, Roscoe\" rel=\"nofollow noopener\">Lewis Hamilton inform\u00f3 el fallecimiento de su perro, Roscoe<\/a><\/strong>, que captaba la atenci\u00f3n de todos cuando sol\u00eda aparecer en el paddock y ten\u00eda m\u00e1s de un mill\u00f3n de seguidores en Instagram. La mascota hab\u00eda sido internada a ra\u00edz de una neumon\u00eda que la dej\u00f3 en estado de coma, as\u00ed lo mostr\u00f3 el hombre de Ferrari en la publicaci\u00f3n que subi\u00f3 el viernes. Finalmente, tres d\u00edas despu\u00e9s, muri\u00f3.<\/p>\n<p>Los fan\u00e1ticos de Hamilton, que no son pocos, y otros tantos usuarios <strong>acusaron de insensible al franc\u00e9s en las respuestas de su posteo<\/strong>. \u00abEstamos de luto, amigo\u00bb, \u00abNo nos importa la carrera ahora, Pierre\u00bb, \u00abQuiz\u00e1s deber\u00edas entender mejor el ambiente\u00bb y \u00abTiempo y lugar, hermano\u00bb, son algunos de los comentarios que destacan. Incluso hubo algunos en espa\u00f1ol: \u00ab\u00bfQui\u00e9n le avisa?\u00bb. Hubo otros -bastantes- directamente insultando al compa\u00f1ero de Colapinto.<\/p>\n<p><img alt=\"Las respuestas de los fan\u00e1ticos de Hamilton al posteo del franc\u00e9s.\" loading=\"lazy\" width=\"720\" height=\"100\" decoding=\"async\" data-nimg=\"1\" style=\"color:transparent\" src=\"https:\/\/www.europesays.com\/es\/wp-content\/uploads\/2025\/09\/vJA03YD3O_720x0__1.jpg\"\/>Las respuestas de los fan\u00e1ticos de Hamilton al posteo del franc\u00e9s.<\/p>\n<p>El mensaje de Hamilton y el adi\u00f3s a Roscoe<\/p>\n<p>En su Instagram, el piloto ingl\u00e9s escribi\u00f3: \u00abDespu\u00e9s de cuatro d\u00edas con soporte vital, luchando con cada poco de fuerza que ten\u00eda,<strong> tuve que tomar la decisi\u00f3n m\u00e1s dif\u00edcil de mi vida y despedirme de Roscoe<\/strong>. Nunca dej\u00f3 de pelear, lo hizo hasta el final. Me siento muy agradecido y honrado de haber compartido este tiempo con un alma tan hermosa, un \u00e1ngel y un verdadero amigo\u00bb.<\/p>\n<p>A continuaci\u00f3n, ampli\u00f3: \u00abTraerlo a mi vida fue la mejor decisi\u00f3n que tom\u00e9, y siempre apreciar\u00e9 los recuerdos que hemos creado juntos. Aunque perd\u00ed a Coco,<strong> nunca antes me hab\u00eda enfrentado a tener que poner a dormir a un perro<\/strong>, aunque s\u00e9 que mi mam\u00e1 y muchos amigos cercanos lo hicieron. <strong>Es una de las experiencias m\u00e1s dolorosas<\/strong> y siento una profunda conexi\u00f3n con todos los que han pasado por la p\u00e9rdida de una querida mascota. Aunque fue dif\u00edcil, tenerlo fue una de las partes m\u00e1s hermosas de mi existencia, amar tan profundamente y ser amado a cambio\u00bb.<\/p>\n<p>\u00abGracias a todos por el amor y el apoyo que le mostraron a Roscoe a lo largo de los a\u00f1os. Fue algo muy especial de presenciar y sentir. <strong>Muri\u00f3 el domingo 28 de septiembre por la tarde, en mis brazos<\/strong>\u00ab, sentenci\u00f3.<\/p>\n<p><img alt=\"La foto con la que Hamilton se despidi\u00f3 de su perro. (Foto: @lewishamilton)\" loading=\"lazy\" width=\"720\" height=\"100\" decoding=\"async\" data-nimg=\"1\" style=\"color:transparent\" src=\"https:\/\/www.europesays.com\/es\/wp-content\/uploads\/2025\/09\/1qcEUaY55_720x0__1.jpg\"\/>La foto con la que Hamilton se despidi\u00f3 de su perro. (Foto: @lewishamilton)<a href=\"https:\/\/www.ole.com.ar\/autos\/sale-campeon-formula-1-mc-laren-gp-singapur_0_zZ1aWsyK64.html\" aria-label=\"Qu\u00e9 necesita McLaren para salir campe\u00f3n de la F\u00f3rmula 1 en el GP de Singapur\" class=\"sc-198398ff-0 dGmAry\" rel=\"nofollow noopener\" target=\"_blank\"><img alt=\"Qu\u00e9 necesita McLaren para salir campe\u00f3n de la F\u00f3rmula 1 en el GP de Singapur\" loading=\"lazy\" width=\"290\" height=\"290\" decoding=\"async\" data-nimg=\"1\" style=\"color:transparent\" src=\"https:\/\/www.europesays.com\/es\/wp-content\/uploads\/2025\/09\/qaS5T-Fq7_290x290__1.jpg\"\/><\/p>\n<p>Mir\u00e1 tambi\u00e9nQu\u00e9 necesita McLaren para salir campe\u00f3n de la F\u00f3rmula 1 en el GP de Singapur<\/p>\n<p><a href=\"https:\/\/www.ole.com.ar\/autos\/franco-colapinto-gp-singapur-sacar-espina-especial_0_lZ0gHeQR7d.html\" aria-label=\"Franco Colapinto: por qu\u00e9 es especial el GP de Singapur de F\u00f3rmula 1 y la espina que buscar sacarse de encima\" class=\"sc-198398ff-0 dGmAry\" rel=\"nofollow noopener\" target=\"_blank\"><img alt=\"Franco Colapinto: por qu\u00e9 es especial el GP de Singapur de F\u00f3rmula 1 y la espina que buscar sacarse de encima\" loading=\"lazy\" width=\"290\" height=\"290\" decoding=\"async\" data-nimg=\"1\" style=\"color:transparent\" src=\"https:\/\/www.europesays.com\/es\/wp-content\/uploads\/2025\/09\/6BEPRJtbs_290x290__1.jpg\"\/><\/p>\n<p>Mir\u00e1 tambi\u00e9nFranco Colapinto: por qu\u00e9 es especial el GP de Singapur de F\u00f3rmula 1 y la espina que buscar sacarse de encima<\/p>\n<p><a href=\"https:\/\/www.ole.com.ar\/autos\/salio-campeon-mundo-foto-lionel-messi-qatar-marc-marquez_0_GXZnS4cVJh.html\" aria-label=\"Sali\u00f3 campe\u00f3n del mundo y se sac\u00f3 la misma foto que Lionel Messi despu\u00e9s de Qatar\" class=\"sc-198398ff-0 dGmAry\" rel=\"nofollow noopener\" target=\"_blank\"><img alt=\"Sali\u00f3 campe\u00f3n del mundo y se sac\u00f3 la misma foto que Lionel Messi despu\u00e9s de Qatar\" loading=\"lazy\" width=\"290\" height=\"290\" decoding=\"async\" data-nimg=\"1\" style=\"color:transparent\" src=\"https:\/\/www.europesays.com\/es\/wp-content\/uploads\/2025\/09\/VlGKF1ffw_290x290__1.jpg\"\/><\/p>\n<p>Mir\u00e1 tambi\u00e9nSali\u00f3 campe\u00f3n del mundo y se sac\u00f3 la misma foto que Lionel Messi despu\u00e9s de Qatar<\/p>\n","protected":false},"excerpt":{"rendered":"30\/09\/2025 17:03hs. Las redes sociales son una jungla donde vale todo y poco se entiende en su justa&hellip;\n","protected":false},"author":2,"featured_media":149611,"comment_status":"","ping_status":"","sticky":false,"template":"","format":"standard","meta":{"footnotes":""},"categories":[270],"tags":[1331,168,25,24,306,271,272,1330,23,167],"class_list":{"0":"post-149610","1":"post","2":"type-post","3":"status-publish","4":"format-standard","5":"has-post-thumbnail","7":"category-formula-1","8":"tag-alpine","9":"tag-deportes","10":"tag-es","11":"tag-espana","12":"tag-f1","13":"tag-formula-1","14":"tag-formula1","15":"tag-pierre-gasly","16":"tag-spain","17":"tag-sports"},"share_on_mastodon":{"url":"","error":""},"_links":{"self":[{"href":"https:\/\/www.europesays.com\/es\/wp-json\/wp\/v2\/posts\/149610","targetHints":{"allow":["GET"]}}],"collection":[{"href":"https:\/\/www.europesays.com\/es\/wp-json\/wp\/v2\/posts"}],"about":[{"href":"https:\/\/www.europesays.com\/es\/wp-json\/wp\/v2\/types\/post"}],"author":[{"embeddable":true,"href":"https:\/\/www.europesays.com\/es\/wp-json\/wp\/v2\/users\/2"}],"replies":[{"embeddable":true,"href":"https:\/\/www.europesays.com\/es\/wp-json\/wp\/v2\/comments?post=149610"}],"version-history":[{"count":0,"href":"https:\/\/www.europesays.com\/es\/wp-json\/wp\/v2\/posts\/149610\/revisions"}],"wp:featuredmedia":[{"embeddable":true,"href":"https:\/\/www.europesays.com\/es\/wp-json\/wp\/v2\/media\/149611"}],"wp:attachment":[{"href":"https:\/\/www.europesays.com\/es\/wp-json\/wp\/v2\/media?parent=149610"}],"wp:term":[{"taxonomy":"category","embeddable":true,"href":"https:\/\/www.europesays.com\/es\/wp-json\/wp\/v2\/categories?post=149610"},{"taxonomy":"post_tag","embeddable":true,"href":"https:\/\/www.europesays.com\/es\/wp-json\/wp\/v2\/tags?post=149610"}],"curies":[{"name":"wp","href":"https:\/\/api.w.org\/{rel}","templated":true}]}}