{"id":149616,"date":"2025-09-30T23:43:12","date_gmt":"2025-09-30T23:43:12","guid":{"rendered":"https:\/\/www.europesays.com\/es\/149616\/"},"modified":"2025-09-30T23:43:12","modified_gmt":"2025-09-30T23:43:12","slug":"la-reflexion-de-jordi-cruz-sobre-el-trabajo-en-espana-hemos-pasado-de-ser-espartanos-a-hacer-solo-8-horas","status":"publish","type":"post","link":"https:\/\/www.europesays.com\/es\/149616\/","title":{"rendered":"La reflexi\u00f3n de Jordi Cruz sobre el trabajo en Espa\u00f1a: \u201cHemos pasado de ser espartanos a hacer solo 8 horas\u201d"},"content":{"rendered":"<p class=\"\"><b>Jordi Cruz<\/b> es una de las figuras m\u00e1s reconocidas y exitosas dentro del mundo de la gastronom\u00eda. A su indudable calidad frente a los fogones se le une una presencia televisiva que pocos cocineros pueden igualar. Desde el a\u00f1o <b>2013<\/b>, el nacido en Manresa forma parte del <b>jurado de \u2018MasterChef<\/b>\u2019, el concurso culinario m\u00e1s importante dentro del territorio nacional.<\/p>\n<p class=\"\">Recientemente, Cruz ha estado en <b>\u2018Se me Antoja\u2019<\/b>, podcast en el que el chef, en compa\u00f1\u00eda de Javi Antoja, se ha sincerado y ha hablado acerca de de la <b>situaci\u00f3n actual que atraviesa el \u00e1mbito gastron\u00f3mico, la evoluci\u00f3n de las condiciones laborales de los trabajadores y el cambio de mentalidad <\/b>que ha experimentado la mayor parte del sector.<\/p>\n<blockquote class=\"tiktok-embed\" cite=\"https:\/\/www.tiktok.com\/@semeantoja1906\/video\/7549161621965311234\" data-video-id=\"7549161621965311234\" data-embed-from=\"oembed\" style=\"max-width:605px; min-width:325px;\"><p>  <a target=\"_blank\" title=\"@semeantoja1906\" href=\"https:\/\/www.tiktok.com\/@semeantoja1906?refer=embed\" rel=\"nofollow noopener\">@semeantoja1906<\/a> <\/p>\n<p>\ud83d\ude80 75 | ME SENT\u00cd SOLO Powered by Kitchen Consult. SeMeAntoja JordiCruz PodcastGastron\u00f3mico AltaCocina CocinaDeAutor Gastronom\u00eda ABaC EstrellasMichelin RestaurantesBarcelona CocinerosDeEspa\u00f1a MasterChef ChefLife HistoriasQueInspiran CocinarConEquilibrio SeMeAntojaPodcast<\/p>\n<p> <a target=\"_blank\" title=\"\u266c sonido original - semeantoja1906 - semeantoja1906\" href=\"https:\/\/www.tiktok.com\/music\/sonido-original-semeantoja1906-7549161619210324758?refer=embed\" rel=\"nofollow noopener\">\u266c sonido original &#8211; semeantoja1906 &#8211; semeantoja1906<\/a>  <\/p><\/blockquote>\n<p class=\"\"><b>\u201c\u00bfTe has sentido solo en alg\u00fan momento?\u201d<\/b>, pregunta Javi. <b>\u201cTodo el rato<\/b>\u201d, reconoce el cocinero catal\u00e1n, quien, a continuaci\u00f3n, explica los motivos que le llevan a pronunciar dicha afirmaci\u00f3n:<b> \u201cLos tiempos que corren son unos tiempos muy jorobados. Hay un cambio de mentalidad generacional, donde ha cambiado la forma de pensar de nuestro oficio. Hemos pasado de ser espartanos a buscar un equilibrio y hacer solo ocho horas\u201d<\/b>, afirma.<\/p>\n<p>\u201cMe ha faltado margen de tiempo para adaptarme\u201d<\/p>\n<p class=\"\">Jordi Cruz se considera a s\u00ed mismo como <b>\u201cun purista\u201d <\/b>del oficio: <b>\u201cMe ha faltado ese margen de tiempo para adaptarme. <\/b>(&#8230;) Cuando est\u00e1s dando tumbos, los est\u00e1s dando solo. <b>Y en algunos momentos, algunas de esas gentes no tienen en cuenta el foll\u00f3n en el que est\u00e1s metido\u201d<\/b>, expresa.<\/p>\n<p>Noticias relacionadas<a href=\"https:\/\/as.com\/tikitakas\/gastronomia\/jordi-cruz-lanza-un-aviso-sobre-el-futuro-de-la-hosteleria-en-espana-los-jovenes-ya-no-quieren-trabajar-de-camareros-n\/\" class=\"s_m_w\" title=\"El famoso miembro del jurado de \u2018MasterChef\u2019, que hoy estrena su d\u00e9cima edici\u00f3n de famosos en La 1, ha hablado sobre la situaci\u00f3n del sector. \" data-tb-link=\"\" rel=\"nofollow noopener\" target=\"_blank\"><img decoding=\"async\" src=\"https:\/\/www.europesays.com\/es\/wp-content\/uploads\/2025\/09\/7NUYBARAJ5OLVBBOZKHVNSEN5Y.jpg\" alt=\"Jordi Cruz lanza un aviso sobre el futuro de la hosteler\u00eda en Espa\u00f1a: \u201cLos j\u00f3venes ya no quieren trabajar de camareros\u201d \" class=\"\" height=\"1\" width=\"1\"   loading=\"lazy\" data-tb-thumbnail=\"\"\/><\/a><a href=\"https:\/\/as.com\/tikitakas\/gastronomia\/jordi-cruz-tajante-sobre-la-jornada-laboral-de-los-camareros-en-sus-restaurantes-nos-ha-costado-pasar-de-14-a-8-horas-n\/\" class=\"s_m_w\" title=\"El reconocido chef ha hablado en una entrevista con RAC1 acerca de sus empleados, sus jornadas y sus sueldos: \u201cPagamos bien\u201d. \" data-tb-link=\"\" rel=\"nofollow noopener\" target=\"_blank\"><img decoding=\"async\" src=\"https:\/\/www.europesays.com\/es\/wp-content\/uploads\/2025\/09\/S6LXATW7UZBEXK2VNWTEUGG6GY.png\" alt=\"Jordi Cruz, tajante sobre la jornada laboral de los camareros en sus restaurantes: \u201cNos ha costado pasar de 14 a 8 horas\u201d\" class=\"\" height=\"1\" width=\"1\"   loading=\"lazy\" data-tb-thumbnail=\"\"\/><\/a><\/p>\n<p class=\"\">Aun as\u00ed, el miembro del jurado de \u2018MasterChef\u2019 <b>acepta las dificultades<\/b> y las \u2018abraza\u2019: <b>\u201cEs el juego, o juegas o te quedas en tu casita. Yo juego, soy jugador. Llevo toda la vida siendo un chico peque\u00f1ito, pero que ha salido al ruedo\u201d<\/b>, concluye.<\/p>\n<p class=\"\"><b>\u00a1Tus opiniones importan!<\/b> Comenta en los art\u00edculos y suscr\u00edbete gratis a nuestra <a href=\"https:\/\/asfan.as.com\/newsletters\/\" target=\"_blank\" rel=\"nofollow noopener\" title=\"https:\/\/asfan.as.com\/newsletters\/\">newsletter<\/a> y a las alertas informativas en la <a href=\"https:\/\/as.com\/aplicacion-de-as-n\/\" target=\"_blank\" rel=\"nofollow noopener\" title=\"https:\/\/as.com\/aplicacion-de-as-n\/\">App<\/a> o el canal de <a href=\"https:\/\/www.whatsapp.com\/channel\/0029VaAasdA7j6g745nz9M10\" target=\"_blank\" rel=\"nofollow noopener\" title=\"https:\/\/www.whatsapp.com\/channel\/0029VaAasdA7j6g745nz9M10\">WhatsApp<\/a>. \u00bfBuscas licenciar contenido? Haz clic <a href=\"https:\/\/profesional.elpais.com\/soluciones-sindicacion?utm_medium=interno&amp;utm_source=crosslinking&amp;utm_campaign=sindicacion_as_pie_articulos\" target=\"_blank\" rel=\"nofollow noopener\" title=\"https:\/\/profesional.elpais.com\/soluciones-sindicacion?utm_medium=interno&amp;utm_source=crosslinking&amp;utm_campaign=sindicacion_as_pie_articulos\">aqu\u00ed<\/a><\/p>\n<p><script async src=\"\/\/www.tiktok.com\/embed.js\"><\/script><\/p>\n","protected":false},"excerpt":{"rendered":"Jordi Cruz es una de las figuras m\u00e1s reconocidas y exitosas dentro del mundo de la gastronom\u00eda. A&hellip;\n","protected":false},"author":2,"featured_media":149617,"comment_status":"","ping_status":"","sticky":false,"template":"","format":"standard","meta":{"footnotes":""},"categories":[174],"tags":[255,146,147,25,24,256,23],"class_list":{"0":"post-149616","1":"post","2":"type-post","3":"status-publish","4":"format-standard","5":"has-post-thumbnail","7":"category-famosos","8":"tag-celebrities","9":"tag-entertainment","10":"tag-entretenimiento","11":"tag-es","12":"tag-espana","13":"tag-famosos","14":"tag-spain"},"share_on_mastodon":{"url":"","error":""},"_links":{"self":[{"href":"https:\/\/www.europesays.com\/es\/wp-json\/wp\/v2\/posts\/149616","targetHints":{"allow":["GET"]}}],"collection":[{"href":"https:\/\/www.europesays.com\/es\/wp-json\/wp\/v2\/posts"}],"about":[{"href":"https:\/\/www.europesays.com\/es\/wp-json\/wp\/v2\/types\/post"}],"author":[{"embeddable":true,"href":"https:\/\/www.europesays.com\/es\/wp-json\/wp\/v2\/users\/2"}],"replies":[{"embeddable":true,"href":"https:\/\/www.europesays.com\/es\/wp-json\/wp\/v2\/comments?post=149616"}],"version-history":[{"count":0,"href":"https:\/\/www.europesays.com\/es\/wp-json\/wp\/v2\/posts\/149616\/revisions"}],"wp:featuredmedia":[{"embeddable":true,"href":"https:\/\/www.europesays.com\/es\/wp-json\/wp\/v2\/media\/149617"}],"wp:attachment":[{"href":"https:\/\/www.europesays.com\/es\/wp-json\/wp\/v2\/media?parent=149616"}],"wp:term":[{"taxonomy":"category","embeddable":true,"href":"https:\/\/www.europesays.com\/es\/wp-json\/wp\/v2\/categories?post=149616"},{"taxonomy":"post_tag","embeddable":true,"href":"https:\/\/www.europesays.com\/es\/wp-json\/wp\/v2\/tags?post=149616"}],"curies":[{"name":"wp","href":"https:\/\/api.w.org\/{rel}","templated":true}]}}