{"id":149629,"date":"2025-09-30T23:54:08","date_gmt":"2025-09-30T23:54:08","guid":{"rendered":"https:\/\/www.europesays.com\/es\/149629\/"},"modified":"2025-09-30T23:54:08","modified_gmt":"2025-09-30T23:54:08","slug":"piden-la-expulsion-de-espert-de-diputados-lo-denuncian-por-inhabilidad-moral-y-exigen-que-se-aparte-de-inmediato-de-presupuesto","status":"publish","type":"post","link":"https:\/\/www.europesays.com\/es\/149629\/","title":{"rendered":"Piden la expulsi\u00f3n de Espert de Diputados\u00a0\u00a0 | Lo denuncian por \u00abinhabilidad moral\u00bb y exigen que se aparte de inmediato de Presupuesto"},"content":{"rendered":"<p>Un proyecto de resoluci\u00f3n presentado por las diputadas Victoria Tolosa Paz y Agustina Propato, y acompa\u00f1ado por las firmas de diputados de Uni\u00f3n por la Patria y del bloque Coherencia -los exlibertarios Marcela Pagano, Carlos D\u2019Alessandro, Gerardo Gonz\u00e1lez y Lourdes Arrieta- solicita la <b>expulsi\u00f3n de Jos\u00e9 Luis Espert de Diputados por \u00abinhabilidad moral\u00bb<\/b>,\u00a0tras el esc\u00e1ndalo de la denuncia por sus v\u00ednculos con el narcotr\u00e1fico. M\u00e1s temprano,\u00a0los diputados del bloque de Uni\u00f3n por la Patria hab\u00edan reclamado la remoci\u00f3n del candidato que encabeza la lista libertaria de la presidencia de la comisi\u00f3n de Presupuesto de la C\u00e1mara baja.\u00a0<\/p>\n<p>El proyecto que lleva las firmas de 28 diputados y diputadas pide \u00abexcluir al diputado Jos\u00e9 Luis Espert <b>por inhabilidad moral <\/b>sobreviniente de los hechos de p\u00fablico conocimiento, relacionados al narcotr\u00e1fico y fraude, conforme lo establecido en el art\u00edculo 66 de la Constituci\u00f3n Nacional\u00bb.\u00a0 Entre los firmantes se encuentran\u00a0Lorena Pokoik, Mart\u00edn Soria, Carlos Castagneto,\u00a0Blanca Osuna, Santiago Cafiero, y Daniel Goll\u00e1n, entre otros.\u00a0<\/p>\n<p>Otro grupo de diputados sali\u00f3 durante el d\u00eda de ayer a pedir, de m\u00ednima, que \u201c<b>Jos\u00e9 Luis Espert no puede seguir presidiendo la Comisi\u00f3n de Presupuesto\u00bb<\/b>. \u00abNuestro bloque exigir\u00e1 su remoci\u00f3n inmediata del cargo. No se puede debatir seriamente el Presupuesto 2026 <b>con un diputado con v\u00ednculos narcos <\/b>sentado en la presidencia de la comisi\u00f3n\u201d, escribi\u00f3 el jefe de la bancada de UxP, Germ\u00e1n Mart\u00ednez, en su cuenta de X. \u201cY al mismo tiempo los otros diputados que no son de UxP tambi\u00e9n tienen que darse cuenta que la presencia de Espert presidiendo la comisi\u00f3n de Presupuesto va en contra de un debate en profundidad. \u00bfCualquier funcionario que vaya explicar cuestiones del presupuesto se va a sentar al lado de una persona acusada de financiamiento narco?\u201d, agreg\u00f3 Mart\u00ednez en declaraciones posteriores.<\/p>\n<p>\u201cEn una intervenci\u00f3n periodista Espert dijo que eso era parte de una campa\u00f1a sucia. <b>La \u00fanica campa\u00f1a sucia es la que \u00e9l hizo en 2019 con plata sucia del narco<\/b>, la que hizo Espert en la provincia de Buenos Aires para las presidenciales y en 2021 para diputado con plata mal habida\u201d, se\u00f1al\u00f3 Mart\u00ednez sobre la defensa que esgrimi\u00f3 el libertario. \u201cHay que dejar de echar culpas al costado y poner la atenci\u00f3n sobre lo que verdaderamente importa, donde los otros espacios parlamentarios no pueden ser condescendientes: <b>Jos\u00e9 Luis Espert no est\u00e1 en condiciones \u00e9ticas<\/b> de presidir la comisi\u00f3n de presupuesto que va a tratar la ley de leyes para 2026\u201d, reclam\u00f3.<\/p>\n<p>Otros integrantes del bloque no tardaron a sumarse al pedido de renuncia a la comisi\u00f3n del economista libertario. \u00abEspert no puede seguir al frente de la Comisi\u00f3n de Presupuesto de la C\u00e1mara de Diputados y tampoco deber\u00eda seguir ocupando una banca del Congreso de la Naci\u00f3n\u00bb, consider\u00f3 Sabrina Selva. Su par Gabriela Est\u00e9vez escribi\u00f3: \u00abLos hechos son muy graves y las evidencias cada vez mayores. <b>Un personaje vinculado al narcotr\u00e1fico como Espert no puede seguir un minuto m\u00e1s <\/b>al frente de la Comisi\u00f3n de Presupuesto. Su sola presencia en ese cargo le quita legitimidad. <b>Cuidemos las instituciones<\/b>\u00ab.<\/p>\n<p>\u00abEst\u00e1 vinculado al narcotr\u00e1fico y las pruebas abundan. Es una <b>verg\u00fcenza institucional <\/b>y es urgente que se investigue\u00bb, sum\u00f3 la diputada Julia Strada. La investigaci\u00f3n judicial que se lleva adelante en un juzgado de Texas da cuenta de presuntos aportes financieros y log\u00edsticos de Machado a la campa\u00f1a presidencial de Espert en 2019. Entre las pruebas citadas se menciona un giro de 200 mil d\u00f3lares recibido en 2020 desde un fideicomiso compartido por Machado con la empresaria Debra Mercer-Erwin, actualmente detenida y condenada a 16 a\u00f1os de prisi\u00f3n por narcotr\u00e1fico, lavado de dinero y fraude. Tambi\u00e9n vuelos en su jet privado y una camioneta Grand Cherokee tambi\u00e9n cedida por el empresario a Espert durante sus actividades proselitistas.<\/p>\n<p>\u00abNo podemos debatir el presupuesto con un diputado vinculado al narcotr\u00e1fico\u00bb, exclam\u00f3 la diputada Victoria Tolosa Paz, y record\u00f3 el proyecto de resoluci\u00f3n que presentaron meses atr\u00e1s m\u00e1s de 40 legisladores de su bancada. \u00ab<b>En julio pedimos la remoci\u00f3n de Espert <\/b>de la presidencia de la Comisi\u00f3n de Presupuesto y Hacienda porque utiliz\u00f3 ese lugar para bloquear el debate de proyectos claves para el pueblo argentino. Hoy la situaci\u00f3n es todav\u00eda m\u00e1s grave: siguen saliendo a la luz sus v\u00ednculos con el narcotr\u00e1fico, que hacen que sea insostenible que siga un minuto m\u00e1s en ese cargo\u00bb, sostuvo.<\/p>\n<p>\u00a0<\/p>\n<p>\u00a0<\/p>\n","protected":false},"excerpt":{"rendered":"Un proyecto de resoluci\u00f3n presentado por las diputadas Victoria Tolosa Paz y Agustina Propato, y acompa\u00f1ado por las&hellip;\n","protected":false},"author":2,"featured_media":149630,"comment_status":"","ping_status":"","sticky":false,"template":"","format":"standard","meta":{"footnotes":""},"categories":[42],"tags":[17,18,17847,13,14,11,61,62,63,64,45507,19,20,9,10,15,16,12,21,22,65,66,67],"class_list":{"0":"post-149629","1":"post","2":"type-post","3":"status-publish","4":"format-standard","5":"has-post-thumbnail","7":"category-internacional","8":"tag-breaking-news","9":"tag-breakingnews","10":"tag-el-pais","11":"tag-featured-news","12":"tag-featurednews","13":"tag-headlines","14":"tag-internacional","15":"tag-international","16":"tag-international-news","17":"tag-internationalnews","18":"tag-jose-luis-espert","19":"tag-latest-news","20":"tag-latestnews","21":"tag-news","22":"tag-noticias","23":"tag-noticias-destacadas","24":"tag-noticiasdestacadas","25":"tag-titulares","26":"tag-ultimas-noticias","27":"tag-ultimasnoticias","28":"tag-world","29":"tag-world-news","30":"tag-worldnews"},"share_on_mastodon":{"url":"","error":""},"_links":{"self":[{"href":"https:\/\/www.europesays.com\/es\/wp-json\/wp\/v2\/posts\/149629","targetHints":{"allow":["GET"]}}],"collection":[{"href":"https:\/\/www.europesays.com\/es\/wp-json\/wp\/v2\/posts"}],"about":[{"href":"https:\/\/www.europesays.com\/es\/wp-json\/wp\/v2\/types\/post"}],"author":[{"embeddable":true,"href":"https:\/\/www.europesays.com\/es\/wp-json\/wp\/v2\/users\/2"}],"replies":[{"embeddable":true,"href":"https:\/\/www.europesays.com\/es\/wp-json\/wp\/v2\/comments?post=149629"}],"version-history":[{"count":0,"href":"https:\/\/www.europesays.com\/es\/wp-json\/wp\/v2\/posts\/149629\/revisions"}],"wp:featuredmedia":[{"embeddable":true,"href":"https:\/\/www.europesays.com\/es\/wp-json\/wp\/v2\/media\/149630"}],"wp:attachment":[{"href":"https:\/\/www.europesays.com\/es\/wp-json\/wp\/v2\/media?parent=149629"}],"wp:term":[{"taxonomy":"category","embeddable":true,"href":"https:\/\/www.europesays.com\/es\/wp-json\/wp\/v2\/categories?post=149629"},{"taxonomy":"post_tag","embeddable":true,"href":"https:\/\/www.europesays.com\/es\/wp-json\/wp\/v2\/tags?post=149629"}],"curies":[{"name":"wp","href":"https:\/\/api.w.org\/{rel}","templated":true}]}}