{"id":149631,"date":"2025-09-30T23:55:11","date_gmt":"2025-09-30T23:55:11","guid":{"rendered":"https:\/\/www.europesays.com\/es\/149631\/"},"modified":"2025-09-30T23:55:11","modified_gmt":"2025-09-30T23:55:11","slug":"ordenan-prision-sin-fianza-para-el-detenido-del-crimen-machista-de-sevilla-este-una-vez-reciba-el-alta-en-el-hospital","status":"publish","type":"post","link":"https:\/\/www.europesays.com\/es\/149631\/","title":{"rendered":"Ordenan prisi\u00f3n sin fianza para el detenido del crimen machista de Sevilla Este una vez reciba el alta en el hospital"},"content":{"rendered":"<p><img decoding=\"async\" class=\"voc-author__img\" src=\"https:\/\/www.europesays.com\/es\/wp-content\/uploads\/2025\/09\/autor-7314-foto-1.jpeg\" alt=\"Fernando Barroso Vargas\"\/><\/p>\n<p>30\/09\/2025<br \/>\n<br \/><strong><br \/>\nActualizado a las 21:04h.<br \/>\n<\/strong><\/p>\n<p class=\"voc-p\" style=\"\">El <strong>Juzgado de Violencia sobre la Mujer n\u00famero 1<\/strong> de Sevilla, en funciones de guardia, ha ordenado este martes el ingreso en prisi\u00f3n provisional, comunicada y sin fianza, de Juli\u00e1n David G. V., el joven de 21 a\u00f1os detenido por degollar presuntamente a su expareja de 27 a\u00f1os de edad la madrugada del domingo en la calle Tigris de Sevilla Este, el segundo crimen de violencia de g\u00e9nero en la ciudad este a\u00f1o pero los dos el mes de septiembre.  <\/p>\n<p class=\"voc-p\" style=\"\">Una comisi\u00f3n judicial se ha trasladado esta tarde al <strong>centro hospitalario Virgen Macarena<\/strong>, donde se encuentra ingresado actualmente el detenido tras autolesionarse una vez cometido el crimen y donde le custodian agentes de la Polic\u00eda Nacional. <\/p>\n<p class=\"voc-p\" style=\"\">All\u00ed, seg\u00fan la Oficina de Comunicaci\u00f3n del Tribunal Superior de Justicia de Andaluc\u00eda (TSJA), la comisi\u00f3n judicial ha acordado dicha medida de prisi\u00f3n provisional sin fianza por <strong>presuntos delitos de asesinato, lesiones y contra la intimidad<\/strong>. Durante su comparecencia, el detenido, de nacionalidad colombiana, se ha acogido a su derecho constitucional a no declarar. <\/p>\n<p class=\"voc-p\" style=\"\">El arrestado permanecer\u00e1 ingresado bajo custodia policial <strong>hasta que reciba el alta m\u00e9dica, momento en que ser\u00e1 trasladado a prisi\u00f3n<\/strong>, merced a lo decretado por la citada instancia judicial. <\/p>\n<p class=\"voc-p\" style=\"\">Antes del asesinato, el mencionado joven, en situaci\u00f3n irregular en Espa\u00f1a, <strong>ya hab\u00eda intentado matar a su pareja<\/strong>, Katherine Y. A., tambi\u00e9n originaria de Colombia, nacionalizada espa\u00f1ola y que trabajaba en un bar de Sevilla Este. <\/p>\n<p class=\"voc-p\" style=\"\">En concreto, el presunto autor del asesinato de Katherine y pareja de la joven <strong>habr\u00eda intentado ahogarla en 2024 en la localidad gaditana de El Puerto de Santa Mar\u00eda<\/strong>. Por aquellos hechos se instruyeron actuaciones en el Juzgado de Violencia sobre la Mujer n\u00famero 2 de Sevilla al ser la capital andaluza el lugar de residencia de la v\u00edctima. <\/p>\n<p class=\"voc-p\" style=\"\">La causa no fue a m\u00e1s por la decisi\u00f3n de Katherine, asesinada el pasado fin de semana, <strong>de no seguir adelante con la denuncia por un intento de ahogamiento<\/strong>. Este procedimiento judicial fue el motivo por el que qued\u00f3 suspendido el expediente de expulsi\u00f3n de Juli\u00e1n David del territorio nacional.<\/p>\n<p class=\"voc-p\" style=\"\">No obstante, por aquellos hechos, la joven s\u00ed figuraba en el <strong>sistema VioG\u00e9n de seguimiento de casos de violencia de g\u00e9nero<\/strong>, si bien tras no consumar la denuncia, no contaba con medidas judiciales de protecci\u00f3n. <\/p>\n<p class=\"voc-p\" style=\"\">Juli\u00e1n David G.V. habr\u00eda degollado a su expareja con un cuchillo poco antes de las 3.10 horas de la madrugada del pasado domingo, porque a esa hora fue <strong>localizada la joven sangrando con una herida en el cuello en el tramo de soportal del n\u00famero 2 de la calle Tigris de Sevilla Este<\/strong>. Ella viv\u00eda de alquiler en el piso del Primero A de dicha direcci\u00f3n y estar\u00eda conviviendo total o parcialmente con el presunto agresor, seg\u00fan fuentes vecinales. <\/p>\n<p class=\"voc-p\" style=\"\"><strong>El n\u00famero de mujeres asesinadas por violencia de g\u00e9nero asciende a 1.323 desde 2003<\/strong>, a\u00f1o en que se empezaron a recopilar estos datos, seg\u00fan precisa el Ministerio. El caso de Katherine constituye el segundo asesinato machista en Sevilla durante este a\u00f1o, pero los dos en septiembre, el noveno en Andaluc\u00eda y el n\u00famero 28 en el conjunto de Espa\u00f1a.<\/p>\n<p>Reportar un error<\/p>\n","protected":false},"excerpt":{"rendered":"30\/09\/2025 Actualizado a las 21:04h. El Juzgado de Violencia sobre la Mujer n\u00famero 1 de Sevilla, en funciones&hellip;\n","protected":false},"author":2,"featured_media":149632,"comment_status":"","ping_status":"","sticky":false,"template":"","format":"standard","meta":{"footnotes":""},"categories":[8],"tags":[5593,17,18,3718,8838,25,24,13,14,18963,11,3345,19,20,9075,9,10,15,16,20353,16733,45580,1171,23,12,21,22,1079],"class_list":{"0":"post-149631","1":"post","2":"type-post","3":"status-publish","4":"format-standard","5":"has-post-thumbnail","7":"category-espana","8":"tag-alta","9":"tag-breaking-news","10":"tag-breakingnews","11":"tag-crimen","12":"tag-detenido","13":"tag-es","14":"tag-espana","15":"tag-featured-news","16":"tag-featurednews","17":"tag-fianza","18":"tag-headlines","19":"tag-hospital","20":"tag-latest-news","21":"tag-latestnews","22":"tag-machista","23":"tag-news","24":"tag-noticias","25":"tag-noticias-destacadas","26":"tag-noticiasdestacadas","27":"tag-ordenan","28":"tag-prision","29":"tag-reciba","30":"tag-sevilla","31":"tag-spain","32":"tag-titulares","33":"tag-ultimas-noticias","34":"tag-ultimasnoticias","35":"tag-vez"},"share_on_mastodon":{"url":"","error":""},"_links":{"self":[{"href":"https:\/\/www.europesays.com\/es\/wp-json\/wp\/v2\/posts\/149631","targetHints":{"allow":["GET"]}}],"collection":[{"href":"https:\/\/www.europesays.com\/es\/wp-json\/wp\/v2\/posts"}],"about":[{"href":"https:\/\/www.europesays.com\/es\/wp-json\/wp\/v2\/types\/post"}],"author":[{"embeddable":true,"href":"https:\/\/www.europesays.com\/es\/wp-json\/wp\/v2\/users\/2"}],"replies":[{"embeddable":true,"href":"https:\/\/www.europesays.com\/es\/wp-json\/wp\/v2\/comments?post=149631"}],"version-history":[{"count":0,"href":"https:\/\/www.europesays.com\/es\/wp-json\/wp\/v2\/posts\/149631\/revisions"}],"wp:featuredmedia":[{"embeddable":true,"href":"https:\/\/www.europesays.com\/es\/wp-json\/wp\/v2\/media\/149632"}],"wp:attachment":[{"href":"https:\/\/www.europesays.com\/es\/wp-json\/wp\/v2\/media?parent=149631"}],"wp:term":[{"taxonomy":"category","embeddable":true,"href":"https:\/\/www.europesays.com\/es\/wp-json\/wp\/v2\/categories?post=149631"},{"taxonomy":"post_tag","embeddable":true,"href":"https:\/\/www.europesays.com\/es\/wp-json\/wp\/v2\/tags?post=149631"}],"curies":[{"name":"wp","href":"https:\/\/api.w.org\/{rel}","templated":true}]}}