{"id":149637,"date":"2025-09-30T23:58:19","date_gmt":"2025-09-30T23:58:19","guid":{"rendered":"https:\/\/www.europesays.com\/es\/149637\/"},"modified":"2025-09-30T23:58:19","modified_gmt":"2025-09-30T23:58:19","slug":"la-tarde-aqui-y-ahora-2","status":"publish","type":"post","link":"https:\/\/www.europesays.com\/es\/149637\/","title":{"rendered":"La tarde, aqu\u00ed y ahora"},"content":{"rendered":"<p>La matadora de toros <strong>Cristina S\u00e1nchez<\/strong> nos habla de su carrera profesional y de c\u00f3mo hizo historia en el mundo del toreo. Nos cuenta c\u00f3mo sent\u00f3 la noticia cuando lo dijo en casa: \u00abno hizo mucha gracias. A mi madre no le gust\u00f3 nada y mi padre era aficionado y se lo tom\u00f3 de otra forma. Nos dejaron de hablar a mi padre y a mi\u00bb.<\/p>\n<p>Su padre quiso ser torero y fund\u00f3 la <strong>escuela taurina<\/strong> en <strong>Parla, Madrid<\/strong>, y all\u00ed fue donde Cristina empez\u00f3\u00a0 a prepararse a medio escondidas.<\/p>\n<p>Cristina tambi\u00e9n nos habla de sus logros personales y de su trabajo literario en el que repasa su vida y su profesi\u00f3n. \u00abEn los a\u00f1os 90 la sociedad no era como es ahora. He toreado con muchos hombres, he estado 11 a\u00f1os toreando y solo hubo tres toreros se han negado a torear conmigo\u00bb.<\/p>\n<p>La matadora de toros nos habla de su libro<strong> \u00abMujer y torero\u00bb<\/strong> donde cuenta su vida \u00abtrata de contar mi verdadera historia y no c\u00f3mo la han contado otros. Era mi sue\u00f1o y consegu\u00ed desarrollarme en un mundo que me apasionaba como era el mundo del toro y respetada por mis compa\u00f1eros\u00bb.\u00a0El libro que ha escrito ha sido para contar \u00abmi verdadera historia pasando todas las metas a seguir y me da v\u00e9rtigo por que pens\u00e9 a quien le iba a interesar\u00bb.<\/p>\n<p>Entre sus toreros favoritos est\u00e1n<strong> Juli\u00e1n L\u00f3pez, \u00abEl Juli\u00bb\u00a0 y Morante de la Puebla\u00a0<\/strong>y nos cuenta que ella misma se enamor\u00f3 de un banderillero, Alejandro Da Silva con el que se cas\u00f3 en el a\u00f1o 2000.<\/p>\n<p>Cristina tambi\u00e9n nos cuenta por qu\u00e9 dej\u00f3 de torear: \u00abempiezo a no tener tanta regularidad con la espada y hay mucha exigencia pero tambi\u00e9n por circunstancias que se van agolpando. Me desilusion\u00e9 y decid\u00ed dejarlo\u00bb.<\/p>\n","protected":false},"excerpt":{"rendered":"La matadora de toros Cristina S\u00e1nchez nos habla de su carrera profesional y de c\u00f3mo hizo historia en&hellip;\n","protected":false},"author":2,"featured_media":149638,"comment_status":"","ping_status":"","sticky":false,"template":"","format":"standard","meta":{"footnotes":""},"categories":[277],"tags":[373,45585,168,25,24,39516,27953,45586,23,167,374,1570],"class_list":{"0":"post-149637","1":"post","2":"type-post","3":"status-publish","4":"format-standard","5":"has-post-thumbnail","7":"category-toreo","8":"tag-bullfighting","9":"tag-cristina-sanchez","10":"tag-deportes","11":"tag-es","12":"tag-espana","13":"tag-juan-y-medio","14":"tag-parla","15":"tag-roko","16":"tag-spain","17":"tag-sports","18":"tag-toreo","19":"tag-torero"},"share_on_mastodon":{"url":"","error":""},"_links":{"self":[{"href":"https:\/\/www.europesays.com\/es\/wp-json\/wp\/v2\/posts\/149637","targetHints":{"allow":["GET"]}}],"collection":[{"href":"https:\/\/www.europesays.com\/es\/wp-json\/wp\/v2\/posts"}],"about":[{"href":"https:\/\/www.europesays.com\/es\/wp-json\/wp\/v2\/types\/post"}],"author":[{"embeddable":true,"href":"https:\/\/www.europesays.com\/es\/wp-json\/wp\/v2\/users\/2"}],"replies":[{"embeddable":true,"href":"https:\/\/www.europesays.com\/es\/wp-json\/wp\/v2\/comments?post=149637"}],"version-history":[{"count":0,"href":"https:\/\/www.europesays.com\/es\/wp-json\/wp\/v2\/posts\/149637\/revisions"}],"wp:featuredmedia":[{"embeddable":true,"href":"https:\/\/www.europesays.com\/es\/wp-json\/wp\/v2\/media\/149638"}],"wp:attachment":[{"href":"https:\/\/www.europesays.com\/es\/wp-json\/wp\/v2\/media?parent=149637"}],"wp:term":[{"taxonomy":"category","embeddable":true,"href":"https:\/\/www.europesays.com\/es\/wp-json\/wp\/v2\/categories?post=149637"},{"taxonomy":"post_tag","embeddable":true,"href":"https:\/\/www.europesays.com\/es\/wp-json\/wp\/v2\/tags?post=149637"}],"curies":[{"name":"wp","href":"https:\/\/api.w.org\/{rel}","templated":true}]}}