{"id":149639,"date":"2025-10-01T00:00:11","date_gmt":"2025-10-01T00:00:11","guid":{"rendered":"https:\/\/www.europesays.com\/es\/149639\/"},"modified":"2025-10-01T00:00:11","modified_gmt":"2025-10-01T00:00:11","slug":"las-cholitas-que-conquistaron-el-golf-en-bolivia","status":"publish","type":"post","link":"https:\/\/www.europesays.com\/es\/149639\/","title":{"rendered":"Las cholitas que conquistaron el golf en Bolivia"},"content":{"rendered":"<p>Las jugadoras Martha Mamani y Nelicia Alejo en el Club de Golf La Paz en Bolivia el 29 de septiembre 2025.Foto: Claudia Morales (Reuters) | V\u00eddeo: Reuters<\/p>\n<p class=\"a_st\">Las cholitas dan mantenimiento al exclusivo club en Mallasilla<\/p>\n<p><img alt=\"El Pa\u00eds\" decoding=\"auto\" class=\"_re lazyload a_m-h\" height=\"100\" width=\"100\" src=\"https:\/\/www.europesays.com\/es\/wp-content\/uploads\/2025\/10\/https:\/\/s3.amazonaws.com\/arc-authors\/prisa\/0b9a52b8-006a-4382-938a-05e3d58f07cf.png\" loading=\"lazy\"\/><\/p>\n<p class=\"\">Cada lunes, un grupo <a href=\"https:\/\/elpais.com\/cultura\/2020-08-31\/cholitas-conquista-el-pico-mas-alto-de-america-por-la-libertad-y-el-empoderamiento-femenino.html\" target=\"_self\" rel=\"nofollow noopener\" title=\"https:\/\/elpais.com\/cultura\/2020-08-31\/cholitas-conquista-el-pico-mas-alto-de-america-por-la-libertad-y-el-empoderamiento-femenino.html\">de cholitas<\/a> juega golf en el Club La Paz, en Bolivia. El deporte, t\u00edpicamente asociado con las \u00e9lites, ha conquistado a las mujeres, quienes trabajan dando mantenimiento al campo. Los d\u00edas en los que el club cierra al p\u00fablico, las cholitas se re\u00fanen para practicar en sus tradicionales atuendos, incluso llegando a participar en <a href=\"https:\/\/elpais.com\/elpais\/2016\/04\/21\/videos\/1461260016_313942.html\" target=\"_self\" rel=\"nofollow noopener\" title=\"https:\/\/elpais.com\/elpais\/2016\/04\/21\/videos\/1461260016_313942.html\">torneos con los socios<\/a>. <\/p>\n<p class=\"\">Fundado en 1912, el club en Mallasilla est\u00e1 reconocido como Espacio Natural de Conservaci\u00f3n Privado (ENC-P) y alberga fauna como vizcachas y zorros andinos. Se ubica en una zona llamada Valle de la Luna, a 3.600 metros por encima del nivel del mar. <\/p>\n<p><a class=\"a_com_l\" href=\"https:\/\/elpais.com\/info\/normas-de-participacion\/\" rel=\"nofollow noopener\" target=\"_blank\">Normas \u203a<\/a>Archivado EnSi est\u00e1 interesado en licenciar este contenido, pinche <a class=\"a_tp_si_l\" href=\"https:\/\/profesional.elpais.com\/soluciones-sindicacion\/?utm_medium=interno&amp;utm_source=crosslinking&amp;utm_campaign=sindicacion_ep_pie_articulos\" target=\"_blank\" rel=\"noopener noreferrer nofollow\">aqu\u00ed<\/a><\/p>\n","protected":false},"excerpt":{"rendered":"Las jugadoras Martha Mamani y Nelicia Alejo en el Club de Golf La Paz en Bolivia el 29&hellip;\n","protected":false},"author":2,"featured_media":149640,"comment_status":"","ping_status":"","sticky":false,"template":"","format":"standard","meta":{"footnotes":""},"categories":[275],"tags":[889,8997,16254,168,25,24,329,13937,1804,23,167],"class_list":{"0":"post-149639","1":"post","2":"type-post","3":"status-publish","4":"format-standard","5":"has-post-thumbnail","7":"category-golf","8":"tag-america","9":"tag-bolivia","10":"tag-deporte-amateur","11":"tag-deportes","12":"tag-es","13":"tag-espana","14":"tag-golf","15":"tag-indigenas","16":"tag-latinoamerica","17":"tag-spain","18":"tag-sports"},"share_on_mastodon":{"url":"","error":""},"_links":{"self":[{"href":"https:\/\/www.europesays.com\/es\/wp-json\/wp\/v2\/posts\/149639","targetHints":{"allow":["GET"]}}],"collection":[{"href":"https:\/\/www.europesays.com\/es\/wp-json\/wp\/v2\/posts"}],"about":[{"href":"https:\/\/www.europesays.com\/es\/wp-json\/wp\/v2\/types\/post"}],"author":[{"embeddable":true,"href":"https:\/\/www.europesays.com\/es\/wp-json\/wp\/v2\/users\/2"}],"replies":[{"embeddable":true,"href":"https:\/\/www.europesays.com\/es\/wp-json\/wp\/v2\/comments?post=149639"}],"version-history":[{"count":0,"href":"https:\/\/www.europesays.com\/es\/wp-json\/wp\/v2\/posts\/149639\/revisions"}],"wp:featuredmedia":[{"embeddable":true,"href":"https:\/\/www.europesays.com\/es\/wp-json\/wp\/v2\/media\/149640"}],"wp:attachment":[{"href":"https:\/\/www.europesays.com\/es\/wp-json\/wp\/v2\/media?parent=149639"}],"wp:term":[{"taxonomy":"category","embeddable":true,"href":"https:\/\/www.europesays.com\/es\/wp-json\/wp\/v2\/categories?post=149639"},{"taxonomy":"post_tag","embeddable":true,"href":"https:\/\/www.europesays.com\/es\/wp-json\/wp\/v2\/tags?post=149639"}],"curies":[{"name":"wp","href":"https:\/\/api.w.org\/{rel}","templated":true}]}}