{"id":149749,"date":"2025-10-01T01:26:10","date_gmt":"2025-10-01T01:26:10","guid":{"rendered":"https:\/\/www.europesays.com\/es\/149749\/"},"modified":"2025-10-01T01:26:10","modified_gmt":"2025-10-01T01:26:10","slug":"de-tiktok-a-las-calles-la-generacion-z-en-marruecos-protesta-por-el-deterioro-economico-del-pais-el-mundo","status":"publish","type":"post","link":"https:\/\/www.europesays.com\/es\/149749\/","title":{"rendered":"De TikTok a las calles: la generaci\u00f3n Z en Marruecos protesta por el deterioro econ\u00f3mico del pa\u00eds &#8211; El Mundo"},"content":{"rendered":"<ol>\n<li><a href=\"https:\/\/news.google.com\/rss\/articles\/CBMigwFBVV95cUxQWVBIeFh2bWtLcWNLelVWbUMzSU1yZGliNzBWbDA0UGlZWl8wRDktWjQ5MkdCdWZoYWZQbjFidnkzSE4zS083aFExV21BZE9weHc1c3RFR1ItS0pUeTg1eFhMYzlONDROVXJTbmg2VFdZaWYzY3BkSy1vYlR0UUZVb1dJZw?oc=5\" target=\"_blank\" rel=\"nofollow noopener\">De TikTok a las calles: la generaci\u00f3n Z en Marruecos protesta por el deterioro econ\u00f3mico del pa\u00eds<\/a>&nbsp;&nbsp;El Mundo<\/li>\n<li><a href=\"https:\/\/news.google.com\/rss\/articles\/CBMiowFBVV95cUxQTXdYemhKRVFKc2ZMTFBJVUZCOFpOZnRfeE93ZWpGTTM3U0hxeXR5UVRuOE5yRUFWUVdXT1RITExQTVkzUnYtSHlfMHdqR1FETVZtYzVtN1BoLUN2a3VyYzJ5YXl2MkFWM3NQTlFxejl3OHJiOXRjWEdQS1FxNWhnbll1aDlFWWNHeXlCN0xjTHhySk1iSm5FRmhNeW5HbGNsSURn?oc=5\" target=\"_blank\" rel=\"nofollow noopener\">Gen Z 212, el grupo tras las protestas de j\u00f3venes que desaf\u00edan al r\u00e9gimen de Marruecos<\/a>&nbsp;&nbsp;ABC<\/li>\n<li><a href=\"https:\/\/news.google.com\/rss\/articles\/CBMirAFBVV95cUxNQlZyOEJwY0Rvc2dScUxraHBxczJpaVNQT201M2ZMbjlQVFVYaXgtR2dnMWFIWUt4V0FDRDNxUlVXOWtiYTd2UDlJeWVwVjM3NXJvNVZyT3NUMUcwZ01MQU92ejViSU1uUUdRRTVaRy03QkZ3OUNYLU5qUEVYYWVyeWdTdndNOHRqWjRiVmxWSXZrYjBrT3ROVG5jV1RDNGl4bFNrclVrMmRsY3N2?oc=5\" target=\"_blank\" rel=\"nofollow noopener\">\u00abNo queremos Mundial, queremos sanidad\u00bb: miles protestan en Marruecos en una rara muestra de enfado p\u00fablico<\/a>&nbsp;&nbsp;El Confidencial<\/li>\n<li><a href=\"https:\/\/news.google.com\/rss\/articles\/CBMizwFBVV95cUxQbFBSU2dFU1BRd0pncXZSUmZPX2ZhbGotTXMwQXJ1QTA3MkpYTEFBMFNJanVHVXBUWGVkdHJqWEhmUGhqR21zMjFVaWwzemd3TWNlQkJXLWd0Zmx1dWpzWE4zT0Y5aDJpZ1FBbExrRFJGRVFMZ3dLdmYzY3ZpV1FBb3hILVlrZFNNQmU0S2NWSlRlZmw5b3pFWFZEbVNON3Z4OFdzQVctclNtQ3REYnNJWE9idjlmdnFBTVBLVExJckxSakstYlJDVk9aeDI2Y28?oc=5\" target=\"_blank\" rel=\"nofollow noopener\">La &#8216;Generaci\u00f3n Z&#8217; se enfrenta al gobierno de Marruecos en protestas con decenas de detenidos<\/a>&nbsp;&nbsp;La Vanguardia<\/li>\n<li><a href=\"https:\/\/news.google.com\/rss\/articles\/CBMizwFBVV95cUxOYmdTbVRKRS1jS0hyOTBhQkRQeGpYMldqelJUdGxLZ0R3RjlmMGt3dHZDejJkSnFLZXpLc19LZXI4TnROYlpZUTZtNDdBNFdBSzh0ZWtlWk1Ka29yZ3ZrX1NrbnV0T0FpUFpqMzBHeGpnRldQMVUzRXRIVENpNlZMVmlXMFI4VkdQa3Z3akdKWDV5OXZmZUlGdWwzcmxXTzFRQVRPbDM2b0s4cC03SmRiVWdGR0NyaXlqTGpabEFfZkptX2sxcGdySWNnQXExeGPSAc8BQVVfeXFMTXJvU244aGx2Mnc5LTB1UjNHR0w1QUc3Y00yWmJ5VVppX0tZR1czOGxEY0pEOVNvRURvdzVXQTFaZkpBZkFRaEhJb0ZMX01wTTl3WS1UUVAwT3BFc3BNTURZX3Z6aUUyMGhZb2MxdTUxRXdPQXhmOVQtb3Q5NEl3Y2dGMDg0dkdkaUFYUHpNcXpVTkdRQ21mNEpndVFVTGlGRWFlMHNjX2N3bUNjaFRKb3c2dGNkdGJUVXE5akhuWDc3aW9QMkZ3VllWMllYTHhN?oc=5\" target=\"_blank\" rel=\"nofollow noopener\">Detenidas 24 personas tras cuatro d\u00edas de inusuales protestas de la \u00abGeneraci\u00f3n Z\u00bb en Marruecos<\/a>&nbsp;&nbsp;RTVE.es<\/li>\n<\/ol>\n","protected":false},"excerpt":{"rendered":"De TikTok a las calles: la generaci\u00f3n Z en Marruecos protesta por el deterioro econ\u00f3mico del pa\u00eds&nbsp;&nbsp;El Mundo&hellip;\n","protected":false},"author":2,"featured_media":149750,"comment_status":"","ping_status":"","sticky":false,"template":"","format":"standard","meta":{"footnotes":""},"categories":[42],"tags":[17,18,13,14,11,61,62,63,64,19,20,4485,9,10,15,16,12,21,22,65,66,67],"class_list":{"0":"post-149749","1":"post","2":"type-post","3":"status-publish","4":"format-standard","5":"has-post-thumbnail","7":"category-internacional","8":"tag-breaking-news","9":"tag-breakingnews","10":"tag-featured-news","11":"tag-featurednews","12":"tag-headlines","13":"tag-internacional","14":"tag-international","15":"tag-international-news","16":"tag-internationalnews","17":"tag-latest-news","18":"tag-latestnews","19":"tag-marruecos","20":"tag-news","21":"tag-noticias","22":"tag-noticias-destacadas","23":"tag-noticiasdestacadas","24":"tag-titulares","25":"tag-ultimas-noticias","26":"tag-ultimasnoticias","27":"tag-world","28":"tag-world-news","29":"tag-worldnews"},"share_on_mastodon":{"url":"","error":""},"_links":{"self":[{"href":"https:\/\/www.europesays.com\/es\/wp-json\/wp\/v2\/posts\/149749","targetHints":{"allow":["GET"]}}],"collection":[{"href":"https:\/\/www.europesays.com\/es\/wp-json\/wp\/v2\/posts"}],"about":[{"href":"https:\/\/www.europesays.com\/es\/wp-json\/wp\/v2\/types\/post"}],"author":[{"embeddable":true,"href":"https:\/\/www.europesays.com\/es\/wp-json\/wp\/v2\/users\/2"}],"replies":[{"embeddable":true,"href":"https:\/\/www.europesays.com\/es\/wp-json\/wp\/v2\/comments?post=149749"}],"version-history":[{"count":0,"href":"https:\/\/www.europesays.com\/es\/wp-json\/wp\/v2\/posts\/149749\/revisions"}],"wp:featuredmedia":[{"embeddable":true,"href":"https:\/\/www.europesays.com\/es\/wp-json\/wp\/v2\/media\/149750"}],"wp:attachment":[{"href":"https:\/\/www.europesays.com\/es\/wp-json\/wp\/v2\/media?parent=149749"}],"wp:term":[{"taxonomy":"category","embeddable":true,"href":"https:\/\/www.europesays.com\/es\/wp-json\/wp\/v2\/categories?post=149749"},{"taxonomy":"post_tag","embeddable":true,"href":"https:\/\/www.europesays.com\/es\/wp-json\/wp\/v2\/tags?post=149749"}],"curies":[{"name":"wp","href":"https:\/\/api.w.org\/{rel}","templated":true}]}}