{"id":149767,"date":"2025-10-01T01:43:09","date_gmt":"2025-10-01T01:43:09","guid":{"rendered":"https:\/\/www.europesays.com\/es\/149767\/"},"modified":"2025-10-01T01:43:09","modified_gmt":"2025-10-01T01:43:09","slug":"ozzy-osbourne-angus-mcsix-black-swan","status":"publish","type":"post","link":"https:\/\/www.europesays.com\/es\/149767\/","title":{"rendered":"Ozzy Osbourne \u2013 ANGUS MCSIX \u2013 BLACK SWAN"},"content":{"rendered":"<p>\u00a0<\/p>\n<p style=\"text-align: center;\"><strong><a href=\"#Osbourne\">Tr\u00e1iler y fecha para el documental sobre los \u00faltimos d\u00edas de Ozzy Osbourne<\/a> \u2013<a href=\"#ANGUS\"> ANGUS MCSIX estrenan single y ultiman su pr\u00f3xima obra<\/a> \u2013 <a href=\"#BLACK_SWAN\">BLACK SWAN estrenan tema.<\/a><\/strong><\/p>\n<p>A continuaci\u00f3n pod\u00e9is ver un tr\u00e1iler del documental dedicado a <a href=\"https:\/\/www.ozzy.com\/\" target=\"_blank\" rel=\"noopener nofollow\"><strong>Ozzy Osbourne<\/strong><\/a> \u00abSharon &amp; Ozzy Osbourne: Coming Home\u00bb.<\/p>\n<p>El documental relata la \u00faltima etapa de la vida del vocalista y se estrenar\u00e1 el 2 de octubre a las 22 hora espa\u00f1ola en BBC One y iPlayer.<\/p>\n<p>El <a href=\"https:\/\/www.rafabasa.com\/2025\/09\/17\/ozzy-osbourne-human-fortress-sainted-sinners\/#Ozzy\" rel=\"nofollow noopener\" target=\"_blank\">nuevo documental<\/a> sobre <a href=\"https:\/\/www.ozzy.com\/\" target=\"_blank\" rel=\"noopener nofollow\"><strong>Ozzy Osbourne<\/strong><\/a> \u201cNo Escape From Now\u201d se estrenar\u00e1 el 7 de octubre a trav\u00e9s de Paramount.<\/p>\n<p>En esta <a href=\"https:\/\/www.rafabasa.com\/2025\/09\/26\/judas-priest-ozzy-osbourne-kadavar-eisregen\/#PRIEST2\" rel=\"nofollow noopener\" target=\"_blank\">noticia<\/a> pod\u00e9is escuchar la versi\u00f3n del cl\u00e1sico de BLACK SABBATH \u201cWar Pigs\u201d realizada por JUDAS PRIEST con la participaci\u00f3n de Ozzy Osbourne.<\/p>\n<p>El vocalista <a href=\"https:\/\/www.rafabasa.com\/2025\/07\/22\/ozzy-osbourne-ha-muerto-descanse-en-paz\/\" target=\"_blank\" rel=\"noopener nofollow\">falleci\u00f3 el pasado 22 de julio<\/a> de un <a href=\"https:\/\/www.rafabasa.com\/2025\/08\/05\/ozzy-osbourne-malevolent-creation-desaster\/#OZZY_OSBOURNE\" target=\"_blank\" rel=\"noopener nofollow\">ataque al coraz\u00f3n<\/a> a pesar de que los el personal de emergencia <a href=\"https:\/\/www.rafabasa.com\/2025\/07\/24\/ozzy-osbourne-los-paramedicos-lucharon-durante-dos-horas-para-salvar-la-vida-del-cantante-pero-fue-en-vano\/\" target=\"_blank\" rel=\"noopener nofollow\">intent\u00f3 reanimarle durante dos horas<\/a>.<\/p>\n<p><a href=\"https:\/\/www.ozzy.com\/\" target=\"_blank\" rel=\"noopener nofollow\"><strong>Ozzy Osbourne<\/strong><\/a> realiz\u00f3 su <a href=\"https:\/\/www.rafabasa.com\/2025\/07\/06\/black-sabbath-y-ozzy-resumen-del-back-to-the-beginning-imagenes-y-videos\/\" target=\"_blank\" rel=\"noopener nofollow\">\u00faltimo concierto<\/a> el 5 de julio en Birmingham acompa\u00f1ado por la formaci\u00f3n original de <strong>BLACK SABBATH<\/strong> y muchos m\u00fasicos de renombre.<\/p>\n<p>M\u00e1s sobre el cantante en esta <a href=\"https:\/\/www.rafabasa.com\/2025\/08\/07\/el-documental-sobre-ozzy-y-sharon-osbourne-sigue-adelante-especial-de-la-bbc-sobre-el-cantante-nuevo-ep-de-trivium-tygers-of-pan-tang-en-iberoamerica\/#Ozzy_Osbourne\" target=\"_blank\" rel=\"noopener nofollow\">noticia<\/a>.<\/p>\n<p>\u00a0<\/p>\n<p>\u00a0<\/p>\n<p><a href=\"https:\/\/www.instagram.com\/angusmcsix\/\" target=\"_blank\" rel=\"noopener nofollow\"><strong>ANGUS MCSIX<\/strong><\/a> han estrenado un nuevo single y v\u00eddeo titulado \u201cThe Fire Of Yore\u201d en el que participa Uwe Ochsenknecht.<\/p>\n<p>Comenta el guitarrista Seeb Levermann sobre el nuevo single: \u201c\u2018The Fire Of Yore\u2019 es uno de mis temas favoritos de este disco, aunque me encantan todos. Ha sido incre\u00edble trabajar con Uwe Ochsenknecht en los acantilados de Mallorca, pudiendo armar juntos la l\u00ednea argumental. Tambi\u00e9n estamos muy contentos por tener a Jassy, The Dwarf, a bordo, mientras Adam a\u00fan no ha encontrado a Thalestris. Jassy es una persona incre\u00edble y un fant\u00e1stico guitarrista.\u201d<\/p>\n<p>La banda editar\u00e1 el 13 de marzo a trav\u00e9s de Napalm Records un nuevo disco del que habr\u00e1 m\u00e1s detalles pr\u00f3ximamente.<\/p>\n<p>En otro orden de cosas, el grupo ha incorporado al guitarrista Jasmin Pabst como \u201cThe Dwarf\u201d.<\/p>\n<p>El grupo edit\u00f3 el 7 de abril de 2023 a trav\u00e9s de Napalm Records su debut \u00abAngus McSix And The Sword Of Power\u00bb.<\/p>\n<p>Todos los detalles en esta <a href=\"https:\/\/www.rafabasa.com\/2023\/01\/20\/metallica-han-estrenado-un-nuevo-tema-titulado-screaming-suicide-debut-de-angus-mcsix-video-de-ciconia\/#ANGUS_MCSIX\" target=\"_blank\" rel=\"noopener nofollow\">noticia<\/a> y los v\u00eddeos anteriores en <a href=\"https:\/\/www.rafabasa.com\/2023\/04\/19\/laser-shooting-dinasour-es-el-nuevo-single-de-angus-mcsix\/\" target=\"_blank\" rel=\"noopener nofollow\">esta<\/a>.<\/p>\n<p>M\u00e1s sobre la banda en esta <a href=\"https:\/\/www.rafabasa.com\/2025\/01\/07\/angus-mcsix-estrenan-nuevo-single-y-video-y-presentan-formacion\/\" rel=\"nofollow noopener\" target=\"_blank\">noticia<\/a>.<\/p>\n<p>\u00a0<\/p>\n<p>A continuaci\u00f3n ten\u00e9is el nuevo single de <a href=\"https:\/\/www.facebook.com\/BlackSwanRockNRoll\" target=\"_blank\" rel=\"noopener nofollow\"><strong>BLACK SWAN<\/strong><\/a> \u201cThe Fire And The Flame\u201d.<\/p>\n<p>Imaginamos que el tema sirve de adelanto a su <a href=\"https:\/\/www.rafabasa.com\/2025\/01\/20\/buckcherry-mike-tramp-black-swan\/#BLACK_SWAN\" rel=\"nofollow noopener\" target=\"_blank\">segundo trabajo<\/a>.<\/p>\n<p>El \u00faltimo disco de <a href=\"https:\/\/www.facebook.com\/BlackSwanRockNRoll\" target=\"_blank\" rel=\"noopener nofollow\"><strong>BLACK SWAN<\/strong><\/a> \u00abGeneration Mind\u00bb aparecido el 8 de abril de 2022 a trav\u00e9s de Frontiers Music puede escucharse \u00edntegro en este <a href=\"https:\/\/www.rafabasa.com\/2022\/04\/07\/soulfly-black-swan-ankhara\/#BLACK_SWAN\" target=\"_blank\" rel=\"noopener nofollow\">bloque<\/a>.<\/p>\n<p>Todos los detalles en esta <a href=\"https:\/\/www.rafabasa.com\/2022\/02\/06\/korn-black-swan-mystic-circle\/#BLACK_SWAN\" target=\"_blank\" rel=\"noopener nofollow\">noticia<\/a> y sus \u00faltimos v\u00eddeos en <a href=\"https:\/\/www.rafabasa.com\/2022\/03\/17\/black-swan-manegarm-celtibeerian\/#BLACK_SWAN\" target=\"_blank\" rel=\"noopener nofollow\">esta<\/a>.<\/p>\n<p>\u00a0<\/p>\n<p align=\"center\"><strong>Sigue el\u00a0<a href=\"https:\/\/whatsapp.com\/channel\/0029VaCprxVBA1f555USvT2O\" target=\"_blank\" rel=\"nofollow noopener\">Canal de RAFABASA.COM en WhatsApp<\/a>, donde encontrar\u00e1s todas nuestras novedades al instante<\/strong><\/p>\n<p>\u00a0<\/p>\n<p>\u00a0<\/p>\n<p>\u00a0<\/p>\n<p>        <script async src=\"\/\/www.instagram.com\/embed.js\"><\/script><\/p>\n","protected":false},"excerpt":{"rendered":"\u00a0 Tr\u00e1iler y fecha para el documental sobre los \u00faltimos d\u00edas de Ozzy Osbourne \u2013 ANGUS MCSIX estrenan&hellip;\n","protected":false},"author":2,"featured_media":149768,"comment_status":"","ping_status":"","sticky":false,"template":"","format":"standard","meta":{"footnotes":""},"categories":[169],"tags":[45612,45613,177,146,147,25,24,176,175,189,23],"class_list":{"0":"post-149767","1":"post","2":"type-post","3":"status-publish","4":"format-standard","5":"has-post-thumbnail","7":"category-cine","8":"tag-angus-mcsix","9":"tag-black-swan","10":"tag-cine","11":"tag-entertainment","12":"tag-entretenimiento","13":"tag-es","14":"tag-espana","15":"tag-film","16":"tag-movies","17":"tag-ozzy-osbourne","18":"tag-spain"},"share_on_mastodon":{"url":"","error":""},"_links":{"self":[{"href":"https:\/\/www.europesays.com\/es\/wp-json\/wp\/v2\/posts\/149767","targetHints":{"allow":["GET"]}}],"collection":[{"href":"https:\/\/www.europesays.com\/es\/wp-json\/wp\/v2\/posts"}],"about":[{"href":"https:\/\/www.europesays.com\/es\/wp-json\/wp\/v2\/types\/post"}],"author":[{"embeddable":true,"href":"https:\/\/www.europesays.com\/es\/wp-json\/wp\/v2\/users\/2"}],"replies":[{"embeddable":true,"href":"https:\/\/www.europesays.com\/es\/wp-json\/wp\/v2\/comments?post=149767"}],"version-history":[{"count":0,"href":"https:\/\/www.europesays.com\/es\/wp-json\/wp\/v2\/posts\/149767\/revisions"}],"wp:featuredmedia":[{"embeddable":true,"href":"https:\/\/www.europesays.com\/es\/wp-json\/wp\/v2\/media\/149768"}],"wp:attachment":[{"href":"https:\/\/www.europesays.com\/es\/wp-json\/wp\/v2\/media?parent=149767"}],"wp:term":[{"taxonomy":"category","embeddable":true,"href":"https:\/\/www.europesays.com\/es\/wp-json\/wp\/v2\/categories?post=149767"},{"taxonomy":"post_tag","embeddable":true,"href":"https:\/\/www.europesays.com\/es\/wp-json\/wp\/v2\/tags?post=149767"}],"curies":[{"name":"wp","href":"https:\/\/api.w.org\/{rel}","templated":true}]}}