{"id":149788,"date":"2025-10-01T02:04:10","date_gmt":"2025-10-01T02:04:10","guid":{"rendered":"https:\/\/www.europesays.com\/es\/149788\/"},"modified":"2025-10-01T02:04:10","modified_gmt":"2025-10-01T02:04:10","slug":"terelu-campos-desvela-si-iria-con-mar-flores-a-supervivientes-all-stars","status":"publish","type":"post","link":"https:\/\/www.europesays.com\/es\/149788\/","title":{"rendered":"Terelu Campos desvela si ir\u00eda con Mar Flores a &#8216;Supervivientes All Stars&#8217;"},"content":{"rendered":"<p data-journey-content=\"true\" data-node-id=\"3\" class=\"css-6wxqfj emevuu60\"><strong data-node-id=\"3.0\"\/>Los \u00faltimos d\u00edas est\u00e1n siendo muy tensos en el entorno de <strong data-node-id=\"3.2\">Mar Flores y <a href=\"https:\/\/www.diezminutos.es\/terelu-campos\/\" target=\"_blank\" data-vars-ga-outbound-link=\"https:\/\/www.diezminutos.es\/terelu-campos\/\" data-vars-ga-ux-element=\"Hyperlink\" data-vars-ga-call-to-action=\"Terelu Campos.\" data-node-id=\"3.2.1\" data-mrf-link=\"https:\/\/www.diezminutos.es\/terelu-campos\/\" class=\"body-link css-177bzfx emevuu60\" rel=\"nofollow noopener\">Terelu Campos<\/a>.<\/strong> Tras una per\u00edodo de cierta tranquilidad para ambas en que ve\u00edan como sus familias quedaban unidas por la llegada del peque\u00f1o Carlo, hijo de <a href=\"https:\/\/www.diezminutos.es\/alejandra-rubio\/\" target=\"_blank\" data-vars-ga-outbound-link=\"https:\/\/www.diezminutos.es\/alejandra-rubio\/\" data-vars-ga-ux-element=\"Hyperlink\" data-vars-ga-call-to-action=\"Alejandra Rubio\" data-node-id=\"3.4\" data-mrf-link=\"https:\/\/www.diezminutos.es\/alejandra-rubio\/\" class=\"body-link css-177bzfx emevuu60\" rel=\"nofollow noopener\">Alejandra Rubio<\/a> y Carlo Costanzia, parec\u00eda que incluso hab\u00eda buen trato entre consuegras. Sin embargo, todo se ha alterado muy recientemente y <strong data-node-id=\"3.6\">la culpa la ha la invitaci\u00f3n de Carlo Costanzia padre al 60 cumplea\u00f1os de la colaboradora de Telecinco.<\/strong> All\u00ed la presentadora y el ex de Mar Flores protagonizaron lo que ya podemos considerar como <a href=\"https:\/\/www.diezminutos.es\/famosos-corazon\/famosos-espanoles\/a66512315\/mar-flores-ausente-fiesta-cumpleanos-terelu-campos\/\" target=\"_blank\" data-vars-ga-outbound-link=\"https:\/\/www.diezminutos.es\/famosos-corazon\/famosos-espanoles\/a66512315\/mar-flores-ausente-fiesta-cumpleanos-terelu-campos\/\" data-vars-ga-ux-element=\"Hyperlink\" data-vars-ga-call-to-action=\"&#039;posado de la discordia&#039;.\" data-node-id=\"3.8\" class=\"body-link css-177bzfx emevuu60\" rel=\"nofollow noopener\">&#8216;posado de la discordia&#8217;.<\/a> Poco despu\u00e9s, la propia <a href=\"https:\/\/www.diezminutos.es\/famosos-corazon\/famosos-espanoles\/a68045605\/mar-flores-presentacion-libro-posado-terelu-campos-carlos-costanzia-padre\/\" target=\"_blank\" data-vars-ga-outbound-link=\"https:\/\/www.diezminutos.es\/famosos-corazon\/famosos-espanoles\/a68045605\/mar-flores-presentacion-libro-posado-terelu-campos-carlos-costanzia-padre\/\" data-vars-ga-ux-element=\"Hyperlink\" data-vars-ga-call-to-action=\"Mar reconoci\u00f3 que no le hab\u00eda sentado demasiado bien este detalle\" data-node-id=\"3.10\" data-mrf-link=\"https:\/\/www.diezminutos.es\/famosos-corazon\/famosos-espanoles\/a68045605\/mar-flores-presentacion-libro-posado-terelu-campos-carlos-costanzia-padre\/\" class=\"body-link css-177bzfx emevuu60\" rel=\"nofollow noopener\">Mar reconoci\u00f3 que no le hab\u00eda sentado demasiado bien este detalle<\/a>, lo que ha acabado por confirmar la pol\u00e9mica. Pero ahora, Terelu Campos, parece no haber recibido muy bien esta pulla por parte de la madre de su yerno. <\/p>\n<p data-journey-content=\"true\" data-node-id=\"6\" class=\"css-6wxqfj emevuu60\">Este martes, 30 de septiembre, Jorge Javier V\u00e1zquez desvelaba en <a href=\"https:\/\/www.diezminutos.es\/supervivientes-television\/\" target=\"_blank\" data-vars-ga-outbound-link=\"https:\/\/www.diezminutos.es\/supervivientes-television\/\" data-vars-ga-ux-element=\"Hyperlink\" data-vars-ga-call-to-action=\"&#039;Supervivientes All Stars\" data-node-id=\"6.1\" class=\"body-link css-177bzfx emevuu60\" rel=\"nofollow noopener\">&#8216;Supervivientes All Stars<\/a>: Tierra de nadie&#8217; que <a href=\"https:\/\/www.diezminutos.es\/teleprograma\/programas-tv\/a68138933\/supervivientes-all-stars-2025-exconcursante-regreso-mision\/\" target=\"_blank\" data-vars-ga-outbound-link=\"https:\/\/www.diezminutos.es\/teleprograma\/programas-tv\/a68138933\/supervivientes-all-stars-2025-exconcursante-regreso-mision\/\" data-vars-ga-ux-element=\"Hyperlink\" data-vars-ga-call-to-action=\"un exconcursante regresar\u00e1 a Honduras con una misi\u00f3n secreta\" data-node-id=\"6.3\" class=\"body-link css-177bzfx emevuu60\" rel=\"nofollow noopener\">un exconcursante regresar\u00e1 a Honduras con una misi\u00f3n secreta<\/a>. Por lo que ha contando el presentador al inicio de la gala, se sabe que la persona que vuelve estaba presente en el plat\u00f3 y que <strong data-node-id=\"6.5\">su incorporaci\u00f3n no ser\u00e1 s\u00f3lo simb\u00f3lica: su regreso tendr\u00e1 consecuencias directas <\/strong>en la convivencia y en las pruebas de los actuales supervivientes, que deber\u00e1n adaptarse r\u00e1pidamente a esta inesperada incorporaci\u00f3n. <\/p>\n<p><img draggable=\"true\" alt=\"terelu campos\" title=\"Terelu Campos\" loading=\"lazy\" width=\"1440\" height=\"900\" decoding=\"async\" data-nimg=\"1\" style=\"color:transparent;width:100%;height:auto;\"   src=\"https:\/\/www.europesays.com\/es\/wp-content\/uploads\/2025\/10\/terelu-68dc52158d9e1.png\" class=\"css-0 e1g79fud0\"\/><\/p>\n<p>Telecinco<\/p>\n<p data-journey-content=\"true\" data-node-id=\"9\" class=\"css-6wxqfj emevuu60\">Suso, Anita Williams, Terelu Campos, Marta Pe\u00f1ate y Elena Rodr\u00edguez son los exconcursantes candidatos para volver a los Cayos Cochinos. Hasta el jueves no se conocer\u00e1 quien es el afortunado, por lo que el presentador aprovechaba para dirigirse a Terelu Campos y bromeaba con ella: \u00ab\u00bfTe imaginas que fueras t\u00fa otra vez? Porque me parece que has ido pocas veces\u00bb. Algo a lo que la colaboradora respond\u00eda: \u00abNo hay dos sin tres\u00bb. <strong data-node-id=\"9.2\">\u00abSi quieres te podemos montar un palafito con Mar Flores<\/strong> y as\u00ed lim\u00e1is asperezas en el caso de las tuvierais, que no lo tengo yo muy claro Algo a lo que la propia Terelu Campos respond\u00eda de manera rotunda: \u00abYo no tengo problema\u00bb.<\/p>\n<p><img src=\"https:\/\/www.europesays.com\/es\/wp-content\/uploads\/2025\/10\/efed3e56-411c-4c5f-aad1-8194ce4fe362_1700500172.file\" alt=\"Headshot of Redacci\u00f3n Diez Minutos\" title=\"Headshot of Redacci\u00f3n Diez Minutos\" width=\"100%\" height=\"100%\" decoding=\"async\" loading=\"lazy\" class=\"css-o0wq4v ev8dhu53\"\/><\/p>\n<p>\u00a0En Diez Minutos somos especialistas en cubrir todas las noticias del coraz\u00f3n y de la monarqu\u00eda para acercarte a las vidas de todos esos personajes a los que admiras.<\/p>\n<p>Descubre con nosotros la \u00faltima hora de los famosos nacionales e internacionales m\u00e1s relevantes: sus pol\u00e9micas, sus historias amorosas y familiares y sus proyectos profesionales con nuestras entrevistas, videos y reportajes. Tambi\u00e9n te mostramos el d\u00eda a d\u00eda de la realeza, cont\u00e1ndote con especial detalle la vida personal y familiar de nuestros Reyes: Felipe VI y Letizia y sus hijas Leonor y Sof\u00eda.<\/p>\n<p>Diez Minutos es mucho m\u00e1s que cr\u00f3nica social. Queremos hacerte la vida m\u00e1s f\u00e1cil y cuidar de ti. Por eso, publicamos una amplia selecci\u00f3n de contenidos pr\u00e1cticos para ayudarte en tu econom\u00eda dom\u00e9stica, en la decoraci\u00f3n de tu casa o en tu bienestar f\u00edsico y emocional. Tambi\u00e9n encontrar\u00e1s todo tipo de noticias y reportajes sobre el embarazo y la maternidad para facilitarte este proceso de la vida.<\/p>\n<p>La cocina es otra parte fundamental de esta gu\u00eda pr\u00e1ctica con la mejor selecci\u00f3n de recetas y consejos para llevar una dieta saludable y variada. Y todo ello sin olvidarnos de los contenidos de moda y belleza que te har\u00e1n estar a la \u00faltima en las tendencias del momento con numerosas propuestas, ofertas y novedades.<\/p>\n<p>Te lo contamos todo con la misma rigurosidad y cercan\u00eda con la que te llevamos acompa\u00f1ando desde hace 72 a\u00f1os, cuando un 1 de septiembre de 1951 la revista vio la luz por primera vez. Muchas cosas han cambiado en lo que se refiere a la parte t\u00e9cnica, pero lo que te aseguramos es que el equipo que forma esta redacci\u00f3n realiza su trabajo con entusiasmo y entrega pensando en cada uno de vosotros para que encontr\u00e9is aqu\u00ed el sitio ideal donde disfrutar de la vida.<\/p>\n<p>El equipo digital de Diez Minutos est\u00e1 formado por:<\/p>\n<p><a href=\"https:\/\/www.diezminutos.es\/author\/15369\/rosa-prieto\/\" rel=\"nofollow noopener\" target=\"_blank\">Rosa Prieto:<\/a> Directora digital.<\/p>\n<p><a href=\"https:\/\/www.diezminutos.es\/author\/18095\/silvia-criado\/\" rel=\"nofollow noopener\" target=\"_blank\">Silvia Criado:<\/a> Jefa de secci\u00f3n digital.<\/p>\n<p><a href=\"https:\/\/www.diezminutos.es\/author\/16262\/magdalena-pinero\/\" rel=\"nofollow noopener\" target=\"_blank\">Magdalena Pi\u00f1ero:<\/a> redactora digital.\u00a0<\/p>\n<p><a href=\"https:\/\/www.diezminutos.es\/author\/16270\/daniel-reyes\/\" rel=\"nofollow noopener\" target=\"_blank\">Daniel Reyes:<\/a> redactor digital.<\/p>\n<p><a href=\"https:\/\/www.diezminutos.es\/author\/221934\/ignacio-herruzo\/\" rel=\"nofollow noopener\" target=\"_blank\">Ignacio Herruzo<\/a>: redactor digital.<\/p>\n<p><a href=\"https:\/\/www.diezminutos.es\/author\/740003\/nora-camara\/\" rel=\"nofollow noopener\" target=\"_blank\">Nora C\u00e1mara<\/a>: redactora digital.\u00a0<\/p>\n","protected":false},"excerpt":{"rendered":"Los \u00faltimos d\u00edas est\u00e1n siendo muy tensos en el entorno de Mar Flores y Terelu Campos. Tras una&hellip;\n","protected":false},"author":2,"featured_media":149789,"comment_status":"","ping_status":"","sticky":false,"template":"","format":"standard","meta":{"footnotes":""},"categories":[171],"tags":[253,146,147,25,24,23,214],"class_list":{"0":"post-149788","1":"post","2":"type-post","3":"status-publish","4":"format-standard","5":"has-post-thumbnail","7":"category-tv","8":"tag-discover","9":"tag-entertainment","10":"tag-entretenimiento","11":"tag-es","12":"tag-espana","13":"tag-spain","14":"tag-tv"},"share_on_mastodon":{"url":"","error":""},"_links":{"self":[{"href":"https:\/\/www.europesays.com\/es\/wp-json\/wp\/v2\/posts\/149788","targetHints":{"allow":["GET"]}}],"collection":[{"href":"https:\/\/www.europesays.com\/es\/wp-json\/wp\/v2\/posts"}],"about":[{"href":"https:\/\/www.europesays.com\/es\/wp-json\/wp\/v2\/types\/post"}],"author":[{"embeddable":true,"href":"https:\/\/www.europesays.com\/es\/wp-json\/wp\/v2\/users\/2"}],"replies":[{"embeddable":true,"href":"https:\/\/www.europesays.com\/es\/wp-json\/wp\/v2\/comments?post=149788"}],"version-history":[{"count":0,"href":"https:\/\/www.europesays.com\/es\/wp-json\/wp\/v2\/posts\/149788\/revisions"}],"wp:featuredmedia":[{"embeddable":true,"href":"https:\/\/www.europesays.com\/es\/wp-json\/wp\/v2\/media\/149789"}],"wp:attachment":[{"href":"https:\/\/www.europesays.com\/es\/wp-json\/wp\/v2\/media?parent=149788"}],"wp:term":[{"taxonomy":"category","embeddable":true,"href":"https:\/\/www.europesays.com\/es\/wp-json\/wp\/v2\/categories?post=149788"},{"taxonomy":"post_tag","embeddable":true,"href":"https:\/\/www.europesays.com\/es\/wp-json\/wp\/v2\/tags?post=149788"}],"curies":[{"name":"wp","href":"https:\/\/api.w.org\/{rel}","templated":true}]}}