{"id":149793,"date":"2025-10-01T02:09:22","date_gmt":"2025-10-01T02:09:22","guid":{"rendered":"https:\/\/www.europesays.com\/es\/149793\/"},"modified":"2025-10-01T02:09:22","modified_gmt":"2025-10-01T02:09:22","slug":"regresa-a-la-television-tras-separarse-de-kiko-rivera","status":"publish","type":"post","link":"https:\/\/www.europesays.com\/es\/149793\/","title":{"rendered":"regresa a la televisi\u00f3n tras separarse de Kiko Rivera"},"content":{"rendered":"<p><strong>Irene Rosales<\/strong> (34 a\u00f1os) y <strong>Kiko Rivera<\/strong> (41 a\u00f1os) dejaron a todos boquiabiertos el pasado agosto cuando confirmaron la noticia de su separaci\u00f3n. La pareja, que llevaba 11 a\u00f1os de relaci\u00f3n y 9 casados, <strong>decidieron tomar caminos por separados por el bien de su familia<\/strong>. Con dos ni\u00f1as en com\u00fan, el DJ y la modelo han explicado que a pesar de haberse separado prometen hacer todo lo posible por el bien de sus hijas. Es m\u00e1s, la nueva casa del hijo de Isabel Pantoja se encuentra muy cerca de la que se ha quedado ella para que las dos peque\u00f1as noten las menor de las consecuencias.\u00a0<\/p>\n<p>\u00abQuiero dejar claro algo desde el principio: no voy a sacar partido econ\u00f3mico de esta situaci\u00f3n,\u00a0<strong>ni voy a acudir a televisi\u00f3n para hablar de mi vida privada\u00bb<\/strong>, asegur\u00f3 el hermano de Isa Pantoja en un importante comunicado, a\u00f1adiendo que Ana y Carlota son lo m\u00e1s bonito de su vida y que todo lo est\u00e1n haciendo por su bien: \u00abEllas son la mayor prueba del amor que hubo, y seguir\u00e1n siendo el motor que nos una de por vida\u00bb, dijo.\u00a0<\/p>\n<p>En esta nueva etapa que comienza cada uno por separado, <strong>Kiko cont\u00f3 hace unos d\u00edas que su sue\u00f1o de ser streamer estaba a punto de comenzar. <\/strong>Lo tiene todo planeado para triunfar desde las redes sociales. De hecho, en su nueva vivienda ha acondicionado una habitaci\u00f3n para hacer este tipo de v\u00eddeos que durante tanto tiempo hab\u00eda pensado en hacer.\u00a0<\/p>\n<p><img decoding=\"async\" src=\"https:\/\/www.europesays.com\/es\/wp-content\/uploads\/2025\/09\/telma-ortiz-junto-a-su-actual-novio_64ab000a_250930181346_800x800.webp.webp\" alt=\"Telma Ortiz, junto a su actual novio\" class=\"image lazyload\"\/><img loading=\"lazy\" decoding=\"async\" src=\"https:\/\/www.europesays.com\/es\/wp-content\/uploads\/2025\/09\/telma-ortiz-junto-a-su-actual-novio_64ab000a_250930181350_1280x720.webp.webp\" alt=\"Luis Pliego, director de la revista Lecturas, sobre la orden de desahucio contra Telma Ortiz y Robert Gavin Bonnar: &quot;Las nominas era un poco justo para pagar el alquiler&quot;\" class=\"image lazyload\" width=\"1280\" height=\"720\" data-aspectratio=\"1280\/720\"\/><\/p>\n<p>Pero no es el \u00fanico que se abre un nuevo camino laboral tras el divorcio. Irene, que desde entonces publica mucho m\u00e1s v\u00eddeos en redes sociales promocionando marcas y mostrando sus looks para darle m\u00e1s rienda a suelta a su faceta como influencer, <strong>tambi\u00e9n regresa a la televisi\u00f3n.<\/strong> Fue en 2021 cuando la exnuera de Isabel Pantoja dej\u00f3 a todos boquiabiertos con <a href=\"https:\/\/www.lecturas.com\/actualidad\/irene-rosales-no-puede-mas-y-decide-dejar-trabajar-viva-vida-no-me-compensa_104744\" rel=\"nofollow noopener\" target=\"_blank\">la decisi\u00f3n de dejar atr\u00e1s su faceta como colaboradora de &#8216;Viva la vida&#8217;<\/a>, el formato predecesor de &#8216;Fiesta&#8217;.\u00a0<\/p>\n<p><img loading=\"lazy\" decoding=\"async\"   src=\"https:\/\/www.europesays.com\/es\/wp-content\/uploads\/2025\/10\/kiko-rivera-e-irene-rosales_a8cd4b62_250930164843_1200x800.webp.webp\" alt=\"Kiko Rivera e Irene Rosales\" class=\"lazyload\" width=\"1200\" height=\"800\" data-aspectratio=\"1200\/800\"\/><\/p>\n<p>Kiko Rivera e Irene Rosales decidieron el pasado agosto poner fin a su matrimonio. Eso s\u00ed, aseguraron que ambos har\u00e1n todo lo posible por el bien de sus hijas.\u00a0<\/p>\n<p>&#13;Gtres<\/p>\n<p>\u00a0<\/p>\n<p><strong>\u00abNo estoy bien, estoy\u00a0de baj\u00f3n\u00a0por un c\u00famulo de cosas. No he parado desde hace m\u00e1s de un a\u00f1o, por lo de mis padres, despu\u00e9s\u00a0el conflicto de Kiko <\/strong>(<a href=\"https:\/\/www.lecturas.com\/actualidad\/cantora-herencia-envenenada-tretas-que-se-valio-isabel-pantoja-para-que-no-se-emitiera_92603\" rel=\"nofollow noopener\" target=\"_blank\">se refer\u00eda a &#8216;La herencia envenenada&#8217;<\/a>)&#8230; he querido llevarlo todo adelante pero llega un momento que no puedo m\u00e1s. Es posible que me arrepienta, pero aguanto esta necesidad de tener que estar continuamente dando explicaciones. No soy capaz de estar en este conflicto en el que no tengo nada que ver. El hecho de que est\u00e9 segura no necesita que no me d\u00e9 pena. He decidido que me voy a apartar de la televisi\u00f3n. Es una decisi\u00f3n clara, la llevo pensando desde hace semanas. La tomo ya para que no vaya la cosa a peor\u00bb, relat\u00f3 muy emocionada.\u00a0<\/p>\n<p>No fue hasta dos a\u00f1os y medio despu\u00e9s cuando Irene volvi\u00f3 al programa como invitada para comentar las galas de &#8216;Supervivientes&#8217;: \u00ab<strong>No te puedo negar que he sido muy feliz porque\u00a0me he cuidado yo,\u00a0me he centrado en m\u00ed. <\/strong>Sigo disfrutando de m\u00ed y ahora estoy contenta de estar un ratito con vosotros para comentar el programa\u00bb, dijo Rosales. Unas palabras que duraron poco, pues a las pocas semanas la modelo dej\u00f3 de acudir al espacio para continuar apoyando a Kiko y sus hijas.<\/p>\n<blockquote class=\"instagram-media\" data-instgrm-permalink=\"https:\/\/www.instagram.com\/p\/DPOgwFRCPfQ\/?utm_source=ig_embed&amp;utm_campaign=loading\" data-instgrm-version=\"14\" style=\" background:#FFF; border:0; border-radius:3px; box-shadow:0 0 1px 0 rgba(0,0,0,0.5),0 1px 10px 0 rgba(0,0,0,0.15); margin: 1px; max-width:540px; min-width:326px; padding:0; width:99.375%; width:-webkit-calc(100% - 2px); width:calc(100% - 2px);\"\/>\n<p>Ha sido mes y medio <a href=\"https:\/\/www.lecturas.com\/actualidad\/irene-rosales-rompe-su-silencio-sobre-su-separacion-kiko-rivera-comunicado-que-cambia-todo_180363\" rel=\"nofollow noopener\" target=\"_blank\">despu\u00e9s de confirmar la separaci\u00f3n del hijo de Isabel Pantoja<\/a>\u00a0que ha saltado la noticia de que Irene vaya a volver a la peque\u00f1a pantalla. Aunque no sabemos si es algo puntual o est\u00e1 buscando una nueva fuente de ingresos con la que mantener a la familia, <strong>Irene ser\u00e1 una de las invitadas de esta nueva edici\u00f3n de &#8216;Bailando con las estrellas<\/strong>&#8216;. Seg\u00fan ha adelantado &#8216;Poco Pasa&#8217;, la modelo y es de Kiko participar\u00e1 en uno de los programas donde adem\u00e1s\u00a0<strong>coincidir\u00e1 con Anabel Pantoja<\/strong>, la prima de su expareja. Un reencuentro nada tenso, pues las dos se llevan muy bien.\u00a0<\/p>\n<p>Por ahora la protagonista de la noticia no ha confirmado su participaci\u00f3n, pero lo que s\u00ed ha hecho es compartir en sus redes sociales una reflexi\u00f3n que refleja el momento vital por el que est\u00e1 pasando: \u00ab<strong>Enfocada en lo que s\u00ed hay, en lo que s\u00ed tengo, en lo que s\u00ed soy, en los que s\u00ed est\u00e1n\u00bb<\/strong>.\u00a0<\/p>\n<p><script async src=\"\/\/www.instagram.com\/embed.js\"><\/script><\/p>\n","protected":false},"excerpt":{"rendered":"Irene Rosales (34 a\u00f1os) y Kiko Rivera (41 a\u00f1os) dejaron a todos boquiabiertos el pasado agosto cuando confirmaron&hellip;\n","protected":false},"author":2,"featured_media":149794,"comment_status":"","ping_status":"","sticky":false,"template":"","format":"standard","meta":{"footnotes":""},"categories":[91],"tags":[146,147,25,24,23],"class_list":{"0":"post-149793","1":"post","2":"type-post","3":"status-publish","4":"format-standard","5":"has-post-thumbnail","7":"category-entretenimiento","8":"tag-entertainment","9":"tag-entretenimiento","10":"tag-es","11":"tag-espana","12":"tag-spain"},"share_on_mastodon":{"url":"","error":""},"_links":{"self":[{"href":"https:\/\/www.europesays.com\/es\/wp-json\/wp\/v2\/posts\/149793","targetHints":{"allow":["GET"]}}],"collection":[{"href":"https:\/\/www.europesays.com\/es\/wp-json\/wp\/v2\/posts"}],"about":[{"href":"https:\/\/www.europesays.com\/es\/wp-json\/wp\/v2\/types\/post"}],"author":[{"embeddable":true,"href":"https:\/\/www.europesays.com\/es\/wp-json\/wp\/v2\/users\/2"}],"replies":[{"embeddable":true,"href":"https:\/\/www.europesays.com\/es\/wp-json\/wp\/v2\/comments?post=149793"}],"version-history":[{"count":0,"href":"https:\/\/www.europesays.com\/es\/wp-json\/wp\/v2\/posts\/149793\/revisions"}],"wp:featuredmedia":[{"embeddable":true,"href":"https:\/\/www.europesays.com\/es\/wp-json\/wp\/v2\/media\/149794"}],"wp:attachment":[{"href":"https:\/\/www.europesays.com\/es\/wp-json\/wp\/v2\/media?parent=149793"}],"wp:term":[{"taxonomy":"category","embeddable":true,"href":"https:\/\/www.europesays.com\/es\/wp-json\/wp\/v2\/categories?post=149793"},{"taxonomy":"post_tag","embeddable":true,"href":"https:\/\/www.europesays.com\/es\/wp-json\/wp\/v2\/tags?post=149793"}],"curies":[{"name":"wp","href":"https:\/\/api.w.org\/{rel}","templated":true}]}}