{"id":149800,"date":"2025-10-01T02:13:16","date_gmt":"2025-10-01T02:13:16","guid":{"rendered":"https:\/\/www.europesays.com\/es\/149800\/"},"modified":"2025-10-01T02:13:16","modified_gmt":"2025-10-01T02:13:16","slug":"muere-una-joven-de-22-anos-atropellada-por-el-tranvia-en-santa-cruz-de-tenerife","status":"publish","type":"post","link":"https:\/\/www.europesays.com\/es\/149800\/","title":{"rendered":"Muere una joven de 22 a\u00f1os atropellada por el tranv\u00eda en Santa Cruz de Tenerife"},"content":{"rendered":"<p class=\"c-paragraph\">Una joven de 22 a\u00f1os ha muerto este martes al ser <b>atropellada por el tranv\u00eda<\/b> en la Avenida Islas Canarias, en <a href=\"https:\/\/www.20minutos.es\/tags\/lugares\/tenerife.html\" title=\"Tenerife\" rel=\"nofollow noopener\" target=\"_blank\">Santa Cruz de Tenerife<\/a>, en la rotonda de 29 de Mayo, a la altura de la parada de Cruz del Se\u00f1or.<\/p>\n<p class=\"c-paragraph\">Los hechos han sucedido poco antes de las 10.15 horas, cuando el Centro Coordinador de Emergencias y Seguridad (CECOES) 112 del Gobierno de Canarias recibi\u00f3 una alerta informando del arrollamiento de una persona que <b>hab\u00eda quedado atrapada.<\/b><\/p>\n<p class=\"c-paragraph\">El personal de las ambulancias del SUC desplazado al lugar <b>solo pudo confirmar el fallecimiento<\/b> de la afectada al presentar lesiones incompatibles con la vida.<\/p>\n<p class=\"c-paragraph\">Bomberos de Tenerife intervinieron en el lugar para<b> liberar el cuerpo,\u00a0<\/b>mientras que la Polic\u00eda Local instruy\u00f3 las diligencias correspondientes y ha abierto una investigaci\u00f3n para esclarecer las causas del atropello. A ra\u00edz del accidente, la circulaci\u00f3n de este transporte <b>prosigue con retraso<\/b> en algunos tramos.<\/p>\n","protected":false},"excerpt":{"rendered":"Una joven de 22 a\u00f1os ha muerto este martes al ser atropellada por el tranv\u00eda en la Avenida&hellip;\n","protected":false},"author":2,"featured_media":149801,"comment_status":"","ping_status":"","sticky":false,"template":"","format":"standard","meta":{"footnotes":""},"categories":[8],"tags":[17,18,1896,1477,25,24,13,14,11,19,20,9,10,15,16,23,1370,12,21,22],"class_list":{"0":"post-149800","1":"post","2":"type-post","3":"status-publish","4":"format-standard","5":"has-post-thumbnail","7":"category-espana","8":"tag-breaking-news","9":"tag-breakingnews","10":"tag-canarias","11":"tag-ciudades","12":"tag-es","13":"tag-espana","14":"tag-featured-news","15":"tag-featurednews","16":"tag-headlines","17":"tag-latest-news","18":"tag-latestnews","19":"tag-news","20":"tag-noticias","21":"tag-noticias-destacadas","22":"tag-noticiasdestacadas","23":"tag-spain","24":"tag-tenerife","25":"tag-titulares","26":"tag-ultimas-noticias","27":"tag-ultimasnoticias"},"share_on_mastodon":{"url":"","error":""},"_links":{"self":[{"href":"https:\/\/www.europesays.com\/es\/wp-json\/wp\/v2\/posts\/149800","targetHints":{"allow":["GET"]}}],"collection":[{"href":"https:\/\/www.europesays.com\/es\/wp-json\/wp\/v2\/posts"}],"about":[{"href":"https:\/\/www.europesays.com\/es\/wp-json\/wp\/v2\/types\/post"}],"author":[{"embeddable":true,"href":"https:\/\/www.europesays.com\/es\/wp-json\/wp\/v2\/users\/2"}],"replies":[{"embeddable":true,"href":"https:\/\/www.europesays.com\/es\/wp-json\/wp\/v2\/comments?post=149800"}],"version-history":[{"count":0,"href":"https:\/\/www.europesays.com\/es\/wp-json\/wp\/v2\/posts\/149800\/revisions"}],"wp:featuredmedia":[{"embeddable":true,"href":"https:\/\/www.europesays.com\/es\/wp-json\/wp\/v2\/media\/149801"}],"wp:attachment":[{"href":"https:\/\/www.europesays.com\/es\/wp-json\/wp\/v2\/media?parent=149800"}],"wp:term":[{"taxonomy":"category","embeddable":true,"href":"https:\/\/www.europesays.com\/es\/wp-json\/wp\/v2\/categories?post=149800"},{"taxonomy":"post_tag","embeddable":true,"href":"https:\/\/www.europesays.com\/es\/wp-json\/wp\/v2\/tags?post=149800"}],"curies":[{"name":"wp","href":"https:\/\/api.w.org\/{rel}","templated":true}]}}