{"id":149812,"date":"2025-10-01T02:27:10","date_gmt":"2025-10-01T02:27:10","guid":{"rendered":"https:\/\/www.europesays.com\/es\/149812\/"},"modified":"2025-10-01T02:27:10","modified_gmt":"2025-10-01T02:27:10","slug":"el-sorprendente-y-humilde-capricho-en-el-que-omar-montes-gasto-su-premio-de-supervivientes-2019","status":"publish","type":"post","link":"https:\/\/www.europesays.com\/es\/149812\/","title":{"rendered":"El sorprendente y humilde capricho en el que Omar Montes gast\u00f3 su premio de &#8216;Supervivientes 2019&#8217;"},"content":{"rendered":"<p>Mucho se habl\u00f3 de lo que iba a hacer<b> Omar Montes<\/b> con el premio de &#8216;Supervivientes&#8217; <a title=\"cuando particip\u00f3 en 2019\" href=\"https:\/\/www.larazon.es\/gente\/omar-montes-de-la-vida-martir-a-la-vida-padre-GM24281456\/\" target=\"_blank\" rel=\"nofollow noopener\">cuando particip\u00f3 en 2019<\/a> y consigui\u00f3 llevarse a casa la victoria. El cantante <b>gan\u00f3 200.000 euros<\/b>, aunque se quedaron en 110.000 euros por la deducci\u00f3n de los impuestos correspondientes. Seis a\u00f1os despu\u00e9s, <b>su madre ha desvelado de una vez por todas el destino que tuvo ese cheque que su hijo gan\u00f3 tras pasar tres meses en los Cayos Cochinos. <\/b><\/p>\n<p>Mari \u00c1ngeles Montes ha hablado del <b>paso de Omar por la isla<\/b> en el programa de Mediaset Infinity <a title=\"&#039;Madres: desde el coraz\u00f3n\" href=\"https:\/\/www.telecinco.es\/famosos\/20250930\/madre-omar-montes-revela-dinero-supervivientes_18_016679114.html\" target=\"_blank\" rel=\"nofollow noopener\">&#8216;Madres: desde el coraz\u00f3n<\/a>&#8216;, afirmando que \u00abno estaba planeado\u00bb y que despu\u00e9s de que se lo ofrecieran, la familia estaba de acuerdo con su participaci\u00f3n. \u00ab\u00c9l nos dec\u00eda: &#8216;Bueno, si a la semana de entrar me he puesto malo, pues me voy&#8217;. <b>\u00c9l cre\u00eda que solo iba a estar una semana<\/b>, pero va pasando el tiempo&#8230; y Omar llega a la final\u00bb, ha recordado.<\/p>\n<p>Una <b>final<\/b> a la que lleg\u00f3 sin haber sido nominado en los m\u00e1s de 80 d\u00edas previos y en la que tuvo que enfrentarse por primera vez al juicio de la audiencia. Primero se impuso al modelo italiano Fabio Colloricchio y despu\u00e9s al atleta Albert \u00c1lvarez, con un 53,7 % de los votos en una final muy ajustada.<\/p>\n<p>Tras ver las im\u00e1genes, la madre del artista que se dio a conocer en &#8216;Gran Hermano&#8217; y que tambi\u00e9n concurs\u00f3 en &#8216;Mujeres y hombres y viceversa&#8217;, ha relatado que <b>lo primero que hizo su hijo fue invitarles \u00aba comer y a cenar\u00bb. <\/b><\/p>\n<p>Despu\u00e9s de la comilona, el dinero fue destinado a la gran pantalla, ha seguido contando Mari \u00c1ngeles: <b>\u00abEmpezamos a ir al cine con ese dinero<\/b>. Nosotros no hemos estado bien de dinero nunca, entonces evidentemente no pod\u00edamos ir al cine. Ahora, con Omar vamos al cine cada dos por tres. Ya es un h\u00e1bito en nuestras costumbres\u00bb.<\/p>\n","protected":false},"excerpt":{"rendered":"Mucho se habl\u00f3 de lo que iba a hacer Omar Montes con el premio de &#8216;Supervivientes&#8217; cuando particip\u00f3&hellip;\n","protected":false},"author":2,"featured_media":149813,"comment_status":"","ping_status":"","sticky":false,"template":"","format":"standard","meta":{"footnotes":""},"categories":[171],"tags":[146,147,25,24,23,214],"class_list":{"0":"post-149812","1":"post","2":"type-post","3":"status-publish","4":"format-standard","5":"has-post-thumbnail","7":"category-tv","8":"tag-entertainment","9":"tag-entretenimiento","10":"tag-es","11":"tag-espana","12":"tag-spain","13":"tag-tv"},"share_on_mastodon":{"url":"","error":""},"_links":{"self":[{"href":"https:\/\/www.europesays.com\/es\/wp-json\/wp\/v2\/posts\/149812","targetHints":{"allow":["GET"]}}],"collection":[{"href":"https:\/\/www.europesays.com\/es\/wp-json\/wp\/v2\/posts"}],"about":[{"href":"https:\/\/www.europesays.com\/es\/wp-json\/wp\/v2\/types\/post"}],"author":[{"embeddable":true,"href":"https:\/\/www.europesays.com\/es\/wp-json\/wp\/v2\/users\/2"}],"replies":[{"embeddable":true,"href":"https:\/\/www.europesays.com\/es\/wp-json\/wp\/v2\/comments?post=149812"}],"version-history":[{"count":0,"href":"https:\/\/www.europesays.com\/es\/wp-json\/wp\/v2\/posts\/149812\/revisions"}],"wp:featuredmedia":[{"embeddable":true,"href":"https:\/\/www.europesays.com\/es\/wp-json\/wp\/v2\/media\/149813"}],"wp:attachment":[{"href":"https:\/\/www.europesays.com\/es\/wp-json\/wp\/v2\/media?parent=149812"}],"wp:term":[{"taxonomy":"category","embeddable":true,"href":"https:\/\/www.europesays.com\/es\/wp-json\/wp\/v2\/categories?post=149812"},{"taxonomy":"post_tag","embeddable":true,"href":"https:\/\/www.europesays.com\/es\/wp-json\/wp\/v2\/tags?post=149812"}],"curies":[{"name":"wp","href":"https:\/\/api.w.org\/{rel}","templated":true}]}}