{"id":149814,"date":"2025-10-01T02:29:09","date_gmt":"2025-10-01T02:29:09","guid":{"rendered":"https:\/\/www.europesays.com\/es\/149814\/"},"modified":"2025-10-01T02:29:09","modified_gmt":"2025-10-01T02:29:09","slug":"camp-rock-3-demi-lovato-comparte-una-primera-foto-de-su-regreso-a-la-saga-pero-habra-cameo","status":"publish","type":"post","link":"https:\/\/www.europesays.com\/es\/149814\/","title":{"rendered":"&#8216;Camp Rock 3&#8217;: Demi Lovato comparte una primera foto de su regreso a la saga, pero \u00bfhabr\u00e1 cameo?"},"content":{"rendered":"<p><b>&#8216;Camp Rock&#8217; est\u00e1 de vuelta<\/b>. El pasado 15 de septiembre comenz\u00f3 a rodarse la tercera entrega de la tan conocida franquicia de Disney, que contar\u00e1 con las estrellas originales de la primeras dos pel\u00edculas: <b>los Jonas Brothers y <a href=\"https:\/\/www.ecartelera.com\/personas\/demi-lovato\/\" rel=\"nofollow noopener\" target=\"_blank\">Demi Lovato<\/a> regresan para participar en el proyecto<\/b>.<\/p>\n<p>Tr\u00e1iler espa\u00f1ol &#8216;Camp Rock&#8217;<\/p>\n<p><video id=\"vid-21651\" class=\"video-js vjs-default-skin\" data-title=\"Tr\u00e1iler espa\u00f1ol 'Camp Rock'\" poster=\"https:\/\/www.ecartelera.com\/images\/videos\/21600\/f21651.jpg\" controls=\"\" preload=\"auto\" width=\"640\" height=\"360\" playsinline=\"\" data-vtt=\"\/\/v1.ecartelera.com\/video\/21600\/21651_sprite.vtt\" data-stream=\"1\">El navegador no soporta el tag de v\u00eddeo.<\/video><\/p>\n<p>X<\/p>\n<p>Con las grabaciones en marcha, Lovato ha sorprendido a sus fans con una divertida publicaci\u00f3n en Instagram y X donde la vemos sentada en una silla que lleva su nombre junto al cargo de productora ejecutiva. La imagen viene acompa\u00f1ada de un texto:<b> \u00abThis is me (in my producer era)\u00bb<\/b>, en espa\u00f1ol: \u00abEsta soy yo (en mi era de productora)\u00bb, haciendo referencia a una canci\u00f3n muy sonada de &#8216;<a href=\"https:\/\/www.ecartelera.com\/peliculas\/camp-rock\/\" rel=\"nofollow noopener\" target=\"_blank\">Camp Rock<\/a>&#8216; (2008) y comunicando su retorno, esta vez detr\u00e1s de las c\u00e1maras.<\/p>\n<blockquote class=\"twitter-tweet\">\n<p lang=\"en\" dir=\"ltr\">this is me (in my producer era) <a href=\"https:\/\/t.co\/2crskKfUTm\" rel=\"nofollow\">pic.twitter.com\/2crskKfUTm<\/a><\/p>\n<p>\u2014 Demi Lovato (@ddlovato) <a href=\"https:\/\/twitter.com\/ddlovato\/status\/1972678341917344045?ref_src=twsrc%5Etfw\" rel=\"nofollow noopener\" target=\"_blank\">September 29, 2025<\/a><\/p><\/blockquote>\n<p>La secci\u00f3n de comentarios se ha inundado de comentarios de <b>fans deseosos de que Lovato tambi\u00e9n aproveche su participaci\u00f3n en el proyecto para hacer, al menos, un cameo<\/b> como Mitchie Torres, el personaje que interpret\u00f3 tanto en la primera parte de la ficci\u00f3n como en la segunda &#8216;<a href=\"https:\/\/www.ecartelera.com\/peliculas\/camp-rock-2-the-final-jam\/\" rel=\"nofollow noopener\" target=\"_blank\">Camp Rock 2: The Final Jam<\/a>&#8216; (2010). Esto, sin embargo, <b>no est\u00e1 confirmado<\/b> y la cantante se guarda muy concienzudamente de dar informaci\u00f3n al respecto. <\/p>\n<p>\u00bfQui\u00e9n vuelve a rockear?<\/p>\n<p>Aunque la participaci\u00f3n de Demi Lovato como actriz de momento no es una realidad, s\u00ed que <b>se sabe que habr\u00e1 caras muy conocidas<\/b> en la pel\u00edcula. &#8216;Camp Rock 3&#8217;, dirigida por Veronica Rodr\u00edguez y escrita por Eydie Faye, <b>traer\u00e1 de vuelta a los hermanos Gray, interpretados los Jonas Brothers<\/b>. <a href=\"https:\/\/www.ecartelera.com\/personas\/joe-jonas\/\" rel=\"nofollow noopener\" target=\"_blank\">Joe Jonas<\/a>, <a href=\"https:\/\/www.ecartelera.com\/personas\/nick-jonas\/\" rel=\"nofollow noopener\" target=\"_blank\">Nick Jonas<\/a> y <a href=\"https:\/\/www.ecartelera.com\/personas\/kevin-jonas\/\" rel=\"nofollow noopener\" target=\"_blank\">Kevin Jonas<\/a> volver\u00e1n a dar vida, respectivamente, a Shane, Nate y Jason Gray. <\/p>\n<p>\t\t\t\t\t\t\t<img decoding=\"async\" loading=\"lazy\" src=\"https:\/\/www.europesays.com\/es\/wp-content\/uploads\/2025\/10\/244453_camp-rock-3-el-primer-vistazo-del-regreso-de-de.jpg\" alt=\"Joe Jonas y Demi Lovato como Shane y Mitchie en 'Camp Rock' (2008)\" width=\"1200\" height=\"675\"\/>\t<\/p>\n<p>\t\t\t\t\t\tJoe Jonas y Demi Lovato como Shane y Mitchie en &#8216;Camp Rock&#8217; (2008) (Disney Channel)<\/p>\n<p><b>El film tambi\u00e9n contar\u00e1 de nuevo con <a href=\"https:\/\/www.ecartelera.com\/personas\/maria-canals-barrera\/\" rel=\"nofollow noopener\" target=\"_blank\">Maria Canals-Barrera<\/a><\/b> como la madre de Mitchie, Connie Torres, y con otras nuevas incorporaciones entre las que se encuentran <a href=\"https:\/\/www.ecartelera.com\/personas\/sherry-cola\/\" rel=\"nofollow noopener\" target=\"_blank\">Sherry Cola<\/a>, Malachi Barton, Ava Jean, Brooklyn Pitts, Liamani Segura y <a href=\"https:\/\/www.ecartelera.com\/personas\/lumi-pollack\/\" rel=\"nofollow noopener\" target=\"_blank\">Lumi Pollack<\/a>. <\/p>\n<p>Desde luego, <b>la vuelta de &#8216;Camp Rock&#8217; remover\u00e1 emociones y causar\u00e1 nostalgia<\/b>, sobre todo en ese p\u00fablico cuya infancia y adolescencia se vio marcada por pel\u00edculas de Disney como esta. Raro ser\u00eda que Lovato no haga felices a los fans apareciendo aunque sea en una escena, \u00bfno? Cruzamos los dedos.<\/p>\n<p><script async src=\"https:\/\/platform.twitter.com\/widgets.js\" charset=\"utf-8\"><\/script><\/p>\n","protected":false},"excerpt":{"rendered":"&#8216;Camp Rock&#8217; est\u00e1 de vuelta. El pasado 15 de septiembre comenz\u00f3 a rodarse la tercera entrega de la&hellip;\n","protected":false},"author":2,"featured_media":149815,"comment_status":"","ping_status":"","sticky":false,"template":"","format":"standard","meta":{"footnotes":""},"categories":[169],"tags":[1014,1015,1013,177,1011,146,147,25,24,782,176,1019,1016,175,753,1012,23,1017,1018],"class_list":{"0":"post-149814","1":"post","2":"type-post","3":"status-publish","4":"format-standard","5":"has-post-thumbnail","7":"category-cine","8":"tag-actores","9":"tag-actrices","10":"tag-cartelera","11":"tag-cine","12":"tag-ecartelera","13":"tag-entertainment","14":"tag-entretenimiento","15":"tag-es","16":"tag-espana","17":"tag-estrellas","18":"tag-film","19":"tag-fotogramas","20":"tag-fotos","21":"tag-movies","22":"tag-peliculas","23":"tag-pelis","24":"tag-spain","25":"tag-trailers","26":"tag-videos"},"share_on_mastodon":{"url":"","error":""},"_links":{"self":[{"href":"https:\/\/www.europesays.com\/es\/wp-json\/wp\/v2\/posts\/149814","targetHints":{"allow":["GET"]}}],"collection":[{"href":"https:\/\/www.europesays.com\/es\/wp-json\/wp\/v2\/posts"}],"about":[{"href":"https:\/\/www.europesays.com\/es\/wp-json\/wp\/v2\/types\/post"}],"author":[{"embeddable":true,"href":"https:\/\/www.europesays.com\/es\/wp-json\/wp\/v2\/users\/2"}],"replies":[{"embeddable":true,"href":"https:\/\/www.europesays.com\/es\/wp-json\/wp\/v2\/comments?post=149814"}],"version-history":[{"count":0,"href":"https:\/\/www.europesays.com\/es\/wp-json\/wp\/v2\/posts\/149814\/revisions"}],"wp:featuredmedia":[{"embeddable":true,"href":"https:\/\/www.europesays.com\/es\/wp-json\/wp\/v2\/media\/149815"}],"wp:attachment":[{"href":"https:\/\/www.europesays.com\/es\/wp-json\/wp\/v2\/media?parent=149814"}],"wp:term":[{"taxonomy":"category","embeddable":true,"href":"https:\/\/www.europesays.com\/es\/wp-json\/wp\/v2\/categories?post=149814"},{"taxonomy":"post_tag","embeddable":true,"href":"https:\/\/www.europesays.com\/es\/wp-json\/wp\/v2\/tags?post=149814"}],"curies":[{"name":"wp","href":"https:\/\/api.w.org\/{rel}","templated":true}]}}