{"id":149816,"date":"2025-10-01T02:30:07","date_gmt":"2025-10-01T02:30:07","guid":{"rendered":"https:\/\/www.europesays.com\/es\/149816\/"},"modified":"2025-10-01T02:30:07","modified_gmt":"2025-10-01T02:30:07","slug":"del-cesped-al-microfono-rafinha-alcatara-analiza-el-clasico-joven-de-psg-barcelona-en-la-champions","status":"publish","type":"post","link":"https:\/\/www.europesays.com\/es\/149816\/","title":{"rendered":"Del c\u00e9sped al micr\u00f3fono: Rafinha Alc\u00e1tara analiza el cl\u00e1sico joven de PSG-Barcelona en la Champions"},"content":{"rendered":"\n<p>El choque que es todo un cl\u00e1sico entre Barcelona y Par\u00eds Saint-Germain vuelve a presentarse como uno de los duelos m\u00e1s atractivos de la Champions League. Para Rafinha Alc\u00e1ntara, mediocampista formado en La Mas\u00eda y con paso por el conjunto parisino, el partido tiene un sabor especial, aunque esta vez lo vivir\u00e1 desde el otro lado de la l\u00ednea, como analista para DAZN, en donde se transmitir\u00e1 el juego a las 12 p.m. PT.<\/p>\n<p>Actualmente sin equipo y en plena recuperaci\u00f3n de una lesi\u00f3n de larga duraci\u00f3n, Rafinha reconoci\u00f3 que este nuevo rol lleg\u00f3 casi de manera accidental, pero lo ha disfrutado con sorpresa.<\/p>\n<p>\u201cEstoy en un proceso de recuperaci\u00f3n de una lesi\u00f3n muy larga y a\u00fan estoy en ese proceso\u201d, dijo Alc\u00e1ntara desde Espa\u00f1a. \u201cLos chicos de DAZN me contactaron, quise probar y la verdad que la primera vez me lo pas\u00e9 tan bien que ma\u00f1ana repetimos\u201d.<\/p>\n<p>El exinternacional brasile\u00f1o sabe lo que significa disputar un cl\u00e1sico europeo de este calibre. Lo vivi\u00f3 desde dentro, primero con el Barcelona bajo la direcci\u00f3n de Luis Enrique, y despu\u00e9s en Par\u00eds bajo la conducci\u00f3n de Thomas Tuchel y Mauricio Pochettino. Por eso, explica que la perspectiva cambia radicalmente cuando se pasa de ser jugador a comentarista.<\/p>\n<p>\u201cCuando jugaba era completamente diferente\u2026 vas con el nerviosismo de un partido de alt\u00edsimo nivel, con las ganas que tiene cualquier futbolista de poder jugar un partido as\u00ed\u201d, cont\u00f3 el jugador de 32 a\u00f1os. \u201cY retransmitiendo, pues es un poco diferente porque entra la parte anal\u00edtica del juego, m\u00e1s que el disfrute de jugar\u201d.<\/p>\n<p>Para Rafinha, este duelo que antes no era considerado un cl\u00e1sico, hoy tiene un peso global innegable.<\/p>\n<p>\u201cEmpez\u00f3 con esa peque\u00f1a historia de Bar\u00e7a-PSG con las contrataciones de Neymar en su momento, de [Lionel] Messi, pues ahora le da ese morbo que tiene un partido, pero estamos hablando de un Bar\u00e7a, por su historia, inmenso y el actual campe\u00f3n de Champions. Y es normal que este partido se vea con tanta ilusi\u00f3n\u201d.<\/p>\n<p>Tambi\u00e9n tuvo tiempo de comparar las filosof\u00edas de ambos clubes, pues ha jugado para ambos. Con el Barcelona B estuvo entre 2011-13, mientras que con el primer equipo lo hizo tambi\u00e9n durante ese lapso, pero se mantuvo con el club hasta el 2020. Durante ese tiempo fue cedido a pr\u00e9stamo al Celta y al Inter de Mil\u00e1n para luego unirse al PSG desde el 2020 hasta el 2022.<\/p>\n<p>\u201cSon equipos diferentes. Con el Bar\u00e7a me toc\u00f3 Luis Enrique y en Par\u00eds con Tuchel y despu\u00e9s Pochettino. Creo que son t\u00e9cnicos parecidos, que proponen tener la posesi\u00f3n, las ganas de f\u00fatbol, el control de la t\u00e9cnica y, l\u00f3gicamente, el f\u00edsico de los jugadores\u201d.<\/p>\n<p>Ahora como analista, el brasile\u00f1o prepara los encuentros revisando partidos recientes y apoy\u00e1ndose en la experiencia acumulada dentro del vestuario.<\/p>\n<p>\u201cTengo la fuerza de haber podido ser jugador de f\u00fatbol, entonces, en base a mi experiencia, poder comentarlo. L\u00f3gicamente, te preparas viendo los \u00faltimos partidos del PSG o del Barcelona\u2026\u201d.<\/p>\n<p>Rafinha admite que nunca se imagin\u00f3 en el rol de comentarista, pero que la experiencia lo ha sorprendido para bien.<\/p>\n<p>\u201cSiempre he sido muy\u2026 no en contra de los periodistas, enti\u00e9ndeme, pero como jugador no quer\u00eda saber mucho de la comunicaci\u00f3n. Entonces, me ve\u00eda muy fuera\u201d, dijo Alc\u00e1ntara. \u201cDAZN me llam\u00f3 y dije vamos a probar\u2026 y me lo pas\u00e9 muy bien. Fue una bonita experiencia en la que me hicieron sentir muy c\u00f3modo y la verdad que hablar de f\u00fatbol a un futbolista es como ver a un pez en el agua\u201d.<\/p>\n<p>Aunque no lo considera a\u00fan un futuro definido, el hijo del legendario Mazinho no descarta que esta faceta pueda convertirse en un camino tras su carrera en las canchas. Por ahora, la prioridad sigue siendo su recuperaci\u00f3n, mientras disfruta del an\u00e1lisis de un partido que conoce de memoria.<\/p>\n","protected":false},"excerpt":{"rendered":"El choque que es todo un cl\u00e1sico entre Barcelona y Par\u00eds Saint-Germain vuelve a presentarse como uno de&hellip;\n","protected":false},"author":2,"featured_media":149817,"comment_status":"","ping_status":"","sticky":false,"template":"","format":"standard","meta":{"footnotes":""},"categories":[93],"tags":[210,11681,45620,305,168,20557,622,25,24,8009,282,378,20114,1045,45624,45623,45622,45621,23,167],"class_list":{"0":"post-149816","1":"post","2":"type-post","3":"status-publish","4":"format-standard","5":"has-post-thumbnail","7":"category-deportes","8":"tag-barcelona","9":"tag-champions","10":"tag-clasico-joven","11":"tag-dazn","12":"tag-deportes","13":"tag-diferente","14":"tag-equipo","15":"tag-es","16":"tag-espana","17":"tag-experiencia","18":"tag-futbol","19":"tag-jugador","20":"tag-paris-saint-germain","21":"tag-partido","22":"tag-pequeno-historia","23":"tag-pleno-recuperacion","24":"tag-rafinha-alcantara","25":"tag-rafinha-alcatara","26":"tag-spain","27":"tag-sports"},"share_on_mastodon":{"url":"","error":""},"_links":{"self":[{"href":"https:\/\/www.europesays.com\/es\/wp-json\/wp\/v2\/posts\/149816","targetHints":{"allow":["GET"]}}],"collection":[{"href":"https:\/\/www.europesays.com\/es\/wp-json\/wp\/v2\/posts"}],"about":[{"href":"https:\/\/www.europesays.com\/es\/wp-json\/wp\/v2\/types\/post"}],"author":[{"embeddable":true,"href":"https:\/\/www.europesays.com\/es\/wp-json\/wp\/v2\/users\/2"}],"replies":[{"embeddable":true,"href":"https:\/\/www.europesays.com\/es\/wp-json\/wp\/v2\/comments?post=149816"}],"version-history":[{"count":0,"href":"https:\/\/www.europesays.com\/es\/wp-json\/wp\/v2\/posts\/149816\/revisions"}],"wp:featuredmedia":[{"embeddable":true,"href":"https:\/\/www.europesays.com\/es\/wp-json\/wp\/v2\/media\/149817"}],"wp:attachment":[{"href":"https:\/\/www.europesays.com\/es\/wp-json\/wp\/v2\/media?parent=149816"}],"wp:term":[{"taxonomy":"category","embeddable":true,"href":"https:\/\/www.europesays.com\/es\/wp-json\/wp\/v2\/categories?post=149816"},{"taxonomy":"post_tag","embeddable":true,"href":"https:\/\/www.europesays.com\/es\/wp-json\/wp\/v2\/tags?post=149816"}],"curies":[{"name":"wp","href":"https:\/\/api.w.org\/{rel}","templated":true}]}}