{"id":149826,"date":"2025-10-01T02:36:15","date_gmt":"2025-10-01T02:36:15","guid":{"rendered":"https:\/\/www.europesays.com\/es\/149826\/"},"modified":"2025-10-01T02:36:15","modified_gmt":"2025-10-01T02:36:15","slug":"tres-heridos-uno-de-ellos-hospitalizado-tras-un-desprendimiento-de-rocas-sobre-un-hotel-en-ibiza-sociedad","status":"publish","type":"post","link":"https:\/\/www.europesays.com\/es\/149826\/","title":{"rendered":"Tres heridos, uno de ellos hospitalizado, tras un desprendimiento de rocas sobre un hotel en Ibiza | Sociedad"},"content":{"rendered":"<p class=\"loc\">Ibiza<\/p>\n<p>Tres clientes de un hotel de Ibiza se han visto afectados tras un desprendimiento de rocas sobre un hotel de Ibiza que ha afectados a dos plantas del edificio. Uno de ellos ha sido trasladado a la Policl\u00ednica del Rosario y los otros dos han recibido asistencia sanitaria en el mismo establecimiento, pero no han requerido hospitalizaci\u00f3n.<\/p>\n<p>El establecimiento afectado es el Vibra Tropical Garden ubicado en la calle Ram\u00f3n Muntaner en el barrio de Figueretes. <\/p>\n<p>La portavoz del grupo, Susana G\u00f3mez, dice se ha optado por desalojar el establecimiento y los 212 clientes alojados est\u00e1n siendo derivados a otros establecimientos de la compa\u00f1\u00eda. <\/p>\n<p>Se ha tomado esta medida despu\u00e9s de que los bomberos hicieran notar la inestabilidad del terreno debido a las fuertes lluvias y tambi\u00e9n por la alarma que se ha generado por parte de todas las personas que se encontraban en el hotel en el momento del desprendimiento.<\/p>\n<p><img decoding=\"async\" src=\"https:\/\/www.europesays.com\/es\/wp-content\/uploads\/2025\/10\/Z7AN2N64URANZLKLT63COPJ6UM.jpg\" alt=\"El alcalde de Ibiza junto a clientes del hotel\" width=\"650\" height=\"867\"  loading=\"lazy\"\/><\/p>\n<p>El alcalde de Ibiza junto a clientes del hotel<\/p>\n<p>Ampliar<img decoding=\"async\" src=\"https:\/\/www.europesays.com\/es\/wp-content\/uploads\/2025\/10\/1759286175_505_Z7AN2N64URANZLKLT63COPJ6UM.jpg\" alt=\"El alcalde de Ibiza junto a clientes del hotel\" width=\"650\" height=\"867\" loading=\"lazy\"\/><\/p>\n<p>El alcalde de Ibiza junto a clientes del hotel<\/p>\n<p>Cerrar<\/p>\n<p>Seg\u00fan informan desde el servicio de urgencias 061, en un primer momento han sido rescatados por los bomberos tras quedar atrapados por el desprendimiento de rocas provocado por las lluvias torrenciales en la ciudad de Ibiza.<\/p>\n<p>Las urgencias sanitarias han desplazado dos ambulancias. Tras la valoraci\u00f3n m\u00e9dica se ha evacuado a uno de los afectados a la Policl\u00ednica, aunque en principio sus lesiones no revisten gravedad. Otras dos personas han sufrido heridas leves y una cuarta no ha sufrido da\u00f1o alguno aunque tambi\u00e9n qued\u00f3 atrapado tras el desprendimiento.<\/p>\n","protected":false},"excerpt":{"rendered":"Ibiza Tres clientes de un hotel de Ibiza se han visto afectados tras un desprendimiento de rocas sobre&hellip;\n","protected":false},"author":2,"featured_media":149827,"comment_status":"","ping_status":"","sticky":false,"template":"","format":"standard","meta":{"footnotes":""},"categories":[8],"tags":[17,18,25,24,13,14,11,45627,19,20,9,10,15,16,23,12,21,22],"class_list":{"0":"post-149826","1":"post","2":"type-post","3":"status-publish","4":"format-standard","5":"has-post-thumbnail","7":"category-espana","8":"tag-breaking-news","9":"tag-breakingnews","10":"tag-es","11":"tag-espana","12":"tag-featured-news","13":"tag-featurednews","14":"tag-headlines","15":"tag-hoteles-clientes-desprendimientos","16":"tag-latest-news","17":"tag-latestnews","18":"tag-news","19":"tag-noticias","20":"tag-noticias-destacadas","21":"tag-noticiasdestacadas","22":"tag-spain","23":"tag-titulares","24":"tag-ultimas-noticias","25":"tag-ultimasnoticias"},"share_on_mastodon":{"url":"","error":""},"_links":{"self":[{"href":"https:\/\/www.europesays.com\/es\/wp-json\/wp\/v2\/posts\/149826","targetHints":{"allow":["GET"]}}],"collection":[{"href":"https:\/\/www.europesays.com\/es\/wp-json\/wp\/v2\/posts"}],"about":[{"href":"https:\/\/www.europesays.com\/es\/wp-json\/wp\/v2\/types\/post"}],"author":[{"embeddable":true,"href":"https:\/\/www.europesays.com\/es\/wp-json\/wp\/v2\/users\/2"}],"replies":[{"embeddable":true,"href":"https:\/\/www.europesays.com\/es\/wp-json\/wp\/v2\/comments?post=149826"}],"version-history":[{"count":0,"href":"https:\/\/www.europesays.com\/es\/wp-json\/wp\/v2\/posts\/149826\/revisions"}],"wp:featuredmedia":[{"embeddable":true,"href":"https:\/\/www.europesays.com\/es\/wp-json\/wp\/v2\/media\/149827"}],"wp:attachment":[{"href":"https:\/\/www.europesays.com\/es\/wp-json\/wp\/v2\/media?parent=149826"}],"wp:term":[{"taxonomy":"category","embeddable":true,"href":"https:\/\/www.europesays.com\/es\/wp-json\/wp\/v2\/categories?post=149826"},{"taxonomy":"post_tag","embeddable":true,"href":"https:\/\/www.europesays.com\/es\/wp-json\/wp\/v2\/tags?post=149826"}],"curies":[{"name":"wp","href":"https:\/\/api.w.org\/{rel}","templated":true}]}}