{"id":149830,"date":"2025-10-01T02:44:10","date_gmt":"2025-10-01T02:44:10","guid":{"rendered":"https:\/\/www.europesays.com\/es\/149830\/"},"modified":"2025-10-01T02:44:10","modified_gmt":"2025-10-01T02:44:10","slug":"mclaren-tira-de-tribunales-con-alex-palou-y-le-reclama-una-cifra-millonaria","status":"publish","type":"post","link":"https:\/\/www.europesays.com\/es\/149830\/","title":{"rendered":"McLaren tira de tribunales con Alex Palou y le reclama una cifra millonaria"},"content":{"rendered":"<p data-journey-content=\"true\" data-node-id=\"3\" class=\"css-6wxqfj emevuu60\"><strong data-node-id=\"3.0\">Alex Palou<\/strong> y <strong data-node-id=\"3.2\">McLaren<\/strong> han reanudado en Londres su disputa legal por el fallido fichaje del espa\u00f1ol por \u2018<strong data-node-id=\"3.4\">Arrow McLaren<\/strong>\u2019 de <strong data-node-id=\"3.6\">Indycar<\/strong>. Los brit\u00e1nicos reclaman las p\u00e9rdidas generadas por el incumplimiento de contrato del espa\u00f1ol. Sin embargo, las cifras que est\u00e1n pidiendo <strong data-node-id=\"3.8\">no le cuadran<\/strong> <strong data-node-id=\"3.10\">en absoluto<\/strong> ni al piloto ni a su entorno. El tribunal tendr\u00e1 que ponerle fin a este desacuerdo que se ha ido creciente durante estos 3 a\u00f1os.<\/p>\n<p>La defensa tiene clara su postura<\/p>\n<p data-journey-content=\"true\" data-node-id=\"7\" class=\"css-6wxqfj emevuu60\">El cuatro veces campe\u00f3n de la Indycar opt\u00f3 por permanecer en <strong data-node-id=\"7.1\">Chip Ganassi Racing<\/strong>, ya que los de Woking hab\u00edan fichado a <strong data-node-id=\"7.3\">Oscar Piastri<\/strong> en F\u00f3rmula 1. Teniendo este factor en cuenta, la defensa del espa\u00f1ol se\u00f1ala que las supuestas p\u00e9rdidas que este movimiento provoc\u00f3 est\u00e1n \u2018<strong data-node-id=\"7.5\">infladas<\/strong>\u2019. La cantidad econ\u00f3mica exigida a\u00fan no es 100% concreta, fuentes como \u2018Reuters\u2019 hablan de unos<strong data-node-id=\"7.7\"> 20 millones de d\u00f3lares<\/strong>; \u2018AP\u2019 y \u2018Forbes\u2019 sit\u00faan la pretensi\u00f3n <strong data-node-id=\"7.9\">en torno a los 30<\/strong>.<\/p>\n<p data-journey-content=\"true\" data-node-id=\"9\" class=\"css-6wxqfj emevuu60\">McLaren ya ha dejado claro que quiere ir hasta el final. Sin embargo, <strong data-node-id=\"9.1\">el tribunal tendr\u00e1 la \u00faltima palabra<\/strong> sobre el dinero. Seg\u00fan las \u00faltimas informaciones, la previsi\u00f3n es que el proceso quede visto para <strong data-node-id=\"9.3\">sentencia en noviembre<\/strong>. En Londres tendr\u00e1n que escuchar atentamente las palabras de Palou y de <strong data-node-id=\"9.5\">Zak Brown<\/strong>, CEO de la escuder\u00eda.<\/p>\n<p><img draggable=\"true\" alt=\"109th running of the indianapolis 500\" title=\"109th Running Of The Indianapolis 500\" loading=\"lazy\" width=\"7499\" height=\"4999\" decoding=\"async\" data-nimg=\"1\" style=\"color:transparent;width:100%;height:auto;\"   src=\"https:\/\/www.europesays.com\/es\/wp-content\/uploads\/2025\/10\/alex-palou-chip-ganassi-racing-honda-drinks-milk-on-the-news-photo-1759259197.pjpeg\" class=\"css-0 e1g79fud0\"\/><a target=\"_blank\" rel=\"noopener nofollow\" data-theme-key=\"base-link\" href=\"https:\/\/pinterest.com\/pin\/create\/button\/?url=https:\/\/www.caranddriver.com\/es\/formula-1\/a68117563\/mclaren-tira-tribunales-alex-palou-reclama-cifra-millonaria-londres\/&amp;description=&amp;media=https:\/\/hips.hearstapps.com\/hmg-prod\/images\/alex-palou-chip-ganassi-racing-honda-drinks-milk-on-the-news-photo-1759259197.pjpeg?resize=1600:*\" class=\"pinterest css-on9hn5 e1c1bym14\"><img decoding=\"async\" data-dynamic-svg=\"true\" src=\"https:\/\/www.caranddriver.com\/_assets\/design-tokens\/fre\/static\/icons\/social\/pinterest.e8cf655.svg?primary=%2523ffffff\" loading=\"lazy\" data-testid=\"dynamic-svg-base\" height=\"auto\" width=\"auto\" alt=\"pinterest\" class=\"css-4lml0h e1mlxuuw1\"\/><\/a><\/p>\n<p>Brandon Badraoui\/\/Getty Images<\/p>\n<p data-journey-content=\"true\" data-node-id=\"14\" class=\"css-6wxqfj emevuu60\">En el plano deportivo, el espa\u00f1ol ha conseguido su principal objetivo, reinar en la Indycar. El piloto se ha convertido en <strong data-node-id=\"14.1\">tetracampe\u00f3n (2021, 2023, 2024 y 2025)<\/strong>. Adem\u00e1s, este a\u00f1o ha conquistado las<strong data-node-id=\"14.3\"> 500 Millas de Indian\u00e1polis<\/strong>. Su rendimiento y el valor comercial asociado son los principales argumentos de McLaren para justificar una cantidad solicitada m\u00e1s alta, ya que la parte demandante entiende que <strong data-node-id=\"14.5\">todo habr\u00eda ido mejor con \u00e9l<\/strong> en sus filas.<\/p>\n<p>Palou ha descartado la F\u00f3rmula 1<\/p>\n<p data-journey-content=\"true\" data-node-id=\"17\" class=\"css-6wxqfj emevuu60\">El piloto ten\u00eda intenciones de ascender al Gran Circo con los de Woking, de hecho, debut\u00f3 en unos entrenamientos libres del<strong data-node-id=\"17.1\"> GP de Estados Unidos de 2022<\/strong>. Sin embargo, <a href=\"https:\/\/www.caranddriver.com\/es\/formula-1\/a65951380\/alex-palou-silencia-rumores-red-bull-f1-entrevista\/\" target=\"_blank\" data-vars-ga-outbound-link=\"https:\/\/www.caranddriver.com\/es\/formula-1\/a65951380\/alex-palou-silencia-rumores-red-bull-f1-entrevista\/\" data-vars-ga-ux-element=\"Hyperlink\" data-vars-ga-call-to-action=\"ha recalcado\" data-node-id=\"17.3\" class=\"body-link css-168zq96 emevuu60\" rel=\"nofollow noopener\">ha recalcado<\/a> en varias ocasiones que quiere seguir haciendo historia en la Indycar. El tribunal tendr\u00e1 que tomar una decisi\u00f3n final sobre su situaci\u00f3n, aunque no tendr\u00e1 consecuencias en el plano deportivo. Una vez se conozca la <strong data-node-id=\"17.5\">sentencia final<\/strong>, se podr\u00e1 ver la cifra definitiva que tendr\u00e1 que abonar.<\/p>\n<p>Contenidos relacionados<img src=\"https:\/\/www.europesays.com\/es\/wp-content\/uploads\/2025\/10\/d3baca1e-d34f-44ac-842c-f2c50fb6b579_1737539442.file\" alt=\"Headshot of Alejandro Fern\u00e1ndez Montealegre\" title=\"Headshot of Alejandro Fern\u00e1ndez Montealegre\" width=\"100%\" height=\"100%\" decoding=\"async\" loading=\"lazy\" class=\"css-o0wq4v ev8dhu53\"\/><\/p>\n<p>Amante del mundo del motor en todas sus versiones, desde salir tranquilamente de ruta hasta escuchar a Lobato dej\u00e1ndose las cuerdas vocales en una vuelta importante de F1. Que mi abuelo fuera mec\u00e1nico seguramente influyera en que me llamara la atenci\u00f3n todo este mundo. \u00a0<\/p>\n","protected":false},"excerpt":{"rendered":"Alex Palou y McLaren han reanudado en Londres su disputa legal por el fallido fichaje del espa\u00f1ol por&hellip;\n","protected":false},"author":2,"featured_media":149831,"comment_status":"","ping_status":"","sticky":false,"template":"","format":"standard","meta":{"footnotes":""},"categories":[270],"tags":[168,253,25,24,306,271,272,23,167],"class_list":{"0":"post-149830","1":"post","2":"type-post","3":"status-publish","4":"format-standard","5":"has-post-thumbnail","7":"category-formula-1","8":"tag-deportes","9":"tag-discover","10":"tag-es","11":"tag-espana","12":"tag-f1","13":"tag-formula-1","14":"tag-formula1","15":"tag-spain","16":"tag-sports"},"share_on_mastodon":{"url":"","error":""},"_links":{"self":[{"href":"https:\/\/www.europesays.com\/es\/wp-json\/wp\/v2\/posts\/149830","targetHints":{"allow":["GET"]}}],"collection":[{"href":"https:\/\/www.europesays.com\/es\/wp-json\/wp\/v2\/posts"}],"about":[{"href":"https:\/\/www.europesays.com\/es\/wp-json\/wp\/v2\/types\/post"}],"author":[{"embeddable":true,"href":"https:\/\/www.europesays.com\/es\/wp-json\/wp\/v2\/users\/2"}],"replies":[{"embeddable":true,"href":"https:\/\/www.europesays.com\/es\/wp-json\/wp\/v2\/comments?post=149830"}],"version-history":[{"count":0,"href":"https:\/\/www.europesays.com\/es\/wp-json\/wp\/v2\/posts\/149830\/revisions"}],"wp:featuredmedia":[{"embeddable":true,"href":"https:\/\/www.europesays.com\/es\/wp-json\/wp\/v2\/media\/149831"}],"wp:attachment":[{"href":"https:\/\/www.europesays.com\/es\/wp-json\/wp\/v2\/media?parent=149830"}],"wp:term":[{"taxonomy":"category","embeddable":true,"href":"https:\/\/www.europesays.com\/es\/wp-json\/wp\/v2\/categories?post=149830"},{"taxonomy":"post_tag","embeddable":true,"href":"https:\/\/www.europesays.com\/es\/wp-json\/wp\/v2\/tags?post=149830"}],"curies":[{"name":"wp","href":"https:\/\/api.w.org\/{rel}","templated":true}]}}