{"id":149834,"date":"2025-10-01T02:46:10","date_gmt":"2025-10-01T02:46:10","guid":{"rendered":"https:\/\/www.europesays.com\/es\/149834\/"},"modified":"2025-10-01T02:46:10","modified_gmt":"2025-10-01T02:46:10","slug":"aaron-lidera-una-remontada-vibrante-del-real-oviedo-en-valencia","status":"publish","type":"post","link":"https:\/\/www.europesays.com\/es\/149834\/","title":{"rendered":"Aar\u00f3n lidera una remontada vibrante del Real Oviedo en Valencia"},"content":{"rendered":"<p>La espera mereci\u00f3 la pena y el <a href=\"https:\/\/www.elcomercio.es\/real-oviedo\/\" data-voc-vtm-id=\"in-text-traffic\" title=\"Real Oviedo\" data-mrf-link=\"www.elcomercio.es\" rel=\"nofollow noopener\" target=\"_blank\">Real Oviedo<\/a> tras unos d\u00edas de confusi\u00f3n logr\u00f3 la primera victoria de la temporada a domicilio al  &#8230; remontar ante el <a href=\"https:\/\/www.elcomercio.es\/real-oviedo\/valencia-real-oviedo-borrasca-gabrielle-dudas-20250929131551-nt.html\" data-voc-vtm-id=\"in-text-traffic\" title=\"Valencia\" data-mrf-link=\"www.elcomercio.es\" rel=\"nofollow noopener\" target=\"_blank\">Valencia<\/a>. Un penalti detenido por Aar\u00f3n fue el detonante de la remontada que el equipo hab\u00eda merecido antes.<\/p>\n<p class=\"v-p\">Un error a los tres minutos permiti\u00f3 a los locales adelantarse en el marcador, pero el Real Oviedo reaccion\u00f3 y domin\u00f3, pero el gol se hac\u00eda de rogar. El equipo no perdi\u00f3 la fe y despu\u00e9s de que el portero oviedista detuviera un penalti a Danjuma para el 2-0, llegaron los goles de Ilic y Rond\u00f3n, en poco m\u00e1s de un minuto. El equipo sufri\u00f3 al final, ya que jug\u00f3 casi diez minutos con un jugador menos por la expulsi\u00f3n de Ilic. <\/p>\n<p class=\"v-scr__t\">Valencia<\/p>\n<p class=\"v-scr__p v-scr__p--3\">Agirrezabala; Foulquier, Diakhaby, Tarrega, Gaya; Danjuma (Dani Raba, m.78), Javi Guerra (Pepelu, m.55), Santamaria, Rioja (Ramazani, m.86); Hugo Duro (Beltr\u00e1n, m.55) y Almeida (Diego L\u00f3pez, m.55).<\/p>\n<p class=\"v-scr__n-c v-scr__n-c--1 \">\n 1\n<\/p>\n<p class=\"v-scr__n-c v-scr__n-c--2\">\n&#8211;\n<\/p>\n<p class=\"v-scr__n-c v-scr__n-c--3 \">\n 2\n<\/p>\n<p class=\"v-scr__t\">Real Oviedo <\/p>\n<p class=\"v-scr__p v-scr__p--3\">Aar\u00f3n; Lucas, Dani Calvo, David Carmo, Rahim; Dendoncker, Colombatto, Reina (Chaira, min.76); Hassan (David Costas, mi 88), Fede Vi\u00f1as (Rond\u00f3n, min.76) y Brekalo (Ilic, min.65).<\/p>\n<ul class=\"v-u\">\n<li class=\"v-u__l\">\n<p class=\"v-p\">\nGoles:<br \/>\n1-0: min.4, Danjuma. 1-1: min.85, Ilic. 1-2: min.86, Rond\u00f3n.\n<\/p>\n<\/li>\n<li class=\"v-u__l\">\n<p class=\"v-p\">\n\u00c1rbitro:<br \/>\nRicardo de Burgos, del Comit\u00e9 Vasco. Mostr\u00f3 tarjetas amarillas a T\u00e1rrega, por parte local y a los visitantes Fede Vi\u00f1as, Ilic, Reina, Paunovic y a Ilic en dos ocasiones, la segunda en el 90+2.\n<\/p>\n<\/li>\n<li class=\"v-u__l\">\n<p class=\"v-p\">\nIncidencias:<br \/>\n40.364 espectadores en Mestalla. 21 grados a la hora de inicio del encuentro. Terreno de juego en buenas condiciones. Gay\u00e1 y Dani Calvo fueron los capitanes. Puso el bal\u00f3n en juego el Real Oviedo.\n<\/p>\n<\/li>\n<\/ul>\n<p class=\"v-p\">La alineaci\u00f3n oviedista present\u00f3 cuatro novedades en relaci\u00f3n con el partido ante el Barcelona. La m\u00e1s destacada fue la primera titularidad de Colombatto. Adem\u00e1s, entr\u00f3 en el centro de la defensa Dani Calvo por Bailly, Brekalo por Chaira y Fede Vi\u00f1as por Salom\u00f3n Rond\u00f3n. El equipo se situaba en una especie de 4-3-3, con la idea de tapar la salida de bal\u00f3n de los locales. <\/p>\n<p class=\"v-p\">El planteamiento inicial se vino abajo a los tres minutos. Bast\u00f3 un centro desde la derecha de Luis Rioja para que Danjuma en semivolea, adelant\u00e1ndose a Lucas, batiera a Aar\u00f3n. Otra vez que el equipo daba s\u00edntomas de endeblez defensiva.<\/p>\n<p><a href=\"http:\/\/www.elcomercio.es\/real-oviedo\/paunovic-remontada-real-oviedo-valencia-clave-confianza-20250930233214-nt.html#vtm_modulosEngag=mod-rel:real-oviedo:noticia:1:cmp:2-not\" class=\"v-a-link\" title=\"Paunovic: \u00abLa clave fue la fe y la confianza en lo que est\u00e1bamos haciendo\u00bb\" rel=\"nofollow noopener\" target=\"_blank\"><br \/>\n<img decoding=\"async\" loading=\"lazy\" class=\"v-a-img\" src=\"https:\/\/www.europesays.com\/es\/wp-content\/uploads\/2025\/10\/valencia-real-oviedo-jugadas-fotos (10)-ktDC--366x256@El Comercio.jpg\" alt=\"Paunovic: \u00abLa clave fue la fe y la confianza en lo que est\u00e1bamos haciendo\u00bb\"\/><br \/>\n<\/a><\/p>\n<p><a href=\"http:\/\/www.elcomercio.es\/real-oviedo\/aficion-real-oviedo-valencia-remontada-viaje-20250930233826-nt.html#vtm_modulosEngag=mod-rel:real-oviedo:noticia:2:cmp:2-not\" class=\"v-a-link\" title=\"La fidelidad del Real Oviedo sigue a flote y desaf\u00eda al temporal y todas las adversidades\" rel=\"nofollow noopener\" target=\"_blank\"><br \/>\n<img decoding=\"async\" loading=\"lazy\" class=\"v-a-img\" src=\"https:\/\/www.europesays.com\/es\/wp-content\/uploads\/2025\/10\/aficion-real-oviedo-valencia1-kcVE--366x256@El Comercio.jpg\" alt=\"La fidelidad del Real Oviedo sigue a flote y desaf\u00eda al temporal y todas las adversidades\"\/><br \/>\n<\/a><\/p>\n<p class=\"v-p\">Con el marcador en contra, el equipo de Paunovic hizo todo lo posible por rehacerse, pero ten\u00eda muchos problemas con el bal\u00f3n para tratar de tomar cierto control, mientras que el Valencia quer\u00eda hacer sangre y resolver por la v\u00eda r\u00e1pida. Aar\u00f3n volvi\u00f3 a ser decisivo y salv\u00f3 a los suyos en un nuevo remate de Dajuma, que era una aut\u00e9ntica pesadilla para la zaga carbayona.<\/p>\n<p class=\"v-p\">Mediada la primera parte, los ovetenses dieron se\u00f1ales de vida, se sacudieron el dominio y empezaron a dar alg\u00fan susto a los valencianos. Un remate de cabeza de Fede Vi\u00f1as que sali\u00f3 desviado y un disparo de Lucas que sali\u00f3 rozando el poste. Eran los primeros avisos.<\/p>\n<p class=\"v-p\">Al centro del campo le corr\u00eda el bal\u00f3n cuando se encontraban Reina, Colombatto y Dendoncker, Hassan empezaba a mostrarse por la derecha y Fede Vi\u00f1as era un incordio para la defensa, recibiendo y girando con peligro para encarar la porter\u00eda local.<\/p>\n<p><img decoding=\"async\" loading=\"lazy\" src=\"https:\/\/www.europesays.com\/es\/wp-content\/uploads\/2025\/10\/valencia-real-oviedo-jugadas2 (17).jpg\" class=\"v-a-img\" width=\"650\" height=\"455\" alt=\"Aficionados del Real Oviedo en Mestalla.\" data-voc-vtm-id=\"in-text-traffic\"\/><\/p>\n<p>Aficionados del Real Oviedo en Mestalla.<\/p>\n<p>LOF<\/p>\n<p><img loading=\"lazy\" decoding=\"async\" src=\"https:\/\/www.europesays.com\/es\/wp-content\/uploads\/2025\/10\/valencia-real-oviedo-jugadas2 (17).jpg\" class=\"v-mdl__img-z\" width=\"1920\" height=\"1344\" alt=\"\"\/><\/p>\n<p class=\"v-p\">El paso de los minutos aument\u00f3 la confianza y autoestima de los ovetenses que en el tramo final del primer acto dominaban con bastantes claridad a un Valencia en apuros. Llegaron varias ocasiones para empatar, pero falt\u00f3 punter\u00eda. Una de las m\u00e1s claras en una internada de Hassan con pase atr\u00e1s para que Dendoncker dejara de cara a Colombatto que dispar\u00f3 de forma colocada al palo largo y el meta local salv\u00f3 el gol con una gran estirada.<\/p>\n<p class=\"v-p\">La imagen de los azules era la de la segunda mitad ante el Elche o la del primer tiempo frente al Barcelona. Sin embargo, estaba lastrada por un nuevo error defensivo que lo arruinaba todo. Tocaba remontar tras el descanso. La segunda parte empez\u00f3 tal y como hab\u00eda acabado la primera, con los azules, de amarillo, volcados sobre la porter\u00eda local y con ocasiones, como una de Brekalo. Las llegadas se suced\u00edan, pero el gol no llegaba.<\/p>\n<p class=\"v-p\">Carlos Corber\u00e1n hizo tres cambios antes de la hora de partido a la vista de los problemas de su equipo. La punter\u00eda segu\u00eda siendo el \u00fanico problema para los de Paunovic, que tuvieron una ocasi\u00f3n clara. Paunovic dio entrada a Ilic por Brekalo. El Valencia mejor\u00f3 algo con los cambios y Danjuma segu\u00eda siendo una amenaza para los ovetenses. <\/p>\n<p class=\"v-p\">El partido pudo acabarse en una acci\u00f3n absurda de Reina que dio un codazo en el \u00e1rea a Diakhaby. La sala VOR avis\u00f3 al \u00e1rbitro de la jugada y \u00e9ste se\u00f1al\u00f3 penalti. Sin embargo, Aar\u00f3n volvi\u00f3 a ser providencial y detuvo la pena m\u00e1xima que lanz\u00f3 Danjuma. Tras esa jugada lleg\u00f3 la locura azul. Primero Ilic remat\u00f3 en un saque de esquina que toc\u00f3 Rond\u00f3n y luego el venezolano control\u00f3 un pase de Lucas para disparar y tras pegar en un defensa el bal\u00f3n entr\u00f3 en la porter\u00eda. Se hac\u00eda justicia a los m\u00e9ritos de los azules con dos goles en apenas un minuto<\/p>\n<p class=\"v-p\">El equipo tuvo que sufrir hasta el final, en especial en los nueve minutos que a\u00f1adi\u00f3 el \u00e1rbitro y que los azules afrontaron con un jugador menos por la segunda tarjeta amarilla a Ilic, que dej\u00f3 al equipo con diez.<\/p>\n","protected":false},"excerpt":{"rendered":"La espera mereci\u00f3 la pena y el Real Oviedo tras unos d\u00edas de confusi\u00f3n logr\u00f3 la primera victoria&hellip;\n","protected":false},"author":2,"featured_media":149835,"comment_status":"","ping_status":"","sticky":false,"template":"","format":"standard","meta":{"footnotes":""},"categories":[268],"tags":[168,25,24,280,282,5815,1796,1045,798,5814,281,23,167,235],"class_list":{"0":"post-149834","1":"post","2":"type-post","3":"status-publish","4":"format-standard","5":"has-post-thumbnail","7":"category-futbol","8":"tag-deportes","9":"tag-es","10":"tag-espana","11":"tag-football","12":"tag-futbol","13":"tag-goles","14":"tag-oviedo","15":"tag-partido","16":"tag-real","17":"tag-resultado","18":"tag-soccer","19":"tag-spain","20":"tag-sports","21":"tag-valencia"},"share_on_mastodon":{"url":"","error":""},"_links":{"self":[{"href":"https:\/\/www.europesays.com\/es\/wp-json\/wp\/v2\/posts\/149834","targetHints":{"allow":["GET"]}}],"collection":[{"href":"https:\/\/www.europesays.com\/es\/wp-json\/wp\/v2\/posts"}],"about":[{"href":"https:\/\/www.europesays.com\/es\/wp-json\/wp\/v2\/types\/post"}],"author":[{"embeddable":true,"href":"https:\/\/www.europesays.com\/es\/wp-json\/wp\/v2\/users\/2"}],"replies":[{"embeddable":true,"href":"https:\/\/www.europesays.com\/es\/wp-json\/wp\/v2\/comments?post=149834"}],"version-history":[{"count":0,"href":"https:\/\/www.europesays.com\/es\/wp-json\/wp\/v2\/posts\/149834\/revisions"}],"wp:featuredmedia":[{"embeddable":true,"href":"https:\/\/www.europesays.com\/es\/wp-json\/wp\/v2\/media\/149835"}],"wp:attachment":[{"href":"https:\/\/www.europesays.com\/es\/wp-json\/wp\/v2\/media?parent=149834"}],"wp:term":[{"taxonomy":"category","embeddable":true,"href":"https:\/\/www.europesays.com\/es\/wp-json\/wp\/v2\/categories?post=149834"},{"taxonomy":"post_tag","embeddable":true,"href":"https:\/\/www.europesays.com\/es\/wp-json\/wp\/v2\/tags?post=149834"}],"curies":[{"name":"wp","href":"https:\/\/api.w.org\/{rel}","templated":true}]}}