{"id":149836,"date":"2025-10-01T02:47:08","date_gmt":"2025-10-01T02:47:08","guid":{"rendered":"https:\/\/www.europesays.com\/es\/149836\/"},"modified":"2025-10-01T02:47:08","modified_gmt":"2025-10-01T02:47:08","slug":"juanita-tinelli-y-bautista-cuina-super-romanticos-en-el-after-de-los-martin-fierro-bailes-mimos-y-abrazos","status":"publish","type":"post","link":"https:\/\/www.europesays.com\/es\/149836\/","title":{"rendered":"Juanita Tinelli y Bautista Cui\u00f1a, s\u00faper rom\u00e1nticos en el after de los Mart\u00edn Fierro: bailes, mimos y abrazos"},"content":{"rendered":"<p>Juanita Tinelli y su novio compartieron un rom\u00e1ntico momento luego de la gala de los premios Mart\u00edn Fierro 2025 (Fede Flowers\/X)<\/p>\n<p class=\"paragraph\">Hace d\u00edas semanas que el mundo del espect\u00e1culo sigue de cerca a <a rel=\"noopener noreferrer nofollow\" href=\"https:\/\/www.infobae.com\/tag\/juanita-tinelli\/\" target=\"_blank\" title=\"https:\/\/www.infobae.com\/tag\/juanita-tinelli\/\"><b>Juanita Tinelli<\/b><\/a>, quien volvi\u00f3 a apostar al amor. Y la noticia no naci\u00f3 de una declaraci\u00f3n formal, sino de una serie de <a rel=\"noopener noreferrer nofollow\" href=\"https:\/\/www.infobae.com\/teleshow\/2025\/09\/07\/el-nuevo-amor-de-juanita-tinelli-su-video-juntos-bailando-y-como-habrian-iniciado-su-romance\/\" target=\"_blank\" title=\"https:\/\/www.infobae.com\/teleshow\/2025\/09\/07\/el-nuevo-amor-de-juanita-tinelli-su-video-juntos-bailando-y-como-habrian-iniciado-su-romance\/\">videos que aparecieron en TikTok<\/a>. En ellos, la hija menor de <a rel=\"noopener noreferrer nofollow\" href=\"https:\/\/www.infobae.com\/tag\/marcelo-tinelli\/\" target=\"_blank\" title=\"https:\/\/www.infobae.com\/tag\/marcelo-tinelli\/\"><b>Marcelo Tinelli<\/b><\/a> se mostraba junto a<a rel=\"noopener noreferrer nofollow\" href=\"https:\/\/www.infobae.com\/tag\/bautista-cuina\/\" target=\"_blank\" title=\"https:\/\/www.infobae.com\/tag\/bautista-cuina\/\"> <b>Bautista Cui\u00f1a<\/b><\/a>, quien r\u00e1pidamente dej\u00f3 de ser solo un rumor para convertirse, con el correr de las horas, en su pareja oficial. Lo que comenz\u00f3 como un romance discreto y casi secreto durante una estad\u00eda en Miami, termin\u00f3 volvi\u00e9ndose tendencia. Y ahora, <b>por primera vez, la pareja se mostr\u00f3 rom\u00e1ntica y acaramelada en p\u00fablico, disfrutando de su primer evento juntos tras el blanqueo: el after del <\/b><a rel=\"noopener noreferrer nofollow\" href=\"https:\/\/www.infobae.com\/tag\/martin-fierro-2025\/\" target=\"_blank\" title=\"https:\/\/www.infobae.com\/tag\/martin-fierro-2025\/\"><b>Mart\u00edn Fierro 2025<\/b><\/a>.<\/p>\n<p class=\"paragraph\"><b>El gran debut de la pareja se dio en el VIP del esperado after<\/b> de los galardones, donde todas las miradas se posaron en Juanita y Bautista. Sin importar el entorno ni las c\u00e1maras, los chicos se entregaron a las demostraciones de afecto<b>,<\/b> <b>bailaron de la mano, se abrazaron y compartieron besos frente a todos los presentes, sellando sin rodeos su noviazgo<\/b>. El instante m\u00e1s tierno lo vivieron cuando, al ritmo de \u201cTitanium\u201d de <a rel=\"noopener noreferrer nofollow\" href=\"https:\/\/www.infobae.com\/tag\/david-guetta\/\" target=\"_blank\" title=\"https:\/\/www.infobae.com\/tag\/david-guetta\/\"><b>David Guetta<\/b><\/a> y <a rel=\"noopener noreferrer nofollow\" href=\"https:\/\/www.infobae.com\/tag\/sia\/\" target=\"_blank\" title=\"https:\/\/www.infobae.com\/tag\/sia\/\"><b>Sia<\/b><\/a>, compartieron un baile que <b>fue capturado por el periodista Fede Flowers<\/b>, quien difundi\u00f3 el video en sus redes y provoc\u00f3 un estallido de reacciones entre los fan\u00e1ticos de la joven Tinelli y su flamante novio.<\/p>\n<p class=\"paragraph\">Este after de gala y los gestos cari\u00f1osos funcionaron como la reafirmaci\u00f3n definitiva del romance, que d\u00edas atr\u00e1s ya hab\u00eda circulado en portales y redes sociales tras la viralizaci\u00f3n de varios videos en TikTok. Lejos de las especulaciones iniciales, la dupla dej\u00f3 de esconderse, y hoy son una de las parejas j\u00f3venes m\u00e1s comentadas en el universo de influencers y celebridades locales.<\/p>\n<p><img alt=\"Semanas atr\u00e1s, la pareja regres\u00f3\" class=\"global-image\" decoding=\"async\" fetchpriority=\"low\" height=\"2880\" loading=\"lazy\" src=\"https:\/\/www.europesays.com\/es\/wp-content\/uploads\/2025\/10\/MQ4M4DARMRALPF5WH4TSSEG34Y.jpg\" width=\"1920\"\/>Semanas atr\u00e1s, la pareja regres\u00f3 de unas vacaciones en Miami, Estados Unidos (RS Fotos)<\/p>\n<p class=\"paragraph\">Cabe recordar que tan solo unas semanas atr\u00e1s, la definici\u00f3n de la relaci\u00f3n tom\u00f3 fuerza cuando la pareja fue vista <b>en su regreso de unas vacaciones en Estados Unidos<\/b>. En aquella oportunidad, los j\u00f3venes y sus sonrisas desembarcaron en el aeropuerto internacional de Ezeiza con las valijas cargadas de recuerdos y en compa\u00f1\u00eda de los padres de \u00e9l, que compartieron la \u00faltima parte del viaje con ellos. Vestidos de manera informal y relajada, tanto Juanita como Bautista buscaron mantener el bajo perfil, aunque la prensa y algunos curiosos captaron el momento y encendieron las primeras sospechas del v\u00ednculo.<\/p>\n<p class=\"paragraph\">Si bien la historia de amor \u201coficial\u201d entre ambos se consolid\u00f3 hace pocas semanas, los m\u00e1s cercanos a la familia Tinelli aseguran que el noviazgo lleva ya un par de meses. El v\u00ednculo habr\u00eda surgido gracias a un grupo de amigos en com\u00fan y tom\u00f3 impulso tras varias salidas nocturnas a una conocida discoteca de la Costanera porte\u00f1a, donde <b>seg\u00fan pudo saber Teleshow, el flechazo fue inmediato y la qu\u00edmica muy visible<\/b>. Desde entonces, sumaron escapadas, reencuentros y un sinf\u00edn de posteos compartidos o cruzados, algunos m\u00e1s encriptados, otros directamente rom\u00e1nticos.<\/p>\n<p><img alt=\"La primera foto de Juanita\" class=\"global-image\" decoding=\"async\" fetchpriority=\"low\" height=\"1600\" loading=\"lazy\" src=\"https:\/\/www.europesays.com\/es\/wp-content\/uploads\/2025\/10\/PALLJRMOKZAXNPW466FQPDUYSM.jpeg\" width=\"908\"\/>La primera foto de Juanita y Bautista como pareja (Instagram)<\/p>\n<p class=\"paragraph\">El punto de no retorno medi\u00e1tico se dio cuando la propia <a rel=\"noopener noreferrer nofollow\" href=\"https:\/\/www.infobae.com\/teleshow\/2025\/09\/09\/juanita-tinelli-subio-la-primera-foto-junto-a-su-nuevo-novio\/\" target=\"_blank\" title=\"https:\/\/www.infobae.com\/teleshow\/2025\/09\/09\/juanita-tinelli-subio-la-primera-foto-junto-a-su-nuevo-novio\/\"><b>Juanita comparti\u00f3 en Instagram su primera foto juntos<\/b><\/a>: la pareja en un ascensor, sonrientes y enamorados, Juanita con un conjunto de blazer, top y minifalda y Bautista haciendo el gesto de paz. La imagen recorri\u00f3 cuentas, portales y programas en cuesti\u00f3n de horas y marc\u00f3 oficialmente el \u201cblanqueo\u201d de la relaci\u00f3n. Luego, <b>fue Bautista quien continu\u00f3 la seguidilla<\/b>, publicando una instant\u00e1nea de ambos abrazados en un entorno moderno, con emojis de coraz\u00f3n y dedicatorias sinceras.<\/p>\n<p class=\"paragraph\">Ahora, <b>la relaci\u00f3n no solo est\u00e1 confirmada, sino que suma cap\u00edtulos p\u00fablicos y compartidos<\/b>. Del misterio en Miami a los abrazos y mimos en el after de los Mart\u00edn Fierro, Juanita y Bautista son la nueva pareja predilecta de la far\u00e1ndula joven, ense\u00f1ando que el romance se celebra en la m\u00fasica, en las redes o sobre la pista de baile, pero siempre, de la mano y sin miedo a las miradas. El amor crece y, ahora, lo ven todos.<\/p>\n","protected":false},"excerpt":{"rendered":"Juanita Tinelli y su novio compartieron un rom\u00e1ntico momento luego de la gala de los premios Mart\u00edn Fierro&hellip;\n","protected":false},"author":2,"featured_media":149837,"comment_status":"","ping_status":"","sticky":false,"template":"","format":"standard","meta":{"footnotes":""},"categories":[174],"tags":[255,146,147,25,24,256,23],"class_list":{"0":"post-149836","1":"post","2":"type-post","3":"status-publish","4":"format-standard","5":"has-post-thumbnail","7":"category-famosos","8":"tag-celebrities","9":"tag-entertainment","10":"tag-entretenimiento","11":"tag-es","12":"tag-espana","13":"tag-famosos","14":"tag-spain"},"share_on_mastodon":{"url":"","error":""},"_links":{"self":[{"href":"https:\/\/www.europesays.com\/es\/wp-json\/wp\/v2\/posts\/149836","targetHints":{"allow":["GET"]}}],"collection":[{"href":"https:\/\/www.europesays.com\/es\/wp-json\/wp\/v2\/posts"}],"about":[{"href":"https:\/\/www.europesays.com\/es\/wp-json\/wp\/v2\/types\/post"}],"author":[{"embeddable":true,"href":"https:\/\/www.europesays.com\/es\/wp-json\/wp\/v2\/users\/2"}],"replies":[{"embeddable":true,"href":"https:\/\/www.europesays.com\/es\/wp-json\/wp\/v2\/comments?post=149836"}],"version-history":[{"count":0,"href":"https:\/\/www.europesays.com\/es\/wp-json\/wp\/v2\/posts\/149836\/revisions"}],"wp:featuredmedia":[{"embeddable":true,"href":"https:\/\/www.europesays.com\/es\/wp-json\/wp\/v2\/media\/149837"}],"wp:attachment":[{"href":"https:\/\/www.europesays.com\/es\/wp-json\/wp\/v2\/media?parent=149836"}],"wp:term":[{"taxonomy":"category","embeddable":true,"href":"https:\/\/www.europesays.com\/es\/wp-json\/wp\/v2\/categories?post=149836"},{"taxonomy":"post_tag","embeddable":true,"href":"https:\/\/www.europesays.com\/es\/wp-json\/wp\/v2\/tags?post=149836"}],"curies":[{"name":"wp","href":"https:\/\/api.w.org\/{rel}","templated":true}]}}