{"id":149838,"date":"2025-10-01T02:48:15","date_gmt":"2025-10-01T02:48:15","guid":{"rendered":"https:\/\/www.europesays.com\/es\/149838\/"},"modified":"2025-10-01T02:48:15","modified_gmt":"2025-10-01T02:48:15","slug":"prudencia-y-escasa-exposicion-publica-de-arzalluz-en-seis-meses-al-frente-del-guggenheim","status":"publish","type":"post","link":"https:\/\/www.europesays.com\/es\/149838\/","title":{"rendered":"Prudencia y escasa exposici\u00f3n p\u00fablica de Arzalluz en seis meses al frente del Guggenheim"},"content":{"rendered":"<p><a class=\"v-mdl-ath__fig-a\" href=\"https:\/\/www.elcorreo.com\/autor\/isabel-ibanez-171.html\" title=\"Isabel Ib\u00e1\u00f1ez\" rel=\"nofollow noopener\" target=\"_blank\"><br \/>\n<img decoding=\"async\" class=\"v-mdl-ath__img\" src=\"https:\/\/www.europesays.com\/es\/wp-content\/uploads\/2025\/09\/autor-171-foto-1.png\" alt=\"Isabel Ib\u00e1\u00f1ez\"\/><br \/>\n<\/a><\/p>\n<p class=\"v-mdl-ath__p v-mdl-ath__p--6\">\nMi\u00e9rcoles, 1 de octubre 2025, 00:49<\/p>\n<p class=\"v-p\">La noticia de que Miren Arzalluz (Bilbao, 1978), directora del Museo de la Moda de Par\u00eds, iba a ser la sustituta de Juan Ignacio Vidarte al frente del Guggenheim Bilbao salt\u00f3 a los medios de comunicaci\u00f3n el 12 de noviembre de 2024. Con ese anuncio se avanzaba ya que no tomar\u00eda posesi\u00f3n de facto del cargo hasta el 1 de abril. Entre ambas fechas, la nueva responsable del museo se dedic\u00f3 a conocer el puesto y los equipos con los que trabajar\u00eda codo con codo, entre ellos el propio Vidarte, su acompa\u00f1ante e instructor en este proceso que la llev\u00f3 a viajar a Nueva York las cuatro semanas del pasado marzo para empaparse de los entresijos de la constelaci\u00f3n Guggenheim. Hoy, Arzalluz cumple medio a\u00f1o efectivo al frente del museo de titanio. <\/p>\n<p><a href=\"http:\/\/www.elcorreo.com\/culturas\/enrique-portocarrero-cambio-20251001000155-nt.html#vtm_modulosEngag=mod-rel:culturas:noticia:1:cmp:1-not\" class=\"v-a-link\" aria-label=\"Imagen\" rel=\"nofollow noopener\" target=\"_blank\"><\/p>\n<p><img decoding=\"async\" loading=\"lazy\" src=\"https:\/\/www.europesays.com\/es\/wp-content\/uploads\/2025\/10\/autor-970-foto-1.png\" class=\"\" width=\"72\" height=\"72\" alt=\"EnriquePortocarrero\" data-voc-vtm-id=\"in-text-traffic\"\/><\/p>\n<p><\/a><\/p>\n<p class=\"v-p\">Vidarte, actualmente dentro del entramado como \u00abdirector em\u00e9rito con funciones consultivas y no ejecutivas, participando, adem\u00e1s, en las reuniones del Patronato y en la Fundaci\u00f3n Guggenheim\u00bb, la cobij\u00f3 bajo su ala en los primeros instantes, cuando periodistas y p\u00fablico quer\u00edan arrancarle aunque fuera unas pocas palabras, inter\u00e9s acrecentado por el hecho de ser la hija del hist\u00f3rico dirigente del PNV Xabier Arzalluz. <\/p>\n<p class=\"v-p\">Ella se impuso en el proceso de selecci\u00f3n convocado por la instituci\u00f3n a otros 78 profesionales (32% internacionales, 23% vascos y 45% del resto de Espa\u00f1a). Entre los aspirantes y, sobre todo, en la terna finalista, se encontraba Daniel Vega, director t\u00e9cnico de exposiciones y conservaci\u00f3n del Guggenheim desde hace 7 a\u00f1os \u2013aunque ligado al museo ya en los 90\u2013. El segundo de Vidarte podr\u00eda decirse. Y casi en coincidencia con estos seis primeros meses de la era Arzalluz, hace solo unos d\u00edas se ha sabido que Vega ser\u00e1 el nuevo director del proyecto Faro Santander, espacio cultural, tecnol\u00f3gico y de ocio de la entidad bancaria del mismo nombre que abrir\u00e1 sus puertas el a\u00f1o que viene en la capital c\u00e1ntabra. El museo no hizo declaraciones sobre esta marcha y a d\u00eda de hoy poco m\u00e1s se sabe, ni siquiera sobre el proceso de selecci\u00f3n de la persona llamada a relevarle. Junto a \u00e9l, se jubil\u00f3 la directora de Secretar\u00eda General, Arantza Odiaga, con lo que la instituci\u00f3n est\u00e1 funcionando sin dos pilares fundamentales, que tendr\u00e1 que sustituir pr\u00f3ximamente. <\/p>\n<p class=\"v-p\">Avalada por su trayectoria y su conocimiento de las instituciones vascas y del euskera, seg\u00fan rezaban las bases del concurso, entre 2006 y 2013 Arzalluz fue responsable de colecci\u00f3n y exposiciones de la Fundaci\u00f3n Crist\u00f3bal Balenciaga, y en ese periodo public\u00f3 un libro sobre el dise\u00f1ador. De 2013 a 2017 comisari\u00f3 exhibiciones de moda en distintos museos, entre ellos el Palais Galliera de Par\u00eds (el Museo de la Moda), que le nombr\u00f3 directora en 2018, siendo la \u00fanica persona no francesa en desempe\u00f1ar este cargo. Tambi\u00e9n ocup\u00f3 durante 2016 el cargo de directora del Instituto Etxepare. Licenciada en Historia por la Universidad de Deusto, curs\u00f3 adem\u00e1s un m\u00e1ster en Pol\u00edtica Comparada y otro en Historia del Traje. <\/p>\n<p><img decoding=\"async\" loading=\"lazy\" src=\"https:\/\/www.europesays.com\/es\/wp-content\/uploads\/2025\/10\/CF1VJYM1.jpg\" class=\"v-a-img\" width=\"650\" height=\"455\" alt=\"La directora del Guggenheim, con el artista Sergio Prego en su primera presentaci\u00f3n de una muestra.\" data-voc-vtm-id=\"in-text-traffic\"\/><\/p>\n<p>La directora del Guggenheim, con el artista Sergio Prego en su primera presentaci\u00f3n de una muestra.<\/p>\n<p>Ignacio P\u00e9rez<\/p>\n<p><img loading=\"lazy\" decoding=\"async\" src=\"https:\/\/www.europesays.com\/es\/wp-content\/uploads\/2025\/10\/CF1VJYM1.jpg\" class=\"v-mdl__img-z\" width=\"1920\" height=\"1344\" alt=\"\"\/><\/p>\n<p class=\"v-p\">En el momento de su desembarco en el museo, Arzalluz ten\u00eda varios retos frente a s\u00ed que permanecen ah\u00ed: afrontar el pol\u00e9mico proyecto del Guggenheim de Urdaibai, seguir elevando el techo de visitantes, gestionar las nuevas exposiciones, agrandar la colecci\u00f3n con nuevas compras&#8230; Disfruta de un buen colch\u00f3n; la programaci\u00f3n de exhibiciones ya est\u00e1 decidida para todo el a\u00f1o que viene, con lo que ahora estar\u00e1 trabajando las propuestas de 2027. <\/p>\n<p class=\"v-p\">La primera vez que compareci\u00f3 en p\u00fablico tras su nombramiento fue el 12 del pasado febrero en la tercera edici\u00f3n de los Encuentros Transfronterizos, organizados en Baiona: \u00abEstoy muy ilusionada porque se acerca un momento especial para m\u00ed\u00bb, admiti\u00f3 a los periodistas, y a\u00f1adi\u00f3: \u00abA\u00fan no puedo hablar del Guggenheim\u00bb. A d\u00eda de hoy sigue sin hacerlo; no ha concedido entrevistas para explicar o plantear su proyecto para el museo, escudada en la necesidad de conocer primero a fondo toda la realidad de la instituci\u00f3n que ahora lidera. Por ello, cada una de las frases que pronuncia es recibida con expectaci\u00f3n e inter\u00e9s. <\/p>\n<p><img decoding=\"async\" loading=\"lazy\" src=\"https:\/\/www.europesays.com\/es\/wp-content\/uploads\/2025\/10\/CF1V6WM1.jpg\" class=\"v-a-img\" width=\"650\" height=\"455\" alt=\"Arzalluz junto a Borja Thyssen y su mujer, Blanca Cuesta, en el stand de Carreras Mugica en Arco.\" data-voc-vtm-id=\"in-text-traffic\"\/><\/p>\n<p>Arzalluz junto a Borja Thyssen y su mujer, Blanca Cuesta, en el stand de Carreras Mugica en Arco.<\/p>\n<p>Virginia Carrasco<\/p>\n<p><img loading=\"lazy\" decoding=\"async\" src=\"https:\/\/www.europesays.com\/es\/wp-content\/uploads\/2025\/10\/CF1V6WM1.jpg\" class=\"v-mdl__img-z\" width=\"1920\" height=\"1344\" alt=\"\"\/><\/p>\n<p class=\"v-p\">Uno de los momentos m\u00e1s esperados tuvo lugar el 3 de marzo en el Guggenheim, en un posado junto a Vidarte para escenificar el traspaso de papeles y dar inicio a las cuatro semanas de entrenamiento. \u00abEs un placer y un honor lo que siento, estoy deseando empezar esta nueva etapa\u00bb, afirm\u00f3 durante las fotos protegida de las preguntas por Vidarte. \u00abTengo ante m\u00ed un mes de inmersi\u00f3n; agradezco much\u00edsimo a Juan Ignacio que lo haya organizado as\u00ed. Un mes para familiarizarme con los equipos, con la forma de trabajar, con los proyectos en curso. Habr\u00e1 muchas ocasiones para que hablemos juntos en un futuro pr\u00f3ximo, porque el tiempo pasa muy r\u00e1pido, un mes pasa muy r\u00e1pido. Ya tendremos ocasi\u00f3n\u00bb, se despidi\u00f3. El posado se repiti\u00f3 el d\u00eda 5 en Madrid en la inauguraci\u00f3n de la Feria Arco, donde pr\u00e1cticamente repiti\u00f3 discurso. <\/p>\n<p>Sobre la pol\u00edtica de Trump<\/p>\n<p class=\"v-p\">S\u00ed ha participado en las ruedas de prensa de presentaci\u00f3n de exposiciones tras la marcha de Vidarte, quien ofreci\u00f3 su \u00faltima comparecencia el 6 de marzo con la obra tecnol\u00f3gica del artista Refik Anadol y pas\u00f3 a ocupar un discreto puesto en la sombra en su nuevo cometido. Arzalluz le escuch\u00f3 despedirse en primera fila de butacas del auditorio, y un mes despu\u00e9s, el 3 de abril, se sent\u00f3 en su silla por primera vez. Fue en la presentaci\u00f3n de &#8216;You&#8217;, sobre la experiencia de Vito Aconcci y Sergio Prego en Nueva York. Los periodistas le preguntaron entonces por si las decisiones de Trump podr\u00edan tener repercusiones en la constelaci\u00f3n Guggenheim, o en el museo de Bilbao, con su 6% de visitantes estadounidenses: \u00abQuiero creer que la cultura es uno de esos \u00e1mbitos en los que encontramos cierta libertad. Obviamente va a tener un enorme impacto en las instituciones culturales norteamericanas, no solo en financiaci\u00f3n de proyectos culturales all\u00ed sino tambi\u00e9n en una cierta censura sobre cuestiones como diversidad e inclusi\u00f3n. Pero, sobre nuestra actividad, quiero creer que aquellos visitantes apasionados por la cultura seguir\u00e1n comport\u00e1ndose como hasta ahora, independientemente de lo que est\u00e1 pasando, que es terrible. Es una de las grandes oportunidades que nos brinda la cultura, tratar de resistir\u00bb.<\/p>\n<p class=\"v-p\">Su segunda comparencia en el Guggenheim la llev\u00f3 a presentar el 10 de abril la muestra de Helen Frankenthaler. El 10 de junio particip\u00f3 en su primera reuni\u00f3n del Patronato de la Fundaci\u00f3n del museo, donde se aprobaron las cuentas y la programaci\u00f3n de 2026, que ya estaba cerrada en la pr\u00e1ctica. Habr\u00e1 que esperar al patronato del a\u00f1o que viene para conocer las propuestas de la nueva directora ya para 2027. Y el 2 de julio pronunci\u00f3 la conferencia inaugural de los Cursos de Verano de la Universidad del Pa\u00eds Vasco en San Sebasti\u00e1n, con el discurso titulado &#8216;Arte sin fronteras&#8217;, dedicado en buena parte a Balenciaga. <\/p>\n<p><img decoding=\"async\" loading=\"lazy\" src=\"https:\/\/www.europesays.com\/es\/wp-content\/uploads\/2025\/10\/CF1XLGS1-ktH--650x455@El Correo.jpg\" class=\"v-a-img\" width=\"650\" height=\"455\" alt=\"En el rodaje de 'The Walking Dead' en el exterior del museo con el actor Norman Reedus, el alcalde de Bilbao, Juan Mari Aburto, y la concejala Kontxi Claver.\" data-voc-vtm-id=\"in-text-traffic\"\/><\/p>\n<p>En el rodaje de &#8216;The Walking Dead&#8217; en el exterior del museo con el actor Norman Reedus, el alcalde de Bilbao, Juan Mari Aburto, y la concejala Kontxi Claver.<\/p>\n<p>Mireya L\u00f3pez<\/p>\n<p><img loading=\"lazy\" decoding=\"async\" src=\"https:\/\/www.europesays.com\/es\/wp-content\/uploads\/2025\/10\/CF1XLGS1.jpg\" class=\"v-mdl__img-z\" width=\"1920\" height=\"1344\" alt=\"\"\/><\/p>\n<p class=\"v-p\">Sus dos \u00faltimas apariciones \u2013al margen de su comparecencia como directora para presentar la muestra de Sky Hopinka el pasado 18\u2013, han estado muy ligadas a EE UU, en una labor de promoci\u00f3n internacional del museo y la ciudad. La \u00faltima fue en una foto compartida en sus redes por el alcalde de Bilbao junto a Norman Reedus, protagonista de la secuela de &#8216;The Walking Dead&#8217; dedicado a su personaje, Daryl Dixon. El equipo de la serie de zombis que ha conquistado a millones de espectadores en medio mundo rod\u00f3 durante un d\u00eda en el entorno del Guggenheim, decorado con maleza, basura y coches abandonados para emular un escenario apocal\u00edptico. <\/p>\n<p>En directo para EE UU<\/p>\n<p class=\"v-p\">Aunque sus \u00faltimas palabras en p\u00fablico las pronunci\u00f3 el 4 de septiembre, cuando accedi\u00f3 a ejercer de &#8216;embajadora&#8217; de Euskadi desde el Guggenheim (junto al consejero de Industria y los chefs del restaurante Nerua) en el programa econ\u00f3mico de CNN Internacional presentado por Richard Quest. Preguntada por el presentador acerca de su plan para una instituci\u00f3n \u00abavalada por un \u00e9xito de tantos a\u00f1os\u00bb, la directora del museo, inmersa a\u00fan en el proceso de toma de contacto y pendiente de comparecer ante los medios nacionales para explicar su proyecto, lanz\u00f3 balones fuera y respondi\u00f3 con la prudencia que la caracteriza: \u00abHay un camino muy hermoso ya marcado para el futuro de este museo maravilloso\u00bb. <\/p>\n<p><img decoding=\"async\" loading=\"lazy\" src=\"https:\/\/www.europesays.com\/es\/wp-content\/uploads\/2025\/10\/CF1XCVY1-ktH--650x455@El Correo.jpg\" class=\"v-a-img\" width=\"650\" height=\"455\" alt=\"Arzalluz, entrevistada por Richard Quest, de la CNN.\" data-voc-vtm-id=\"in-text-traffic\"\/><\/p>\n<p>Arzalluz, entrevistada por Richard Quest, de la CNN.<\/p>\n<p>E. C.<\/p>\n<p><img loading=\"lazy\" decoding=\"async\" src=\"https:\/\/www.europesays.com\/es\/wp-content\/uploads\/2025\/10\/CF1XCVY1.jpg\" class=\"v-mdl__img-z\" width=\"1920\" height=\"1344\" alt=\"\"\/><\/p>\n<p class=\"v-p\">A\u00f1adi\u00f3: \u00abSon las mejores cifras de asistencia en nuestros 28 a\u00f1os de historia. As\u00ed que hablamos de una situaci\u00f3n muy consolidada, hay que seguir siendo este museo s\u00f3lidamente fundado, extremadamente bien conectado con su comunidad, con gran ambici\u00f3n y eco internacional\u00bb. Se refer\u00eda a que con ella al frente, y aunque sea por rentas heredadas, el Guggenheim ha obtenido los mejores datos de su historia en cuanto a visitantes acumulados en los primeros ocho meses del a\u00f1o: 921.971, lo que augura un r\u00e9cord para 2025. La pr\u00f3xima aparici\u00f3n en p\u00fablico de Arzalluz ser\u00e1 en el Festival Ja! del humor, dedicado a la ciudad de Nueva York; participar\u00e1 en un mano a mano con el director del Bellas Artes, Miguel Zugaza, sobre la ciudad de los rascacielos entendida como \u00abel museo que nunca duerme\u00bb.<\/p>\n<p>Comenta<\/p>\n<p>Reporta un error<\/p>\n","protected":false},"excerpt":{"rendered":"Mi\u00e9rcoles, 1 de octubre 2025, 00:49 La noticia de que Miren Arzalluz (Bilbao, 1978), directora del Museo de&hellip;\n","protected":false},"author":2,"featured_media":149839,"comment_status":"","ping_status":"","sticky":false,"template":"","format":"standard","meta":{"footnotes":""},"categories":[173],"tags":[1611,229,233,231,230,34612,232,234,146,147,25,24,45628,983,697,23],"class_list":{"0":"post-149838","1":"post","2":"type-post","3":"status-publish","4":"format-standard","5":"has-post-thumbnail","7":"category-arte-y-diseno","8":"tag-ano","9":"tag-arte","10":"tag-arte-y-diseno","11":"tag-arts","12":"tag-arts-and-design","13":"tag-arzalluz","14":"tag-design","15":"tag-diseno","16":"tag-entertainment","17":"tag-entretenimiento","18":"tag-es","19":"tag-espana","20":"tag-frebte","21":"tag-guggenheim","22":"tag-medio","23":"tag-spain"},"share_on_mastodon":{"url":"","error":""},"_links":{"self":[{"href":"https:\/\/www.europesays.com\/es\/wp-json\/wp\/v2\/posts\/149838","targetHints":{"allow":["GET"]}}],"collection":[{"href":"https:\/\/www.europesays.com\/es\/wp-json\/wp\/v2\/posts"}],"about":[{"href":"https:\/\/www.europesays.com\/es\/wp-json\/wp\/v2\/types\/post"}],"author":[{"embeddable":true,"href":"https:\/\/www.europesays.com\/es\/wp-json\/wp\/v2\/users\/2"}],"replies":[{"embeddable":true,"href":"https:\/\/www.europesays.com\/es\/wp-json\/wp\/v2\/comments?post=149838"}],"version-history":[{"count":0,"href":"https:\/\/www.europesays.com\/es\/wp-json\/wp\/v2\/posts\/149838\/revisions"}],"wp:featuredmedia":[{"embeddable":true,"href":"https:\/\/www.europesays.com\/es\/wp-json\/wp\/v2\/media\/149839"}],"wp:attachment":[{"href":"https:\/\/www.europesays.com\/es\/wp-json\/wp\/v2\/media?parent=149838"}],"wp:term":[{"taxonomy":"category","embeddable":true,"href":"https:\/\/www.europesays.com\/es\/wp-json\/wp\/v2\/categories?post=149838"},{"taxonomy":"post_tag","embeddable":true,"href":"https:\/\/www.europesays.com\/es\/wp-json\/wp\/v2\/tags?post=149838"}],"curies":[{"name":"wp","href":"https:\/\/api.w.org\/{rel}","templated":true}]}}