{"id":149856,"date":"2025-10-01T03:00:13","date_gmt":"2025-10-01T03:00:13","guid":{"rendered":"https:\/\/www.europesays.com\/es\/149856\/"},"modified":"2025-10-01T03:00:13","modified_gmt":"2025-10-01T03:00:13","slug":"la-uca-presenta-en-el-blue-zone-forum-la-primera-regata-internacional-de-veleros-autonomos-no-tripulados-portal-uca","status":"publish","type":"post","link":"https:\/\/www.europesays.com\/es\/149856\/","title":{"rendered":"La UCA presenta en el Blue Zone Forum la primera regata internacional de veleros aut\u00f3nomos no tripulados \u2013 Portal UCA"},"content":{"rendered":"<blockquote>\n<p><strong>La Universidad de C\u00e1diz participa en \u2018La Micro Ruta de la Sal\u2019, que reunir\u00e1 a universidades espa\u00f1olas de Ingenier\u00eda Naval en una competici\u00f3n que une sostenibilidad e innovaci\u00f3n<\/strong><\/p>\n<\/blockquote>\n<p>La <strong>Universidad de C\u00e1diz<\/strong> ha ejercido de anfitriona en la presentaci\u00f3n oficial de <strong>La Micro Ruta de la Sal<\/strong>, la primera <strong>regata internacional de larga distancia para veleros aut\u00f3nomos no tripulados<\/strong>, que tuvo lugar el pasado mi\u00e9rcoles 24 de septiembre en el Palacio de Congresos de C\u00e1diz. El acto se celebr\u00f3 en el marco del <strong>Blue Zone Forum<\/strong>, evento vinculado a la sostenibilidad e innovaci\u00f3n en el \u00e1mbito mar\u00edtimo.<\/p>\n<p>Esta iniciativa, liderada por la entidad <strong>Enregata<\/strong>, convoca a equipos universitarios de toda Espa\u00f1a en un desaf\u00edo singular: dise\u00f1ar y construir una embarcaci\u00f3n de hasta tres metros de eslora, <strong>propulsada exclusivamente por el viento<\/strong> y alimentada por <strong>energ\u00edas renovables<\/strong>, capaz de transportar un kilo de sal desde Sant Antoni de Portmany (Ibiza) hasta la pen\u00ednsula de forma completamente aut\u00f3noma. La salida est\u00e1 prevista para el <strong>5 de abril de 2026<\/strong>, con destino a\u00fan por definir entre Barcelona y Denia.<\/p>\n<p>Durante la presentaci\u00f3n, la <strong>Universidad de C\u00e1diz<\/strong> estuvo representada por el profesor <strong>Aurelio Mu\u00f1oz Rubio<\/strong>, del <strong>Departamento de Ciencias y T\u00e9cnicas de la Navegaci\u00f3n y Construcciones Navales<\/strong>, que lidera el equipo t\u00e9cnico de la UCA, denominado <strong>UCAuto Sailing<\/strong>. Asimismo, la profesora <strong>Cristina Sierra<\/strong>, del <strong>Departamento de Organizaci\u00f3n de Empresas<\/strong>, expuso en el acto el enfoque de gesti\u00f3n y comunicaci\u00f3n del proyecto que desarrolla el equipo gaditano.<\/p>\n<p>El evento cont\u00f3 con la participaci\u00f3n de representantes de otras universidades espa\u00f1olas involucradas en la regata, como la <strong>Universidad de Cantabria<\/strong> (equipo Vaucan), la <strong>Universidad Polit\u00e9cnica de Cartagena <\/strong>(NavySails) y <strong>la Universitat Polit\u00e8cnica de Catalunya<\/strong> (Raig-FNB), entre otras. Todos ellos compartieron el estado de desarrollo de sus proyectos, que oscilan entre la fase de dise\u00f1o y la inminente realizaci\u00f3n de pruebas en el mar.<\/p>\n<p>El director de Enregata, <strong>Andr\u00e9s Oliva<\/strong>, subray\u00f3 durante el acto la importancia de esta iniciativa por su capacidad para integrar sostenibilidad, innovaci\u00f3n y captaci\u00f3n de talento joven en el \u00e1mbito naval. Tambi\u00e9n destac\u00f3 el respaldo del <strong>Ministerio de Transportes y Movilidad Sostenible<\/strong>, a trav\u00e9s de la Direcci\u00f3n General de Marina Mercante, y el apoyo institucional del Colegio Oficial de Ingenieros Navales.<\/p>\n<p>La jornada fue clausurada por <strong>\u00c1ngel Mar\u00eda Garc\u00eda Mart\u00ednez<\/strong>, Capit\u00e1n Mar\u00edtimo en funciones en la <strong>Capitan\u00eda Mar\u00edtima de C\u00e1diz<\/strong>, quien elogi\u00f3 la propuesta por su car\u00e1cter formativo, su fomento de la cooperaci\u00f3n entre universidades y su potencial para reforzar los v\u00ednculos entre el \u00e1mbito acad\u00e9mico, la administraci\u00f3n y el sector empresarial.<\/p>\n<p>En La Micro Ruta de la Sal participan las principales universidades espa\u00f1olas que imparten estudios en el \u00e1mbito de la ingenier\u00eda naval, entre las que se encuentra la Universidad de C\u00e1diz, a trav\u00e9s de su <strong>Escuela de Ingenier\u00eda Naval y Oce\u00e1nica<\/strong>. Completan la lista la <strong>Universidad Polit\u00e9cnica de Catalunya<\/strong>, con su Facultad de N\u00e1utica de Barcelona<strong>; la Universidad Polit\u00e9cnica de Cartagena<\/strong>, mediante la Escuela T\u00e9cnica Superior de Ingenier\u00eda Naval y Oce\u00e1nica; la <strong>Universidad Polit\u00e9cnica de Madrid<\/strong>, a trav\u00e9s de la Escuela T\u00e9cnica Superior de Ingenieros Navales; la <strong>Universidad de Las Palmas de Gran Canaria<\/strong>; la <strong>Universidade da Coru\u00f1a<\/strong>, con su Escuela Polit\u00e9cnica de Ingenier\u00eda de Ferrol; y la <strong>Universidad de Cantabria<\/strong>, representada por su Escuela T\u00e9cnica Superior de N\u00e1utica. Adem\u00e1s, la organizaci\u00f3n est\u00e1 tratando de ampliar la participaci\u00f3n a universidades del resto del mundo.<\/p>\n","protected":false},"excerpt":{"rendered":"La Universidad de C\u00e1diz participa en \u2018La Micro Ruta de la Sal\u2019, que reunir\u00e1 a universidades espa\u00f1olas de&hellip;\n","protected":false},"author":2,"featured_media":149857,"comment_status":"","ping_status":"","sticky":false,"template":"","format":"standard","meta":{"footnotes":""},"categories":[5],"tags":[17,18,25,24,13,14,11,19,20,9,10,15,16,23,12,21,22],"class_list":{"0":"post-149856","1":"post","2":"type-post","3":"status-publish","4":"format-standard","5":"has-post-thumbnail","7":"category-titulares","8":"tag-breaking-news","9":"tag-breakingnews","10":"tag-es","11":"tag-espana","12":"tag-featured-news","13":"tag-featurednews","14":"tag-headlines","15":"tag-latest-news","16":"tag-latestnews","17":"tag-news","18":"tag-noticias","19":"tag-noticias-destacadas","20":"tag-noticiasdestacadas","21":"tag-spain","22":"tag-titulares","23":"tag-ultimas-noticias","24":"tag-ultimasnoticias"},"share_on_mastodon":{"url":"","error":""},"_links":{"self":[{"href":"https:\/\/www.europesays.com\/es\/wp-json\/wp\/v2\/posts\/149856","targetHints":{"allow":["GET"]}}],"collection":[{"href":"https:\/\/www.europesays.com\/es\/wp-json\/wp\/v2\/posts"}],"about":[{"href":"https:\/\/www.europesays.com\/es\/wp-json\/wp\/v2\/types\/post"}],"author":[{"embeddable":true,"href":"https:\/\/www.europesays.com\/es\/wp-json\/wp\/v2\/users\/2"}],"replies":[{"embeddable":true,"href":"https:\/\/www.europesays.com\/es\/wp-json\/wp\/v2\/comments?post=149856"}],"version-history":[{"count":0,"href":"https:\/\/www.europesays.com\/es\/wp-json\/wp\/v2\/posts\/149856\/revisions"}],"wp:featuredmedia":[{"embeddable":true,"href":"https:\/\/www.europesays.com\/es\/wp-json\/wp\/v2\/media\/149857"}],"wp:attachment":[{"href":"https:\/\/www.europesays.com\/es\/wp-json\/wp\/v2\/media?parent=149856"}],"wp:term":[{"taxonomy":"category","embeddable":true,"href":"https:\/\/www.europesays.com\/es\/wp-json\/wp\/v2\/categories?post=149856"},{"taxonomy":"post_tag","embeddable":true,"href":"https:\/\/www.europesays.com\/es\/wp-json\/wp\/v2\/tags?post=149856"}],"curies":[{"name":"wp","href":"https:\/\/api.w.org\/{rel}","templated":true}]}}