{"id":149858,"date":"2025-10-01T03:03:09","date_gmt":"2025-10-01T03:03:09","guid":{"rendered":"https:\/\/www.europesays.com\/es\/149858\/"},"modified":"2025-10-01T03:03:09","modified_gmt":"2025-10-01T03:03:09","slug":"ankalaev-busca-cerrar-la-puerta-del-titulo-para-siempre-a-alex-pereira-estaba-asustado","status":"publish","type":"post","link":"https:\/\/www.europesays.com\/es\/149858\/","title":{"rendered":"Ankalaev busca cerrar la puerta del t\u00edtulo para siempre a Alex Pereira: \u00abEstaba asustado\u2026\u00bb"},"content":{"rendered":"<p><img decoding=\"async\" class=\"voc-author__img\" src=\"https:\/\/www.europesays.com\/es\/wp-content\/uploads\/2025\/09\/1759218310_340_autor-1617-foto-9.jpeg\" alt=\"\u00c1lvaro Colmenero\"\/><\/p>\n<p class=\"voc-p\" style=\"\">En los \u00faltimos tiempos, la escuela daguestan\u00ed ha estado pisando muy fuerte dentro de la UFC. Aunque la mayor\u00eda de estos atletas basan su estilo de juego en la lucha cuerpo a cuerpo, el campe\u00f3n del peso semipesado de la promotora estadounidense,<strong> Magomed Ankalaev<\/strong>, ha demostrado que tambi\u00e9n cuentan con un gran formaci\u00f3n en el golpeo. De hecho, en su \u00faltimo combate, el que<a href=\"https:\/\/www.abc.es\/deportes\/mma\/alex-pereira-magomed-ankalaev-claves-combate-estelar-20250308040902-nt.html\" target=\"_self\" data-voc-vtm-id=\"in-text-traffic\" title=\" le vali\u00f3 para proclamarse monarca de la UFC\" rel=\"nofollow noopener\"> le vali\u00f3 para proclamarse monarca de la UFC<\/a>, venci\u00f3 a uno de los mejores &#8216;strikers&#8217; de la compa\u00f1\u00eda, Alex Pereira. <\/p>\n<p class=\"voc-p\" style=\"\">En el \u00faltimo v\u00eddeo publicado por la UFC, Ankalaev ha querido continuar con la guerra psicol\u00f3gica ante el brasile\u00f1o, de cara a la pelea de revancha que tendr\u00e1n este s\u00e1bado en el UFC 320, un evento que se celebrar\u00e1 en el T-Mobile de Las Vegas. <strong>\u00abAlex estaba asustado\u2026 Se le notaba en los ojos que estaba confundido\u00bb<\/strong>, ha trasladado ante la c\u00e1mara el campe\u00f3n daguestan\u00ed. Lo cierto es Ankalaev arroll\u00f3 a Pereira en su \u00faltimo enfrentamiento, pero el brasile\u00f1o asegura haber hecho los ajustes necesarios para recuperar el cintur\u00f3n que antes le pertenec\u00eda. En caos de que venza el daguestan\u00ed, le podr\u00eda cerrar para siempre la puerta del t\u00edtulo. <\/p>\n<p class=\"voc-p\" style=\"\">Llegados a este punto, debido a su perfil bajo a nivel medi\u00e1tico muchos se est\u00e1n preguntando: <a href=\"https:\/\/www.abc.es\/deportes\/mma\/alex-pereira-magomed-ankalaev-claves-combate-estelar-20250308040902-nt.html\" target=\"_self\" data-voc-vtm-id=\"in-text-traffic\" title=\"\u00bfQui\u00e9n es Magomed Ankalaev?\" rel=\"nofollow noopener\">\u00bfQui\u00e9n es Magomed Ankalaev?<\/a> Criado en las monta\u00f1as del C\u00e1ucaso, Ankalaev es un luchador de 33 a\u00f1os, que<strong> creci\u00f3 rodeado de la tradici\u00f3n de lucha que impregna a Daguest\u00e1n<\/strong>. En aquellas tierras, los deportes de combate se convierten en una forma de vida, una manera de abrirse un camino en un entorno dif\u00edcil. Este artista marcial mixto comenz\u00f3 en la lucha libre y el sambo, pero pronto se interes\u00f3 por las disciplinas de golpeo.<\/p>\n<p class=\"voc-p\" style=\"\">Comenz\u00f3 a destacar en los mundiales WMMAA de 2016, donde se proclam\u00f3 campe\u00f3n mundial amateur, una se\u00f1al de que estaba listo para dar el salto al campo profesional. Despu\u00e9s de debutar con derrota en 2018 en la UFC, encaden\u00f3 numerosas victorias que le llevaron a los puestos m\u00e1s privilegiados del ranking del peso semipesado. En 2022, disput\u00f3 el cintur\u00f3n por primera vez ante Jan Blachowicz, pero el pleito concluy\u00f3 con un empate, manteniendo su t\u00edtulo el polaco. <\/p>\n<p class=\"voc-p\" style=\"\">Despu\u00e9s de un par de victorias m\u00e1s, volvi\u00f3 a recibir la oportunidad por el cintur\u00f3n del semipesado,<a href=\"https:\/\/www.abc.es\/deportes\/mma\/alex-pereira-magomed-ankalaev-claves-combate-estelar-20250308040902-nt.html\" target=\"_self\" data-voc-vtm-id=\"in-text-traffic\" title=\" que estaba en manos de Alex Pereira\" rel=\"nofollow noopener\"> que estaba en manos de Alex Pereira<\/a>. Logr\u00f3 dominar la pelea en cinco asaltos, proclam\u00e1ndose campe\u00f3n. Ahora, le tocar\u00e1 defender su reinado ante el propio luchador brasile\u00f1o, en una pelea en la que los aficionados exigen m\u00e1s espectacularidad que en la anterior. <\/p>\n<p>Reportar un error<\/p>\n","protected":false},"excerpt":{"rendered":"En los \u00faltimos tiempos, la escuela daguestan\u00ed ha estado pisando muy fuerte dentro de la UFC. Aunque la&hellip;\n","protected":false},"author":2,"featured_media":149859,"comment_status":"","ping_status":"","sticky":false,"template":"","format":"standard","meta":{"footnotes":""},"categories":[276],"tags":[2865,822,39672,331,5417,168,25,24,823,740,369,23,167,2349,343],"class_list":{"0":"post-149858","1":"post","2":"type-post","3":"status-publish","4":"format-standard","5":"has-post-thumbnail","7":"category-ufc","8":"tag-alex","9":"tag-ankalaev","10":"tag-asustado","11":"tag-busca","12":"tag-cerrar","13":"tag-deportes","14":"tag-es","15":"tag-espana","16":"tag-pereira","17":"tag-puerta","18":"tag-siempre","19":"tag-spain","20":"tag-sports","21":"tag-titulo","22":"tag-ufc"},"share_on_mastodon":{"url":"","error":""},"_links":{"self":[{"href":"https:\/\/www.europesays.com\/es\/wp-json\/wp\/v2\/posts\/149858","targetHints":{"allow":["GET"]}}],"collection":[{"href":"https:\/\/www.europesays.com\/es\/wp-json\/wp\/v2\/posts"}],"about":[{"href":"https:\/\/www.europesays.com\/es\/wp-json\/wp\/v2\/types\/post"}],"author":[{"embeddable":true,"href":"https:\/\/www.europesays.com\/es\/wp-json\/wp\/v2\/users\/2"}],"replies":[{"embeddable":true,"href":"https:\/\/www.europesays.com\/es\/wp-json\/wp\/v2\/comments?post=149858"}],"version-history":[{"count":0,"href":"https:\/\/www.europesays.com\/es\/wp-json\/wp\/v2\/posts\/149858\/revisions"}],"wp:featuredmedia":[{"embeddable":true,"href":"https:\/\/www.europesays.com\/es\/wp-json\/wp\/v2\/media\/149859"}],"wp:attachment":[{"href":"https:\/\/www.europesays.com\/es\/wp-json\/wp\/v2\/media?parent=149858"}],"wp:term":[{"taxonomy":"category","embeddable":true,"href":"https:\/\/www.europesays.com\/es\/wp-json\/wp\/v2\/categories?post=149858"},{"taxonomy":"post_tag","embeddable":true,"href":"https:\/\/www.europesays.com\/es\/wp-json\/wp\/v2\/tags?post=149858"}],"curies":[{"name":"wp","href":"https:\/\/api.w.org\/{rel}","templated":true}]}}