{"id":149866,"date":"2025-10-01T03:10:10","date_gmt":"2025-10-01T03:10:10","guid":{"rendered":"https:\/\/www.europesays.com\/es\/149866\/"},"modified":"2025-10-01T03:10:10","modified_gmt":"2025-10-01T03:10:10","slug":"la-razon-por-la-que-nicola-peltz-y-brooklyn-beckam-se-perdieron-la-boda-de-selena-gomez","status":"publish","type":"post","link":"https:\/\/www.europesays.com\/es\/149866\/","title":{"rendered":"la raz\u00f3n por la que Nicola Peltz y Brooklyn Beckam se perdieron la boda de Selena Gomez"},"content":{"rendered":"<p id=\"ePFzriBYVb\" data-wc=\"128\">El amor ha triunfado. <strong>La boda de<\/strong><strong>\u00a0Selena Gomez y Benny Blanco<\/strong> ha sido un sue\u00f1o hecho realidad para la pareja, que hizo oficial su relaci\u00f3n hace dos a\u00f1os. Para ellos ha sido emocionante poder dar un paso m\u00e1s en su relaci\u00f3n, pero lo m\u00e1s especial ha sido poder pronunciar el \u00abs\u00ed, quiero\u00bb delante de todos sus familiares y amigos, personas que han sido testigos de c\u00f3mo ha evolucionado su historia desde esas primeras citas que se desarrollaron con total discreci\u00f3n. El enlace, que tuvo lugar el 27 de septiembre en California,<a class=\"hm-link ho-link\" href=\"https:\/\/www.hola.com\/actualidad\/20250929858388\/boda-selena-gomez-ex-justin-bieber-mensaje-viral-detalles\/\" data-mrf-recirculation=\"article-body-link\" rel=\"nofollow noopener\" target=\"_blank\">\u00a0fue una aut\u00e9ntica cumbre de estrellas<\/a>. Una larga lista de asistentes en la que<strong>\u00a0sorprendi\u00f3 no ver a Nicola Peltz y Brooklyn Beckham.<\/strong> En medio de rumores, se ha conocido la raz\u00f3n de esta comentada ausencia.<\/p>\n<p> <img src=\"https:\/\/www.europesays.com\/es\/wp-content\/uploads\/2025\/10\/1dcb8113086a-gettyimages-2174599536.jpg\"   width=\"682\" height=\"1024\" loading=\"lazy\" decoding=\"async\" alt=\"Brooklyn Beckham y Nicola Peltz asisten al desfile de moda femenina de Balmain Primavera-Verano 2025, en el marco de la Semana de la Moda de Par\u00eds, el 25 de septiembre de 2024 en Par\u00eds, Francia.\" fetchpriority=\"auto\" class=\"image ho-image\"\/>\u00a9 Getty Images<\/p>\n<p id=\"eEk3ctn6lg\" data-wc=\"107\">Selena y Benny son muy queridos en el mundo del espect\u00e1culo, como qued\u00f3 reflejado con la gran cantidad de estrellas que acudieron al enlace. Del gran d\u00eda formaron parte Ed Sheeran, Paris Hilton, SZA, Camila Cabello, Cara Delevingne, Eric Andr\u00e9, Finneas, Zoe Salda\u00f1a y Edgar Ram\u00edrez (compa\u00f1eros de la novia en Emilia P\u00e9rez) y el DJ Mark Ronson, encargado de amenizar la velada y poner a bailar a todos los asistentes. <strong>Un papel destacado tuvieron Taylor Swift, \u00a0Steve Martin y Martin Short<\/strong>, que dieron discursos. Los dos actores, compa\u00f1eros de Selena en Solo asesinatos en el edificio, intervinieron en la cena que se celebr\u00f3 en la v\u00edspera. \u00a0<\/p>\n<p> <img src=\"https:\/\/www.europesays.com\/es\/wp-content\/uploads\/2025\/10\/ab805668ed9d-selena-vestido4.jpg\"   width=\"1024\" height=\"758\" loading=\"lazy\" decoding=\"async\" alt=\"La boda de Selena Gomez y Benny Blanco\" fetchpriority=\"auto\" class=\"image ho-image\"\/>\u00a9 selenagomez<\/p>\n<p> <img src=\"https:\/\/www.europesays.com\/es\/wp-content\/uploads\/2025\/10\/826c98104aca-selena-vestido.jpg\"   width=\"1024\" height=\"755\" loading=\"lazy\" decoding=\"async\" alt=\"La boda de Selena Gomez y Benny Blanco\" fetchpriority=\"auto\" class=\"image ho-image\"\/>\u00a9 itsbennyblanco<\/p>\n<p> <img src=\"https:\/\/www.europesays.com\/es\/wp-content\/uploads\/2025\/10\/8c26bddd8658-55429116618628746265019724225092876832525922n.jpg\"   width=\"1024\" height=\"949\" loading=\"lazy\" decoding=\"async\" alt=\"Boda de Selena G\u00f3mez y Benny Blanco, 27 de septiembre de 2025\" fetchpriority=\"auto\" class=\"image ho-image\"\/>\u00a9 @selenagomez<\/p>\n<p id=\"eUGQgl4UHkP\" data-wc=\"101\">Se daba por confirmada la presencia de Nicola Peltz y Brooklyn Beckham encabezando la lista de 170 asistentes, pero no formaron parte de la celebraci\u00f3n. Su ausencia ha hecho que comiencen a circular rumores sobre un distanciamiento entre las dos actrices, informaciones que desde su entorno han querido aclarar. Seg\u00fan Daily Mail, <strong>no pudieron acompa\u00f1ar a la protagonista de Los magos de\u00a0 Waverly Place porque Nicola se encuentra inmersa \u00aben una estricta preparaci\u00f3n para un nuevo papel\u00bb<\/strong> y les dese\u00f3 \u00abtodo lo mejor\u00bb a los reci\u00e9n casados. \u00a0\u00abSelena y Benny no han tenido ning\u00fan enfrentamiento con Nicola o Brooklyn\u00bb, han a\u00f1adido.<\/p>\n<p> <img src=\"https:\/\/www.europesays.com\/es\/wp-content\/uploads\/2025\/10\/58516281b816-aaaa.jpg\"   width=\"1024\" height=\"768\" loading=\"lazy\" decoding=\"async\" alt=\"Media Image\" fetchpriority=\"auto\" class=\"image ho-image\"\/>\u00a9 brooklynpeltzbeckham<\/p>\n<p id=\"e_mx3igSDf\" data-wc=\"96\">La cantante de \u00a0Can&#8217;t Keep My Hands to Myself\u00a0siempre se ha deshecho en halagos con Nicola. \u00a0\u00abRealmente es una de las personas m\u00e1s incre\u00edbles que he conocido en mi vida. La persona m\u00e1s amable del mundo. Siento que la conozco desde siempre\u00bb, dijo Selena en Cosmopolitan UK. Se conocieron en la Academy Museum Gala de 2022 y conectaron de inmediato.<a class=\"hm-link ho-link\" href=\"https:\/\/www.hola.com\/fashion\/lifestyle\/2024011476694\/nicola-peltz-fiesta-cumpleanos-selena-gomez-benny-blanco\/\" data-mrf-recirculation=\"article-body-link\" rel=\"nofollow noopener\" target=\"_blank\">\u00a0Su amistad fue in crescendo a toda velocidad<\/a><strong>\u00a0gracias a planes como viajes a M\u00e9xico y gestos tan significativos como hacerse un tatuaje a juego (se grabaron en tinta en sus brazos la palabra \u00e1ngel).<\/strong><\/p>\n<p> <img src=\"https:\/\/www.europesays.com\/es\/wp-content\/uploads\/2025\/10\/0d66f43d42a0-selena.jpg\"   width=\"722\" height=\"1024\" loading=\"lazy\" decoding=\"async\" alt=\"Media Image\" fetchpriority=\"auto\" class=\"image ho-image\"\/>\u00a9 selenagomez<\/p>\n<p data-wc=\"135\" id=\"eGje519dJN\">S\u00ed hay un distanciamiento evidente entre Brooklyn, Nicola y los Beckham. El hijo mayor del legendario futbolista y la dise\u00f1adora hizo por primera vez referencia a esta situaci\u00f3n la pasada semana. \u00a0\u00abTodo el mundo siempre va a decir tonter\u00edas. Simplemente intento hacer esto, jugar al golf con amigos. Es muy divertido\u00bb, confes\u00f3 sin dar m\u00e1s detalles de la distancia emocional con sus padres y hermanos. Eso s\u00ed, dej\u00f3 claro que su absoluta prioridad es Nicola, con la que contrajo matrimonio en abril de 2022 y con la que renov\u00f3 los votos este mismo verano en una<a class=\"hm-link ho-link\" href=\"https:\/\/www.hola.com\/actualidad\/20250818850643\/las-palabras-de-brooklyn-beckham-que-confirman-la-ruptura\/\" data-mrf-recirculation=\"article-body-link\" rel=\"nofollow noopener\" target=\"_blank\">\u00a0ceremonia a la que no asisti\u00f3 ninguno de sus familiares<\/a>. \u00ab<strong>Siempre habr\u00e1 gente que diga cosas negativas, pero tengo una esposa que me apoya mucho<\/strong>. Ella y yo hacemos lo nuestro, nos concentramos y trabajamos. Y somos felices\u00bb, zanj\u00f3.\u00a0<\/p>\n","protected":false},"excerpt":{"rendered":"El amor ha triunfado. La boda de\u00a0Selena Gomez y Benny Blanco ha sido un sue\u00f1o hecho realidad para&hellip;\n","protected":false},"author":2,"featured_media":149867,"comment_status":"","ping_status":"","sticky":false,"template":"","format":"standard","meta":{"footnotes":""},"categories":[174],"tags":[517,3064,255,146,147,25,24,256,13415,3204,23],"class_list":{"0":"post-149866","1":"post","2":"type-post","3":"status-publish","4":"format-standard","5":"has-post-thumbnail","7":"category-famosos","8":"tag-actualidad","9":"tag-brooklyn-beckham","10":"tag-celebrities","11":"tag-entertainment","12":"tag-entretenimiento","13":"tag-es","14":"tag-espana","15":"tag-famosos","16":"tag-nicola-peltz","17":"tag-selena-gomez","18":"tag-spain"},"share_on_mastodon":{"url":"","error":""},"_links":{"self":[{"href":"https:\/\/www.europesays.com\/es\/wp-json\/wp\/v2\/posts\/149866","targetHints":{"allow":["GET"]}}],"collection":[{"href":"https:\/\/www.europesays.com\/es\/wp-json\/wp\/v2\/posts"}],"about":[{"href":"https:\/\/www.europesays.com\/es\/wp-json\/wp\/v2\/types\/post"}],"author":[{"embeddable":true,"href":"https:\/\/www.europesays.com\/es\/wp-json\/wp\/v2\/users\/2"}],"replies":[{"embeddable":true,"href":"https:\/\/www.europesays.com\/es\/wp-json\/wp\/v2\/comments?post=149866"}],"version-history":[{"count":0,"href":"https:\/\/www.europesays.com\/es\/wp-json\/wp\/v2\/posts\/149866\/revisions"}],"wp:featuredmedia":[{"embeddable":true,"href":"https:\/\/www.europesays.com\/es\/wp-json\/wp\/v2\/media\/149867"}],"wp:attachment":[{"href":"https:\/\/www.europesays.com\/es\/wp-json\/wp\/v2\/media?parent=149866"}],"wp:term":[{"taxonomy":"category","embeddable":true,"href":"https:\/\/www.europesays.com\/es\/wp-json\/wp\/v2\/categories?post=149866"},{"taxonomy":"post_tag","embeddable":true,"href":"https:\/\/www.europesays.com\/es\/wp-json\/wp\/v2\/tags?post=149866"}],"curies":[{"name":"wp","href":"https:\/\/api.w.org\/{rel}","templated":true}]}}