{"id":149868,"date":"2025-10-01T03:11:15","date_gmt":"2025-10-01T03:11:15","guid":{"rendered":"https:\/\/www.europesays.com\/es\/149868\/"},"modified":"2025-10-01T03:11:15","modified_gmt":"2025-10-01T03:11:15","slug":"colores-en-tendencia-piezas-con-historia-y-un-diseno-emocional-asi-es-la-casa-que-comparte-esta-pareja-de-artistas","status":"publish","type":"post","link":"https:\/\/www.europesays.com\/es\/149868\/","title":{"rendered":"Colores en tendencia, piezas con historia y un dise\u00f1o emocional: as\u00ed es la casa que comparte esta pareja de artistas"},"content":{"rendered":"<p><strong><a href=\"https:\/\/www.revistaad.es\/tags\/colores\" isautogenerated=\"true\" rel=\"nofollow noopener\" target=\"_blank\">Colores<\/a> en tendencia y <a href=\"https:\/\/www.revistaad.es\/tags\/diseno\" isautogenerated=\"true\" rel=\"nofollow noopener\" target=\"_blank\">dise\u00f1o<\/a> con alma: as\u00ed ha dise\u00f1ado una pareja de <a href=\"https:\/\/www.revistaad.es\/tags\/artistas\" isautogenerated=\"true\" rel=\"nofollow noopener\" target=\"_blank\">artistas<\/a> esta casa que mezcla piezas de varias d\u00e9cadas.<\/strong><\/p>\n<p>Cuando Brandon Mieske y David Valbuena descubrieron por primera vez esta casa en Beachwood Canyon, supieron que, por fin, <strong>realidad y deseo se encontraban en el mismo punto<\/strong>. Escondida entre las colinas de Hollywood, la vivienda ten\u00eda justo todo lo que llevaban tiempo buscando: seguir cerca de la naturaleza, pero sin renunciar a una buena conexi\u00f3n con la ciudad. Tras a\u00f1os viviendo en otro barrio m\u00e1s lejano \u2013rodeados de verde, s\u00ed, pero tambi\u00e9n una larga caminata a la cafeter\u00eda m\u00e1s cercana\u2013, quer\u00edan un lugar m\u00e1s pr\u00e1ctico sin perder ese aire de refugio. Esta casa de los <a href=\"https:\/\/www.revistaad.es\/tags\/anos-70\" isautogenerated=\"true\" rel=\"nofollow noopener\" target=\"_blank\">a\u00f1os 70<\/a>, situada al final de una calle sin salida y rodeada de \u00e1rboles, reun\u00eda todos sus requisitos. <strong>Los techos inclinados, los grandes ventanales y la <a href=\"https:\/\/www.revistaad.es\/tags\/chimenea\" isautogenerated=\"true\" rel=\"nofollow noopener\" target=\"_blank\">chimenea<\/a> de piedra original<\/strong> fue lo que les termin\u00f3 de convencer nada m\u00e1s cruzar la puerta.<\/p>\n<p>Conectaron meses atr\u00e1s con la dise\u00f1adora Leah Ring, fundadora del estudio Another Human, cuando la pareja intent\u00f3 comprar otra casa que al final no sali\u00f3 adelante. \u201cCuando encontramos esta, ella ya sab\u00eda qui\u00e9nes \u00e9ramos\u201d, dice David. Y no solo eso: tambi\u00e9n conoc\u00eda su estilo de vida y sensibilidad est\u00e9tica. <strong>Brandon Mieske es artista<\/strong> \u2013algunas de sus obras cuelgan ahora en las paredes, junto a fotograf\u00edas de amigos y hallazgos de mercadillos durante sus <a href=\"https:\/\/www.revistaad.es\/tags\/viajes\" isautogenerated=\"true\" rel=\"nofollow noopener\" target=\"_blank\">viajes<\/a>\u2013 y el trabajo de Valbuena como dise\u00f1ador gr\u00e1fico y especialista en motion graphics. <strong>Ambos comparten el amor por los interiores atrevidos y con car\u00e1cter<\/strong>. \u201cLeah nos ve\u00eda viviendo aqu\u00ed incluso antes de firmar\u201d, a\u00f1ade.<\/p>\n<p><img decoding=\"async\" alt=\"sal\u00f3n con alfombra azul elctrico sof verde chimenea de piedra.\" loading=\"lazy\" class=\"ResponsiveImageContainer-eNxvmU cfBbTk responsive-image__image\"   src=\"https:\/\/www.europesays.com\/es\/wp-content\/uploads\/2025\/10\/Another%20Human_Glen%20Living%201.jpg\"\/><\/p>\n<p>En el sal\u00f3n, una alfombra bereber marroqu\u00ed de color cobalto electrifica el espacio, con una mesa de centro de roble ebonizado y un par de sillas vintage de los 80 retapizadas en terciopelo de Kravet. Un sof\u00e1 de cuero verde a\u00f1ade otra nota atrevida, junto con una escultural l\u00e1mpara de pie Tatu de Santa &amp; Cole y apliques de Folio.<\/p>\n<p>\u00a9 Lance Gerber<strong>Piezas con un alto valor emocional<\/strong><\/p>\n<p>Aunque los anteriores propietarios hab\u00edan actualizado las instalaciones, los interiores se manten\u00edan neutros y minimalistas, con <strong>paredes blancas que ped\u00edan a gritos un punto de personalidad<\/strong>. Leah Ring vio en ese lienzo en blanco la oportunidad perfecta para jugar con mobiliario, textiles y <a href=\"https:\/\/www.revistaad.es\/tags\/arte\" isautogenerated=\"true\" rel=\"nofollow noopener\" target=\"_blank\">arte<\/a>. \u201cLa estructura era tan s\u00f3lida que no ten\u00eda sentido forzarla\u201d, explica. \u201cEl objetivo era que reflejara a Brandon y David, no que pareciera simplemente una casa bonita\u201d.<\/p>\n<p>El <a href=\"https:\/\/www.revistaad.es\/tags\/salon\" isautogenerated=\"true\" rel=\"nofollow noopener\" target=\"_blank\">sal\u00f3n<\/a> es el mejor ejemplo de esa filosof\u00eda: un sof\u00e1 de cuero verde oliva, una alfombra marroqu\u00ed en azul cobalto \u2013que, seg\u00fan Ring, \u201cilumin\u00f3 todo el espacio\u201d\u2013 y unas <a href=\"https:\/\/www.revistaad.es\/tags\/sillas\" isautogenerated=\"true\" rel=\"nofollow noopener\" target=\"_blank\">sillas<\/a> giratorias <a href=\"https:\/\/www.revistaad.es\/tags\/vintage\" isautogenerated=\"true\" rel=\"nofollow noopener\" target=\"_blank\">vintage<\/a> de Milo Baughman, que retapizaron para darles un aire renovado. Sobre el sof\u00e1 cuelga una <a href=\"https:\/\/www.revistaad.es\/tags\/fotografia\" isautogenerated=\"true\" rel=\"nofollow noopener\" target=\"_blank\">fotograf\u00eda<\/a> tomada por un amigo de la pareja, una muestra de que <strong>muchas de las piezas que decoran la casa tienen un fuerte valor emocional<\/strong>. \u201cProbablemente ten\u00edamos m\u00e1s arte del que Leah necesitaba para trabajar\u201d, bromea Brandon. \u201cPero es un problema que da gusto tener\u201d. Incluso la l\u00e1mpara del comedor, hecha a medida \u2013un halo envuelto en tela suspendido sobre unas sillas ochenteras\u2013, se convierte en una pieza escult\u00f3rica que atrapa la mirada con discreci\u00f3n.<\/p>\n","protected":false},"excerpt":{"rendered":"Colores en tendencia y dise\u00f1o con alma: as\u00ed ha dise\u00f1ado una pareja de artistas esta casa que mezcla&hellip;\n","protected":false},"author":2,"featured_media":149869,"comment_status":"","ping_status":"","sticky":false,"template":"","format":"standard","meta":{"footnotes":""},"categories":[173],"tags":[229,233,231,230,1530,232,234,146,147,25,24,3691,23],"class_list":{"0":"post-149868","1":"post","2":"type-post","3":"status-publish","4":"format-standard","5":"has-post-thumbnail","7":"category-arte-y-diseno","8":"tag-arte","9":"tag-arte-y-diseno","10":"tag-arts","11":"tag-arts-and-design","12":"tag-casas-ad","13":"tag-design","14":"tag-diseno","15":"tag-entertainment","16":"tag-entretenimiento","17":"tag-es","18":"tag-espana","19":"tag-los-angeles","20":"tag-spain"},"share_on_mastodon":{"url":"","error":""},"_links":{"self":[{"href":"https:\/\/www.europesays.com\/es\/wp-json\/wp\/v2\/posts\/149868","targetHints":{"allow":["GET"]}}],"collection":[{"href":"https:\/\/www.europesays.com\/es\/wp-json\/wp\/v2\/posts"}],"about":[{"href":"https:\/\/www.europesays.com\/es\/wp-json\/wp\/v2\/types\/post"}],"author":[{"embeddable":true,"href":"https:\/\/www.europesays.com\/es\/wp-json\/wp\/v2\/users\/2"}],"replies":[{"embeddable":true,"href":"https:\/\/www.europesays.com\/es\/wp-json\/wp\/v2\/comments?post=149868"}],"version-history":[{"count":0,"href":"https:\/\/www.europesays.com\/es\/wp-json\/wp\/v2\/posts\/149868\/revisions"}],"wp:featuredmedia":[{"embeddable":true,"href":"https:\/\/www.europesays.com\/es\/wp-json\/wp\/v2\/media\/149869"}],"wp:attachment":[{"href":"https:\/\/www.europesays.com\/es\/wp-json\/wp\/v2\/media?parent=149868"}],"wp:term":[{"taxonomy":"category","embeddable":true,"href":"https:\/\/www.europesays.com\/es\/wp-json\/wp\/v2\/categories?post=149868"},{"taxonomy":"post_tag","embeddable":true,"href":"https:\/\/www.europesays.com\/es\/wp-json\/wp\/v2\/tags?post=149868"}],"curies":[{"name":"wp","href":"https:\/\/api.w.org\/{rel}","templated":true}]}}