{"id":149878,"date":"2025-10-01T03:18:10","date_gmt":"2025-10-01T03:18:10","guid":{"rendered":"https:\/\/www.europesays.com\/es\/149878\/"},"modified":"2025-10-01T03:18:10","modified_gmt":"2025-10-01T03:18:10","slug":"maestros-de-la-costura-celebrity-2-completa-su-casting","status":"publish","type":"post","link":"https:\/\/www.europesays.com\/es\/149878\/","title":{"rendered":"&#8216;Maestros de la Costura Celebrity 2&#8217; completa su casting"},"content":{"rendered":"<p>Ya queda menos para que el jurado de \u2018<a href=\"https:\/\/www.rtve.es\/play\/videos\/maestros-de-la-costura-celebrity\/\" rel=\"nofollow noopener\" target=\"_blank\">Maestros de la Costura Celebrity<\/a>\u2019, la versi\u00f3n con famosos del talent producido por RTVE en colaboraci\u00f3n con Shine Iberia (Banijay Iberia), valore las impresionantes creaciones de los aprendices de esta nueva etapa. El estilista y dise\u00f1ador de moda Josie, los actores <strong>Pep\u00f3n Nieto, Jazz Vil\u00e1 y Mariola Fuentes<\/strong>, el pirag\u00fcista ol\u00edmpico <strong>Pau Ech\u00e1niz<\/strong> y la cantante<strong> Blanca Paloma<\/strong> completan el casting, tras la confirmaci\u00f3n de la modelo, actriz y presentadora <strong>Jaydy Michel<\/strong>, la compositora y cantante <strong>Beatriz Luengo<\/strong>, el <strong>cantante Mario Vaquerizo<\/strong>, la actriz <strong>Silvia Marty<\/strong> y los gemelos modelos <strong>Edu y Jorge Rom\u00e1n.<\/strong><\/p>\n<p>Durante las semanas de competici\u00f3n, el jurado formado por <strong>Lorenzo Caprile, Mar\u00eda Escot\u00e9 y Luis de Javier <\/strong>les acompa\u00f1ar\u00e1, guiar\u00e1 su evoluci\u00f3n y valorar\u00e1 cada trabajo realizado. Los aprendices descubrir\u00e1n las principales t\u00e9cnicas, reproducir\u00e1n dise\u00f1os de alta costura y dar\u00e1n vida a las telas hasta convertirlas en todo tipo de prendas. <\/p>\n<p style=\"text-align:justify;\">Uno de ellos seguir\u00e1 los pasos de <a href=\"https:\/\/www.rtve.es\/rtve\/20250417\/pilar-rubio-gana-maestros-costura-celebrity-1\/16544333.shtml\" rel=\"nofollow noopener\" target=\"_blank\">Pilar Rubio<\/a>, quien se convirti\u00f3 en la ganadora de la primera edici\u00f3n de \u2018Maestros de la Costura Celebrity\u2019 ante casi 2,3 millones de espectadores \u00fanicos. La presentadora confeccion\u00f3 un sofisticado vestido en tres piezas inspirado en la Alta Costura, en el que puso en pr\u00e1ctica las tres t\u00e9cnicas de costura aprendidas en el taller. Adem\u00e1s del maniqu\u00ed de cristal, recibi\u00f3 el malet\u00edn con 50.000 euros que don\u00f3 a la ONG DEBRA Piel de Mariposa. Su \u201chermana\u201d Carmen Farala, segunda duelista, apost\u00f3 por un vestido blanco que, con materiales sencillos, reivindic\u00f3 el lado m\u00e1s elegante del mundo drag.<\/p>\n","protected":false},"excerpt":{"rendered":"Ya queda menos para que el jurado de \u2018Maestros de la Costura Celebrity\u2019, la versi\u00f3n con famosos del&hellip;\n","protected":false},"author":2,"featured_media":149879,"comment_status":"","ping_status":"","sticky":false,"template":"","format":"standard","meta":{"footnotes":""},"categories":[91],"tags":[146,147,25,24,23],"class_list":{"0":"post-149878","1":"post","2":"type-post","3":"status-publish","4":"format-standard","5":"has-post-thumbnail","7":"category-entretenimiento","8":"tag-entertainment","9":"tag-entretenimiento","10":"tag-es","11":"tag-espana","12":"tag-spain"},"share_on_mastodon":{"url":"","error":""},"_links":{"self":[{"href":"https:\/\/www.europesays.com\/es\/wp-json\/wp\/v2\/posts\/149878","targetHints":{"allow":["GET"]}}],"collection":[{"href":"https:\/\/www.europesays.com\/es\/wp-json\/wp\/v2\/posts"}],"about":[{"href":"https:\/\/www.europesays.com\/es\/wp-json\/wp\/v2\/types\/post"}],"author":[{"embeddable":true,"href":"https:\/\/www.europesays.com\/es\/wp-json\/wp\/v2\/users\/2"}],"replies":[{"embeddable":true,"href":"https:\/\/www.europesays.com\/es\/wp-json\/wp\/v2\/comments?post=149878"}],"version-history":[{"count":0,"href":"https:\/\/www.europesays.com\/es\/wp-json\/wp\/v2\/posts\/149878\/revisions"}],"wp:featuredmedia":[{"embeddable":true,"href":"https:\/\/www.europesays.com\/es\/wp-json\/wp\/v2\/media\/149879"}],"wp:attachment":[{"href":"https:\/\/www.europesays.com\/es\/wp-json\/wp\/v2\/media?parent=149878"}],"wp:term":[{"taxonomy":"category","embeddable":true,"href":"https:\/\/www.europesays.com\/es\/wp-json\/wp\/v2\/categories?post=149878"},{"taxonomy":"post_tag","embeddable":true,"href":"https:\/\/www.europesays.com\/es\/wp-json\/wp\/v2\/tags?post=149878"}],"curies":[{"name":"wp","href":"https:\/\/api.w.org\/{rel}","templated":true}]}}