{"id":14988,"date":"2025-07-30T23:09:10","date_gmt":"2025-07-30T23:09:10","guid":{"rendered":"https:\/\/www.europesays.com\/es\/14988\/"},"modified":"2025-07-30T23:09:10","modified_gmt":"2025-07-30T23:09:10","slug":"la-respuesta-de-aitana-a-una-exconcursante-de-el-conquis-bilbaina-que-viaja-desde-manchester-para-ir-a-su-concierto","status":"publish","type":"post","link":"https:\/\/www.europesays.com\/es\/14988\/","title":{"rendered":"La respuesta de Aitana a una exconcursante de &#8216;El Conquis&#8217; bilba\u00edna que viaja desde Manchester para ir a su concierto"},"content":{"rendered":"<p><img fetchpriority=\"high\" class=\"v-a-img\" src=\"https:\/\/www.europesays.com\/es\/wp-content\/uploads\/2025\/07\/aitana-responde-kSp-U2302522101198peE-1200x840@El Correo.jpg\" loading=\"eager\" decoding=\"async\" alt=\"La respuesta de Aitana a una exconcursante de 'El Conquis' bilba\u00edna que viaja desde Manchester para ir a su concierto\"  width=\"1200\" height=\"840\"\/><\/p>\n<p>Ainhoa G\u00f3mez, seguidora incondicional del Athletic, asistir\u00e1 esta noche al Metropolitano para disfrutar de una de sus artistas favoritas<\/p>\n<p><a class=\"v-mdl-ath__fig-a\" href=\"https:\/\/www.elcorreo.com\/autor\/marina-leon-6788.html\" title=\"Marina Le\u00f3n\" rel=\"nofollow noopener\" target=\"_blank\"><br \/>\n<img decoding=\"async\" class=\"v-mdl-ath__img\" src=\"https:\/\/www.europesays.com\/es\/wp-content\/uploads\/2025\/07\/autor-6788-foto-1.jpeg\" alt=\"Marina Le\u00f3n\"\/><br \/>\n<\/a><\/p>\n<p class=\"v-mdl-ath__p v-mdl-ath__p--6\">\nMi\u00e9rcoles, 30 de julio 2025, 19:38<\/p>\n<p class=\"v-p\">Los fans de <a href=\"https:\/\/www.elcorreo.com\/gente-estilo\/aplaudida-respuesta-aitana-criticas-redes-gente-venir-20250729220708-nt.html\" target=\"_blank\" title=\"La aplaudida respuesta de Aitana a las cr\u00edticas en redes: \u00abGente, que me va a venir la regla\u00bb\" data-voc-vtm-id=\"in-text-traffic\" data-mrf-link=\"www.elcorreo.com\" rel=\"nofollow noopener\">Aitana<\/a> han comenzado la cuenta atr\u00e1s para disfrutar esta noche del show de la catalana en Madrid. Tras triunfar en Barcelona y despu\u00e9s en &#8216;La Velada del A\u00f1o V&#8217;, la artista lleva su &#8216;Metamorfosis Season&#8217; al estadio Metropolitano los d\u00edas 30 y 31 de julio. Estos d\u00edas, los seguidores de la &#8216;extriunfita&#8217; comparten en redes sus mensajes cargados de nervios e ilusi\u00f3n. Una de ellas es <a href=\"https:\/\/www.elcorreo.com\/athletic\/matrimonio-unido-athletic-manchester-united-aprender-ingles-20250501155005-nt.html\" target=\"_blank\" title=\"Un matrimonio unido por el Athletic y el Manchester United: \u00abFui a aprender ingl\u00e9s y me qued\u00e9 por amor\u00bb\" data-voc-vtm-id=\"in-text-traffic\" data-mrf-link=\"www.elcorreo.com\" rel=\"nofollow noopener\">Ainhoa G\u00f3mez, una joven bilba\u00edna<\/a> que reside actualmente en Manchester.<\/p>\n<p class=\"v-p\">\u00abAqu\u00ed dos que vamos desde Manchester, desde donde viajan para ir a verla??? Muero de ganas de perrear toda la noche!!!\u00bb, escribi\u00f3 anoche en su perfil de X (antes Twitter). Este mensaje le ha llegado a la propia Aitana, que no ha dudado en compartirlo en su perfil acompa\u00f1ado de unos emoticonos de caritas llorando.<\/p>\n<p class=\"v-p\">Ainhoa G\u00f3mez, que particip\u00f3 en &#8216;El conquistador del Amazonas&#8217; en el a\u00f1o 2016, tiene otra gran pasi\u00f3n adem\u00e1s de la m\u00fasica, el Athletic. El pasado 1 de mayo visit\u00f3 Bilbao con motivo del Athletic-Manchester United en la ida de las semifinales de la Europa League. No estuvo sola. Su marido, el ingl\u00e9s Damian Dommett, incondicional del United, disfrut\u00f3 a su lado de la gran fiesta rojiblanca previa al encuentro en San Mam\u00e9s.<\/p>\n<p class=\"v-p\">Seg\u00fan explicaron aquel d\u00eda a EL CORREO, Se conocieron hace trece a\u00f1os en Manchester. Ella estaba aprendiendo ingl\u00e9s y, aunque en principio pensaba quedarse \u00fanicamente seis meses, se qued\u00f3 por amor. \u00abNos conocimos en un bar\u00bb, cuenta el matrimonio. Por aquel entonces, \u00ab\u00e9ramos amigos especiales y coincidi\u00f3 con un partido entre el Athletic y el Manchester United. Yo le cont\u00e9 la historia de mi equipo y le gust\u00f3. As\u00ed empez\u00f3 todo\u00bb, recuerda Ainhoa.<\/p>\n<p>Comenta<\/p>\n<p>Reporta un error<\/p>\n","protected":false},"excerpt":{"rendered":"Ainhoa G\u00f3mez, seguidora incondicional del Athletic, asistir\u00e1 esta noche al Metropolitano para disfrutar de una de sus artistas&hellip;\n","protected":false},"author":2,"featured_media":14989,"comment_status":"","ping_status":"","sticky":false,"template":"","format":"standard","meta":{"footnotes":""},"categories":[174],"tags":[3519,9982,255,2339,9984,146,147,25,24,9983,256,9985,8013,23,4127],"class_list":{"0":"post-14988","1":"post","2":"type-post","3":"status-publish","4":"format-standard","5":"has-post-thumbnail","7":"category-famosos","8":"tag-aitana","9":"tag-bilbaina","10":"tag-celebrities","11":"tag-concierto","12":"tag-conquis","13":"tag-entertainment","14":"tag-entretenimiento","15":"tag-es","16":"tag-espana","17":"tag-exconcursante","18":"tag-famosos","19":"tag-manchester","20":"tag-respuesta","21":"tag-spain","22":"tag-viaja"},"share_on_mastodon":{"url":"","error":""},"_links":{"self":[{"href":"https:\/\/www.europesays.com\/es\/wp-json\/wp\/v2\/posts\/14988","targetHints":{"allow":["GET"]}}],"collection":[{"href":"https:\/\/www.europesays.com\/es\/wp-json\/wp\/v2\/posts"}],"about":[{"href":"https:\/\/www.europesays.com\/es\/wp-json\/wp\/v2\/types\/post"}],"author":[{"embeddable":true,"href":"https:\/\/www.europesays.com\/es\/wp-json\/wp\/v2\/users\/2"}],"replies":[{"embeddable":true,"href":"https:\/\/www.europesays.com\/es\/wp-json\/wp\/v2\/comments?post=14988"}],"version-history":[{"count":0,"href":"https:\/\/www.europesays.com\/es\/wp-json\/wp\/v2\/posts\/14988\/revisions"}],"wp:featuredmedia":[{"embeddable":true,"href":"https:\/\/www.europesays.com\/es\/wp-json\/wp\/v2\/media\/14989"}],"wp:attachment":[{"href":"https:\/\/www.europesays.com\/es\/wp-json\/wp\/v2\/media?parent=14988"}],"wp:term":[{"taxonomy":"category","embeddable":true,"href":"https:\/\/www.europesays.com\/es\/wp-json\/wp\/v2\/categories?post=14988"},{"taxonomy":"post_tag","embeddable":true,"href":"https:\/\/www.europesays.com\/es\/wp-json\/wp\/v2\/tags?post=14988"}],"curies":[{"name":"wp","href":"https:\/\/api.w.org\/{rel}","templated":true}]}}