{"id":149894,"date":"2025-10-01T03:33:15","date_gmt":"2025-10-01T03:33:15","guid":{"rendered":"https:\/\/www.europesays.com\/es\/149894\/"},"modified":"2025-10-01T03:33:15","modified_gmt":"2025-10-01T03:33:15","slug":"la-carta-de-amor-que-le-ha-escrito-su-mujer-patricia","status":"publish","type":"post","link":"https:\/\/www.europesays.com\/es\/149894\/","title":{"rendered":"la carta de amor que le ha escrito su mujer Patricia"},"content":{"rendered":"<p>Si algo ha demostrado siempre <strong>C\u00e9sar Cadaval<\/strong> es que m\u00e1s all\u00e1 del humor, de los escenarios y de la televisi\u00f3n, <strong>lo m\u00e1s importante en su vida es la familia<\/strong>. Discreto con su vida privada, el humorista comparte muy pocas pinceladas de su d\u00eda a d\u00eda m\u00e1s \u00edntimo. Sin embargo, en esta ocasi\u00f3n ha querido abrir una ventana a sus sentimientos y a los de <strong>su mujer, Patricia Rodr\u00edguez<\/strong>, con la que lleva m\u00e1s de treinta a\u00f1os de matrimonio.<\/p>\n<p><img loading=\"lazy\" decoding=\"async\"   src=\"https:\/\/www.europesays.com\/es\/wp-content\/uploads\/2025\/10\/cesar-cadaval-y-su-mujer_cc7e8284_250930205725_1200x1200.webp.webp\" alt=\"C\u00e9sar Cadaval y su mujer\" class=\"lazyload\" width=\"1200\" height=\"1200\" data-aspectratio=\"1200\/1200\"\/><\/p>\n<p>El sevillano est\u00e1 muy unido a su mujer y ella le ha escrito una carta de amor, que ha compartido en redes sociales.<\/p>\n<p>&#13;Instagram<\/p>\n<p>El menor de \u2018Los Morancos\u2019 sorprend\u00eda en sus redes sociales al publicar una entra\u00f1able fotograf\u00eda con toda su familia al completo, acompa\u00f1ada de unas l\u00edneas muy especiales: \u201c<strong>Lo que me escribi\u00f3 mi @patriciarodriguezgal hace unos d\u00edas\u2026 sin palabras<\/strong>\u201d. Un texto que result\u00f3 ser<strong> una aut\u00e9ntica carta de amor, escrita por su esposa<\/strong>, que ha conmovido a todos sus seguidores.<\/p>\n<p>Una carta de amor para toda la vida<\/p>\n<p>Patricia, que siempre se ha mantenido alejada del foco medi\u00e1tico, ha puesto en palabras lo que significa su historia junto a C\u00e9sar: \u201cEn cuanto te conoc\u00ed cambiaste mi vida, mis horarios, mis costumbres\u2026<strong> Lo que no sab\u00eda es que ser\u00eda para siempre.<\/strong> \u2018Para siempre\u2019, da v\u00e9rtigo. Pero ya puedo decir que s\u00ed, que \u2018para siempre\u2019. Llevamos el doble de a\u00f1os en nuestra casa com\u00fan que en las casas maternas. <strong>Aprendimos desde j\u00f3venes a querernos de esta manera, para m\u00ed tan especial<\/strong>\u201d.<\/p>\n<p><img loading=\"lazy\" decoding=\"async\"   src=\"https:\/\/www.europesays.com\/es\/wp-content\/uploads\/2025\/10\/cesar-cadaval-familia_7707ee17_250930205715_1200x750.webp.webp\" alt=\"C\u00e9sar Cadaval Familia\" class=\"lazyload\" width=\"1200\" height=\"750\" data-aspectratio=\"1200\/750\"\/><\/p>\n<p>La familia de C\u00e9sar Cadaval al completo, su mujer Patricia, sus hijos y nietos<\/p>\n<p>&#13;Instagram<\/p>\n<p>En un texto lleno de sinceridad y sentimiento, Patricia describe su relaci\u00f3n como la construcci\u00f3n de un castillo, con todas las dificultades y alegr\u00edas que supone levantar un proyecto de vida en com\u00fan: \u201cSiempre me sent\u00ed libre y feliz. <strong>Tu forma de quererme me ha permitido so\u00f1ar y jugar y disfrutar del castillo que construimos los dos<\/strong>, con tanta alegr\u00eda como compromiso, con sufrimiento y distancias, pero colocando las piezas siempre con un fin com\u00fan. <strong>Construir un castillo no es f\u00e1cil, es un proyecto ambicioso y minucioso<\/strong>, que encierra mucho esfuerzo y trabajo, paciencia y exigencias que duelen. Los dos, de alguna manera,<strong> nos hemos privado de otra forma de vivir para continuar la que elegimos<\/strong>,<strong> la que hicimos que fuera la m\u00e1s importante: nuestra familia<\/strong>\u201d.<\/p>\n<p>La carta concluye con un mensaje lleno de fe, esperanza y, sobre todo, amor: \u201cNo s\u00e9 ma\u00f1ana, pero hasta hoy, nuestro \u2018Exin Castillo\u2019, con muchas piezas por encajar, <strong>est\u00e1 bastante compacto para disfrutarlo hasta que Dios quiera<\/strong>\u201d.<\/p>\n<p>M\u00e1s de 30 a\u00f1os juntos<\/p>\n<p><strong>C\u00e9sar Cadaval y Patricia Rodr\u00edguez llevan m\u00e1s de tres d\u00e9cadas juntos<\/strong>. El pasado 8 de julio celebraban su aniversario de boda, un d\u00eda que el humorista quiso recordar con un rom\u00e1ntico v\u00eddeo en sus redes sociales: \u201cMuchos a\u00f1os juntos. 8 de julio. Nuestro aniversario\u201d.<\/p>\n<p><img loading=\"lazy\" decoding=\"async\"   src=\"https:\/\/www.europesays.com\/es\/wp-content\/uploads\/2025\/10\/cesar-cadaval-y-su-mujer_03833d6f_250930205736_1200x1200.webp.webp\" alt=\"C\u00e9sar Cadaval y su mujer\" class=\"lazyload\" width=\"1200\" height=\"1200\" data-aspectratio=\"1200\/1200\"\/><\/p>\n<p>C\u00e9sar Cadaval y su mujer Patricia Rodr\u00edguez<\/p>\n<p>&#13;Instagram<\/p>\n<p>Aunque Patricia siempre se ha mantenido discreta y con sus redes sociales en privado, quienes la conocen aseguran que es el gran pilar en la vida del humorista, alguien que le ha acompa\u00f1ado en todas las etapas de su carrera y con quien ha formado una familia numerosa y unida.<\/p>\n<p>La familia, su mayor orgullo<\/p>\n<p>El sevillano, que creci\u00f3 en el seno de una familia numerosa, ha querido transmitir esos mismos valores a los suyos.<strong> Junto a Patricia es padre de cuatro hijos<\/strong>: <strong>Alfonso<\/strong>, torero; <strong>C\u00e9sar<\/strong>, que ha apostado por la interpretaci\u00f3n; <strong>Patricia<\/strong>, que ejerce como representante de Los Morancos; y <strong>Marta<\/strong>, periodista de prestigio.<\/p>\n<p><img loading=\"lazy\" decoding=\"async\"   src=\"https:\/\/www.europesays.com\/es\/wp-content\/uploads\/2025\/10\/patricia-y-cesar-cadaval_1b3b56a9_250930205904_1200x757.webp.webp\" alt=\"Patricia y C\u00e9sar Cadaval\" class=\"lazyload\" width=\"1200\" height=\"757\" data-aspectratio=\"1200\/757\"\/>&#13;Gtres<\/p>\n<p>Adem\u00e1s, la pareja disfruta de su faceta m\u00e1s entra\u00f1able: la de abuelos. Con<strong> cinco nietos, Alfonso, C\u00e9sar Jr., Patricia, Marta y el peque\u00f1o Juan<\/strong>, que lleg\u00f3 al mundo el pasado mes de julio. La casa Cadaval rebosa vida, risas y momentos compartidos.<\/p>\n<p>El artista se derrite cada vez que habla de ellos y no duda en presumir de la uni\u00f3n familiar que han construido: un verdadero \u201ccastillo\u201d cimentado en el amor y en la complicidad de m\u00e1s de tres d\u00e9cadas juntos.<\/p>\n<p><img decoding=\"async\" src=\"https:\/\/www.europesays.com\/es\/wp-content\/uploads\/2025\/09\/telma-ortiz-junto-a-su-actual-novio_64ab000a_250930181346_800x800.webp.webp\" alt=\"Telma Ortiz, junto a su actual novio\" class=\"image lazyload\"\/><img loading=\"lazy\" decoding=\"async\" src=\"https:\/\/www.europesays.com\/es\/wp-content\/uploads\/2025\/09\/telma-ortiz-junto-a-su-actual-novio_64ab000a_250930181350_1280x720.webp.webp\" alt=\"Luis Pliego, director de la revista Lecturas, sobre la orden de desahucio contra Telma Ortiz y Robert Gavin Bonnar: &quot;Las nominas era un poco justo para pagar el alquiler&quot;\" class=\"image lazyload\" width=\"1280\" height=\"720\" data-aspectratio=\"1280\/720\"\/><\/p>\n<p>A pesar de su fama y su trayectoria intachable como humorista, C\u00e9sar Cadaval siempre ha mantenido una clara l\u00ednea entre su vida p\u00fablica y su vida privada. Esa dualidad se refleja tambi\u00e9n en la figura de su mujer, Patricia, que ha preferido siempre mantenerse al margen, aunque de vez en cuando regala destellos como esta carta, que ha conquistado el coraz\u00f3n de todos.<\/p>\n","protected":false},"excerpt":{"rendered":"Si algo ha demostrado siempre C\u00e9sar Cadaval es que m\u00e1s all\u00e1 del humor, de los escenarios y de&hellip;\n","protected":false},"author":2,"featured_media":149895,"comment_status":"","ping_status":"","sticky":false,"template":"","format":"standard","meta":{"footnotes":""},"categories":[174],"tags":[255,146,147,25,24,256,23],"class_list":{"0":"post-149894","1":"post","2":"type-post","3":"status-publish","4":"format-standard","5":"has-post-thumbnail","7":"category-famosos","8":"tag-celebrities","9":"tag-entertainment","10":"tag-entretenimiento","11":"tag-es","12":"tag-espana","13":"tag-famosos","14":"tag-spain"},"share_on_mastodon":{"url":"","error":""},"_links":{"self":[{"href":"https:\/\/www.europesays.com\/es\/wp-json\/wp\/v2\/posts\/149894","targetHints":{"allow":["GET"]}}],"collection":[{"href":"https:\/\/www.europesays.com\/es\/wp-json\/wp\/v2\/posts"}],"about":[{"href":"https:\/\/www.europesays.com\/es\/wp-json\/wp\/v2\/types\/post"}],"author":[{"embeddable":true,"href":"https:\/\/www.europesays.com\/es\/wp-json\/wp\/v2\/users\/2"}],"replies":[{"embeddable":true,"href":"https:\/\/www.europesays.com\/es\/wp-json\/wp\/v2\/comments?post=149894"}],"version-history":[{"count":0,"href":"https:\/\/www.europesays.com\/es\/wp-json\/wp\/v2\/posts\/149894\/revisions"}],"wp:featuredmedia":[{"embeddable":true,"href":"https:\/\/www.europesays.com\/es\/wp-json\/wp\/v2\/media\/149895"}],"wp:attachment":[{"href":"https:\/\/www.europesays.com\/es\/wp-json\/wp\/v2\/media?parent=149894"}],"wp:term":[{"taxonomy":"category","embeddable":true,"href":"https:\/\/www.europesays.com\/es\/wp-json\/wp\/v2\/categories?post=149894"},{"taxonomy":"post_tag","embeddable":true,"href":"https:\/\/www.europesays.com\/es\/wp-json\/wp\/v2\/tags?post=149894"}],"curies":[{"name":"wp","href":"https:\/\/api.w.org\/{rel}","templated":true}]}}