{"id":149912,"date":"2025-10-01T03:46:10","date_gmt":"2025-10-01T03:46:10","guid":{"rendered":"https:\/\/www.europesays.com\/es\/149912\/"},"modified":"2025-10-01T03:46:10","modified_gmt":"2025-10-01T03:46:10","slug":"el-plan-de-paz-de-trump-para-gaza-ignora-los-intereses-del-pueblo-palestino-le-dice-un-dirigente-de-hamas-a-la-bbc","status":"publish","type":"post","link":"https:\/\/www.europesays.com\/es\/149912\/","title":{"rendered":"El plan de paz de Trump para Gaza \u00abignora los intereses del pueblo palestino\u00bb, le dice un dirigente de Ham\u00e1s a la BBC"},"content":{"rendered":"<p><img fetchpriority=\"high\" decoding=\"async\" src=\"https:\/\/www.europesays.com\/es\/wp-content\/uploads\/2025\/10\/8b9e9c00-9e08-11f0-bc74-c938242ac6b1.jpg.webp.webp\"   alt=\"Humo y fuego se elevan desde un edificio bombardeado en Gaza. \" loading=\"eager\" width=\"1024\" height=\"576\" style=\"aspect-ratio:1024 \/ 576\" class=\"bbc-139onq\"\/><\/p>\n<p class=\"bbc-by8ykd\" role=\"text\">Fuente de la imagen, AFP via Getty Images<\/p>\n<p>Pie de foto, La guerra ha destruido gran parte de Gaza y los gazat\u00edes est\u00e1n \u00abdesesperados\u00bb por un alto el fuego. <strong id=\"article-byline\" aria-hidden=\"true\" class=\"bbc-m04vo2\">Informaci\u00f3n del art\u00edculo<\/strong><\/p>\n<ul class=\"bbc-1rvtlej\">\n<li class=\"bbc-oe8da4\">\n<ul role=\"list\" class=\"bbc-r1yif8\">\n<li>Autor, Rushdi Abualouf<\/li>\n<li>T\u00edtulo del autor,  Corresponsal de Gaza, desde Estambul, BBC News<\/li>\n<\/ul>\n<\/li>\n<li class=\"bbc-1clfxfc\">\n<p>3 horas<\/p>\n<\/li>\n<li class=\"bbc-1clfxfc\"\/><\/ul>\n<p dir=\"ltr\" class=\"bbc-hhl7in e17g058b0\"><b>Un alto cargo de Ham\u00e1s le dijo a la BBC que es probable que el grupo armado rechace el plan de paz de Donald Trump para Gaza presentado el lunes, porque \u00absirve a los intereses de Israel\u00bb e \u00abignora los del pueblo palestino\u00bb.<\/b><\/p>\n<p dir=\"ltr\" class=\"bbc-hhl7in e17g058b0\">Esta fuente indic\u00f3 que es improbable que Ham\u00e1s acepte desarmarse y entregar sus armas, una condici\u00f3n clave del plan de Trump.<\/p>\n<p dir=\"ltr\" class=\"bbc-hhl7in e17g058b0\">Tambi\u00e9n asegur\u00f3 que Ham\u00e1s no acepta el despliegue planteado por Trump de una Fuerza Internacional de Estabilizaci\u00f3n (ISF, por sus siglas en ingl\u00e9s) en Gaza, lo que considera una nueva forma de ocupaci\u00f3n.<\/p>\n<p dir=\"ltr\" class=\"bbc-hhl7in e17g058b0\">El primer ministro de Israel, Benjamin Netanyahu, acept\u00f3 el plan de Trump durante las conversaciones en la Casa Blanca el lunes. Ham\u00e1s a\u00fan no ha emitido una respuesta oficial.<\/p>\n<p><img decoding=\"async\" src=\"https:\/\/www.europesays.com\/es\/wp-content\/uploads\/2025\/10\/8cae14c0-9e4b-11f0-92db-77261a15b9d2.jpg.webp.webp\"   alt=\"Donald Trump (d) y Benjamin Netanyahu (i) alzan el pulgar a la entrada de la Casa Blanca. \" loading=\"lazy\" width=\"1024\" height=\"683\" style=\"aspect-ratio:1024 \/ 683\" class=\"bbc-139onq\"\/><\/p>\n<p class=\"bbc-by8ykd\" role=\"text\">Fuente de la imagen, Demetrius Freeman \/ Getty<\/p>\n<p>Pie de foto, Trump dijo que si Ham\u00e1s rechaza su plan apoyar\u00e1 que Israel haga \u00ablo que tenga que hacer en Gaza\u00bb. <\/p>\n<p dir=\"ltr\" class=\"bbc-hhl7in e17g058b0\">El ministro de Asuntos Exteriores de Qatar ha declarado que Ham\u00e1s est\u00e1 estudiando la propuesta de la Casa Blanca \u00abcon responsabilidad\u00bb.<\/p>\n<p dir=\"ltr\" class=\"bbc-hhl7in e17g058b0\">Un alto funcionario palestino con conocimiento de las conversaciones internas de Ham\u00e1s le dijo a la BBC que estas involucran a la dirigencia del grupo, tanto dentro como fuera de Gaza.<\/p>\n<p dir=\"ltr\" class=\"bbc-hhl7in e17g058b0\">Se cree que el comandante militar del grupo en el territorio, Ez al Din al Haddad, est\u00e1 decidido a seguir luchando en lugar de aceptar el plan ofrecido.<\/p>\n<p dir=\"ltr\" class=\"bbc-hhl7in e17g058b0\">Las figuras de Ham\u00e1s que se encuentran fuera de Gaza se han visto recientemente marginadas en las discusiones, ya que no tienen control directo sobre los rehenes israel\u00edes en poder del grupo armado.<\/p>\n<p>Las dudas de Ham\u00e1s<\/p>\n<p dir=\"ltr\" class=\"bbc-hhl7in e17g058b0\">Las conversaciones en curso dentro de Ham\u00e1s durar\u00e1n varios d\u00edas, seg\u00fan las fuentes consultadas, e incluyen a otras facciones palestinas. <\/p>\n<p dir=\"ltr\" class=\"bbc-hhl7in e17g058b0\">El grupo armado la Yihad Isl\u00e1mica Palestina (YIP), que particip\u00f3 en el ataque del 7 de octubre de 2023 y que previamente retuvo a algunos rehenes israel\u00edes, rechaz\u00f3 el plan de Trump el martes.<\/p>\n<p dir=\"ltr\" class=\"bbc-hhl7in e17g058b0\">Se cree que un punto cr\u00edtico del plan para Ham\u00e1s es el que les exige la entrega de todos los rehenes de una sola vez, lo que significar\u00eda que se quedar\u00edan sin su \u00fanica moneda de cambio.<\/p>\n<p dir=\"ltr\" class=\"bbc-hhl7in e17g058b0\">Incluso con el respaldo de Donald Trump al plan, el liderazgo de Ham\u00e1s no conf\u00eda en que Israel no reanude sus operaciones militares una vez que haya recibido a los rehenes, una desconfianza agravada despu\u00e9s de que el ej\u00e9rcito israel\u00ed intentara asesinar a la dirigencia de Ham\u00e1s en Doha a principios de este mes contra el criterio de Estados Unidos.<\/p>\n<p><img decoding=\"async\" src=\"https:\/\/www.europesays.com\/es\/wp-content\/uploads\/2025\/10\/1d82ff00-9e4d-11f0-92db-77261a15b9d2.jpg.webp.webp\"   alt=\"Un grupo de palestinos extiende las ollas que sujetan con la esperanza de recibir comida en un campo de refugiados en el centro de Gaza. \" loading=\"lazy\" width=\"1024\" height=\"682\" style=\"aspect-ratio:1024 \/ 682\" class=\"bbc-139onq\"\/><\/p>\n<p class=\"bbc-by8ykd\" role=\"text\">Fuente de la imagen, Moiz Salhi \/ Getty<\/p>\n<p>Pie de foto, Muchos palestinos aceptar\u00edan cualquier propuesta que ponga fin a la guerra y su sufrimiento. <\/p>\n<p dir=\"ltr\" class=\"bbc-hhl7in e17g058b0\">Adem\u00e1s, un mapa de Gaza compartido por el gobierno de Trump muestra lo que parece ser una zona de amortiguamiento planificada a lo largo de la frontera sur de la Franja con Egipto. No est\u00e1 claro c\u00f3mo se administrar\u00eda esto, pero si Israel est\u00e1 involucrado, tambi\u00e9n es probable que sea un punto de disputa.<\/p>\n<p dir=\"ltr\" class=\"bbc-hhl7in e17g058b0\">Por otro lado, desde que acept\u00f3 el plan el lunes por la noche, Netanyahu parece haber matizado que est\u00e9 de acuerdo con varios de los puntos. <\/p>\n<p dir=\"ltr\" class=\"bbc-hhl7in e17g058b0\">En un video compartido en X, insiste en que el ej\u00e9rcito israel\u00ed podr\u00eda permanecer en partes de Gaza y que Israel \u00abresistir\u00eda por la fuerza\u00bb un Estado palestino.<\/p>\n<p dir=\"ltr\" class=\"bbc-hhl7in e17g058b0\">Esto va en contra de los t\u00e9rminos del plan de Trump, que estipula la retirada completa de las fuerzas israel\u00edes y establece que, una vez que el plan est\u00e9 completo, podr\u00eda haber un \u00abcamino cre\u00edble hacia la autodeterminaci\u00f3n y la creaci\u00f3n de un Estado palestino\u00bb.<\/p>\n<p>La perspectiva de los gazat\u00edes<\/p>\n<p dir=\"ltr\" class=\"bbc-hhl7in e17g058b0\">Dentro de Gaza, los palestinos se mostraron en general a favor del plan, pero solo porque conducir\u00eda al fin de la guerra.<\/p>\n<p dir=\"ltr\" class=\"bbc-hhl7in e17g058b0\">Khadar Abu Kweik le dijo a la BBC: \u00abEl plan estadounidense tiene cl\u00e1usulas malas, pero lo apoyo porque detendr\u00e1 la guerra y nos librar\u00e1 de Ham\u00e1s. Incluso si el mism\u00edsimo diablo trajera un plan para acabar con este infierno en el que vivimos, lo apoyar\u00eda\u00bb.<\/p>\n<p dir=\"ltr\" class=\"bbc-hhl7in e17g058b0\">El periodista palestino Fathi Sabah coment\u00f3: \u00abUn rechazo de Ham\u00e1s, Dios no lo quiera, significar\u00eda darle a Netanyahu luz verde para continuar la guerra con respaldo estadounidense y occidental para destruir lo que queda de Gaza y la regi\u00f3n central\u00bb.<\/p>\n<p dir=\"ltr\" class=\"bbc-hhl7in e17g058b0\">\u00abLa gente de Gaza no puede soportarlo. Est\u00e1n devastados, exhaustos, desesperados y sin esperanza\u00bb, afirm\u00f3.<\/p>\n<p dir=\"ltr\" class=\"bbc-hhl7in e17g058b0\">\u00abQuieren un alto el fuego ahora mismo, no ma\u00f1ana, a cualquier precio, a pesar de que saben que el plan sirve a los intereses de Netanyahu, est\u00e1 lleno de trampas y no refleja sus aspiraciones\u00bb, a\u00f1adi\u00f3.<\/p>\n<p dir=\"ltr\" class=\"bbc-hhl7in e17g058b0\">El ej\u00e9rcito israel\u00ed lanz\u00f3 una campa\u00f1a en Gaza en respuesta al ataque liderado por Ham\u00e1s en el sur de Israel el 7 de octubre de 2023, en el que murieron alrededor de 1.200 personas y 251 fueron tomadas como rehenes.<\/p>\n<p dir=\"ltr\" class=\"bbc-hhl7in e17g058b0\">Al menos 66.097 personas han muerto en los ataques israel\u00edes en Gaza desde entonces, seg\u00fan el Ministerio de Salud gazat\u00ed.<\/p>\n<p dir=\"ltr\" class=\"bbc-hhl7in e17g058b0\">En agosto, un organismo respaldado por la ONU confirm\u00f3 que la hambruna est\u00e1 ocurriendo en Ciudad de Gaza.<\/p>\n<p dir=\"ltr\" class=\"bbc-hhl7in e17g058b0\">A principios de este mes, una comisi\u00f3n de investigaci\u00f3n de la ONU concluy\u00f3 que Israel ha cometido genocidio en Gaza. Israel lo niega tajantemente.<\/p>\n<p><img decoding=\"async\" src=\"https:\/\/www.europesays.com\/es\/wp-content\/uploads\/2025\/10\/ba099960-9e57-11f0-928c-71dbb8619e94.png.webp.webp\"   alt=\"&quot;&quot;\" loading=\"lazy\" width=\"800\" height=\"100\" style=\"aspect-ratio:800 \/ 100\" class=\"bbc-139onq\"\/><\/p>\n<p dir=\"ltr\" class=\"bbc-hhl7in e17g058b0\"><a href=\"https:\/\/www.bbc.com\/mundo\/send\/u184973209\" class=\"focusIndicatorReducedWidth bbc-n8oauk e1p3sufg0\" rel=\"nofollow noopener\" target=\"_blank\">Suscr\u00edbete aqu\u00ed<\/a> a nuestro nuevo newsletter para recibir cada viernes una selecci\u00f3n de nuestro mejor contenido de la semana.<\/p>\n<p dir=\"ltr\" class=\"bbc-hhl7in e17g058b0\">Y recuerda que puedes recibir notificaciones en nuestra app. Descarga la \u00faltima versi\u00f3n y act\u00edvalas.<\/p>\n","protected":false},"excerpt":{"rendered":"Fuente de la imagen, AFP via Getty Images Pie de foto, La guerra ha destruido gran parte de&hellip;\n","protected":false},"author":2,"featured_media":149913,"comment_status":"","ping_status":"","sticky":false,"template":"","format":"standard","meta":{"footnotes":""},"categories":[5],"tags":[17,18,25,24,13,14,11,19,20,9,10,15,16,23,12,21,22],"class_list":{"0":"post-149912","1":"post","2":"type-post","3":"status-publish","4":"format-standard","5":"has-post-thumbnail","7":"category-titulares","8":"tag-breaking-news","9":"tag-breakingnews","10":"tag-es","11":"tag-espana","12":"tag-featured-news","13":"tag-featurednews","14":"tag-headlines","15":"tag-latest-news","16":"tag-latestnews","17":"tag-news","18":"tag-noticias","19":"tag-noticias-destacadas","20":"tag-noticiasdestacadas","21":"tag-spain","22":"tag-titulares","23":"tag-ultimas-noticias","24":"tag-ultimasnoticias"},"share_on_mastodon":{"url":"","error":""},"_links":{"self":[{"href":"https:\/\/www.europesays.com\/es\/wp-json\/wp\/v2\/posts\/149912","targetHints":{"allow":["GET"]}}],"collection":[{"href":"https:\/\/www.europesays.com\/es\/wp-json\/wp\/v2\/posts"}],"about":[{"href":"https:\/\/www.europesays.com\/es\/wp-json\/wp\/v2\/types\/post"}],"author":[{"embeddable":true,"href":"https:\/\/www.europesays.com\/es\/wp-json\/wp\/v2\/users\/2"}],"replies":[{"embeddable":true,"href":"https:\/\/www.europesays.com\/es\/wp-json\/wp\/v2\/comments?post=149912"}],"version-history":[{"count":0,"href":"https:\/\/www.europesays.com\/es\/wp-json\/wp\/v2\/posts\/149912\/revisions"}],"wp:featuredmedia":[{"embeddable":true,"href":"https:\/\/www.europesays.com\/es\/wp-json\/wp\/v2\/media\/149913"}],"wp:attachment":[{"href":"https:\/\/www.europesays.com\/es\/wp-json\/wp\/v2\/media?parent=149912"}],"wp:term":[{"taxonomy":"category","embeddable":true,"href":"https:\/\/www.europesays.com\/es\/wp-json\/wp\/v2\/categories?post=149912"},{"taxonomy":"post_tag","embeddable":true,"href":"https:\/\/www.europesays.com\/es\/wp-json\/wp\/v2\/tags?post=149912"}],"curies":[{"name":"wp","href":"https:\/\/api.w.org\/{rel}","templated":true}]}}