{"id":149921,"date":"2025-10-01T03:56:10","date_gmt":"2025-10-01T03:56:10","guid":{"rendered":"https:\/\/www.europesays.com\/es\/149921\/"},"modified":"2025-10-01T03:56:10","modified_gmt":"2025-10-01T03:56:10","slug":"esta-casa-la-siento-como-mi-cueva","status":"publish","type":"post","link":"https:\/\/www.europesays.com\/es\/149921\/","title":{"rendered":"Esta casa la siento como mi cueva"},"content":{"rendered":"<p id=\"eSHOBqhubbe\" data-wc=\"134\">Damos la bienvenida a la \u00e9poca m\u00e1s introspectiva y rom\u00e1ntica del a\u00f1o: <strong>el oto\u00f1o<\/strong>. Con la ca\u00edda de las hojas volvemos a recogernos al interior de nuestros hogares en busca de calma y cobijo. Bien lo sabe nuestra embajadora de octubre <strong>Adriana Ugarte, que desde su nuevo chalet de El Escorial<\/strong>, <a class=\"hm-link ho-link\" href=\"https:\/\/www.hola.com\/actualidad\/20230129341871\/adriana-ugarte-vida-norte-amor-pelicula-lobo-feroz\/\" data-mrf-recirculation=\"article-body-link\" rel=\"nofollow noopener\" target=\"_blank\">y rodeada de sus perros y gatos, se regodea en esos placeres cotidianos que transcurren de puertas para dentro<\/a>: acurrucarse en torno a la chimenea, conversar hasta el resuello o una tarde de libro, sof\u00e1 y manta. \u00abEsta casa la siento como mi cueva y tiene que ser un lugar para sanar. Quer\u00eda una decoraci\u00f3n que me diera paz mental\u00bb, cuenta la actriz, ilusionada con varios proyectos que pronto ver\u00e1n la luz y su reciente fundaci\u00f3n para salvar a los gatos de T\u00e1nger.\u00a0<\/p>\n<p id=\"euDDerB8CT\" data-wc=\"91\">Este nuevo n\u00famero lo completan otros refugios igual de inspiradores en los que cualquiera querr\u00eda hibernar cuando el fr\u00edo y la lluvia tomen las calles. En Andorra,<strong>\u00a0<a class=\"hm-link ho-link\" href=\"https:\/\/www.hola.com\/decoracion\/20240402251807\/casa-vanesa-lorenzo-mc\/\" data-mrf-recirculation=\"article-body-link\" rel=\"nofollow noopener\" target=\"_blank\">la modelo Vanesa Lorenzo nos descubre la maravillosa propiedad en la que vive con Carles Puyol<\/a><\/strong> y sus hijas, Manuela y Mar\u00eda, emplazada en las lindes de un espectacular paisaje de alta monta\u00f1a, donde la top pone en pr\u00e1ctica la filosof\u00eda de vida consciente que le ha llevado a crear OMA, un proyecto de bienestar integral donde cuerpo, mente y alma no pueden disociarse.\u00a0<\/p>\n<p> <img src=\"https:\/\/www.europesays.com\/es\/wp-content\/uploads\/2025\/10\/e6f45719cf26-portadaliving71.jpg\"   width=\"790\" height=\"1024\" loading=\"lazy\" decoding=\"async\" alt=\"Adriana Ugarte en la nueva portada de Living\" fetchpriority=\"auto\" class=\"image ho-image\"\/>\u00a9 \u00a1HOLA! Living<\/p>\n<p id=\"eRQfkdKrDj\" data-wc=\"69\">De nuevo en las afueras de Madrid, la fundadora de una de las florister\u00edas m\u00e1s especiales de Espa\u00f1a, <strong>Elvira Gonz\u00e1lez de Aguilar<\/strong>, de Alfabia, nos abre las puertas de su residencia en La Granja de San Ildefonso, a la que escapa los fines de semana para desconectar del bullicio de la ciudad a favor de largos paseos, partidos de croquet, bridge y canasta con amigos y de sobremesas interminables.\u00a0<\/p>\n<p id=\"eCP4wdOSvw\" data-wc=\"98\">Esta vez en pleno coraz\u00f3n de la capital, <a class=\"hm-link ho-link\" href=\"https:\/\/www.hola.com\/cocina\/noticias\/20250724842111\/lucia-ruiz-lafita-recibir-en-casa-recetas\/\" data-mrf-recirculation=\"article-body-link\" rel=\"nofollow noopener\" target=\"_blank\">Luc\u00eda Ruiz Lafita nos muestra un apartamento afrancesado y se\u00f1orial<\/a> que parece detenido en el tiempo, el lugar donde la chef creci\u00f3 y tambi\u00e9n ide\u00f3 el negocio de comida a domicilio que la ha convertido en una de las \u00abreinas del catering\u00bb de nuestro pa\u00eds. Y en el sur de Francia G\u00e9rard Bertrand, el \u00abrey del vino\u00bb de esta regi\u00f3n, nos recibe en la finca rodeada de vi\u00f1edos donde disfruta del tiempo libre con su familia y presume de trabajar mano a mano con la naturaleza y no contra ella.\u00a0<\/p>\n<p> <img src=\"https:\/\/www.europesays.com\/es\/wp-content\/uploads\/2025\/10\/1743b40c4792-040925holalivingadrianaugarte7520.jpg\"   width=\"1080\" height=\"1800\" loading=\"lazy\" decoding=\"async\" alt=\"Adriana Ugarte posando con su gato en su casa\" fetchpriority=\"auto\" class=\"image ho-image\"\/>\u00a9 Esi Seilern<\/p>\n<p id=\"er1mlDtqTH\" data-wc=\"56\">El broche a este mes te\u00f1ido de ocres, amarillos y rojizos lo ponen nuestras secciones habituales: <strong>Jane Austen\u00a0<\/strong>protagoniza nuestro personaje living del mes, <strong>Elena Cu\u00e9\u00a0<\/strong>nos acerca al enigm\u00e1tico artista Man Ray, <strong>Johanna von M\u00fcller-Klingspor<\/strong> nos transporta a Caracas y Chicago, y <strong>Alejandra de Rojas<\/strong> regresa con sus p\u00e1ginas llenas de encanto y trucos personales.<\/p>\n","protected":false},"excerpt":{"rendered":"Damos la bienvenida a la \u00e9poca m\u00e1s introspectiva y rom\u00e1ntica del a\u00f1o: el oto\u00f1o. Con la ca\u00edda de&hellip;\n","protected":false},"author":2,"featured_media":149922,"comment_status":"","ping_status":"","sticky":false,"template":"","format":"standard","meta":{"footnotes":""},"categories":[174],"tags":[26435,45636,255,146,147,25,24,256,23],"class_list":{"0":"post-149921","1":"post","2":"type-post","3":"status-publish","4":"format-standard","5":"has-post-thumbnail","7":"category-famosos","8":"tag-hola-living","9":"tag-adriana-ugarte","10":"tag-celebrities","11":"tag-entertainment","12":"tag-entretenimiento","13":"tag-es","14":"tag-espana","15":"tag-famosos","16":"tag-spain"},"share_on_mastodon":{"url":"","error":""},"_links":{"self":[{"href":"https:\/\/www.europesays.com\/es\/wp-json\/wp\/v2\/posts\/149921","targetHints":{"allow":["GET"]}}],"collection":[{"href":"https:\/\/www.europesays.com\/es\/wp-json\/wp\/v2\/posts"}],"about":[{"href":"https:\/\/www.europesays.com\/es\/wp-json\/wp\/v2\/types\/post"}],"author":[{"embeddable":true,"href":"https:\/\/www.europesays.com\/es\/wp-json\/wp\/v2\/users\/2"}],"replies":[{"embeddable":true,"href":"https:\/\/www.europesays.com\/es\/wp-json\/wp\/v2\/comments?post=149921"}],"version-history":[{"count":0,"href":"https:\/\/www.europesays.com\/es\/wp-json\/wp\/v2\/posts\/149921\/revisions"}],"wp:featuredmedia":[{"embeddable":true,"href":"https:\/\/www.europesays.com\/es\/wp-json\/wp\/v2\/media\/149922"}],"wp:attachment":[{"href":"https:\/\/www.europesays.com\/es\/wp-json\/wp\/v2\/media?parent=149921"}],"wp:term":[{"taxonomy":"category","embeddable":true,"href":"https:\/\/www.europesays.com\/es\/wp-json\/wp\/v2\/categories?post=149921"},{"taxonomy":"post_tag","embeddable":true,"href":"https:\/\/www.europesays.com\/es\/wp-json\/wp\/v2\/tags?post=149921"}],"curies":[{"name":"wp","href":"https:\/\/api.w.org\/{rel}","templated":true}]}}