{"id":149936,"date":"2025-10-01T04:07:07","date_gmt":"2025-10-01T04:07:07","guid":{"rendered":"https:\/\/www.europesays.com\/es\/149936\/"},"modified":"2025-10-01T04:07:07","modified_gmt":"2025-10-01T04:07:07","slug":"guerra-ucrania-dinamarca-blinda-la-cumbre-europea-de-copenhague-frente-la-amenaza-rusa-internacional","status":"publish","type":"post","link":"https:\/\/www.europesays.com\/es\/149936\/","title":{"rendered":"Guerra Ucrania : Dinamarca blinda la cumbre europea de Copenhague frente la amenaza rusa | Internacional"},"content":{"rendered":"<p class=\"\">Rusia condiciona la agenda europea y tambi\u00e9n los preparativos de las grandes cumbres comunitarias. Dinamarca, en plena crisis de seguridad por un grave incidente debido a <a href=\"https:\/\/elpais.com\/internacional\/2025-09-25\/dinamarca-califica-de-ataque-hibrido-sistematico-el-vuelo-de-drones-sobre-sus-aeropuertos.html\" target=\"_self\" rel=\"nofollow noopener\" title=\"https:\/\/elpais.com\/internacional\/2025-09-25\/dinamarca-califica-de-ataque-hibrido-sistematico-el-vuelo-de-drones-sobre-sus-aeropuertos.html\">la incursi\u00f3n de drones<\/a> que oblig\u00f3 a cerrar seis de sus aeropuertos, acoge este mi\u00e9rcoles y jueves dos cumbres europeas acorazadas frente a la amenaza del Kremlin. Para tratar de prevenir incidentes en espacio europeo, varios pa\u00edses (Francia, Alemania, Suecia y Pa\u00edses Bajos) han enviado refuerzos militares desconocidos en otras citas de este rango. <\/p>\n<p class=\"\">Las reuniones de alto nivel, que estar\u00e1n adem\u00e1s centradas en la defensa europea y en c\u00f3mo mantener el sost\u00e9n a Ucrania, llegan en pleno aumento de los ataques h\u00edbridos de Mosc\u00fa tras <a href=\"https:\/\/elpais.com\/internacional\/2025-09-13\/rumania-y-polonia-detectan-la-presencia-de-drones-rusos-en-sus-espacios-aereos.html\" target=\"_self\" rel=\"nofollow noopener\" title=\"https:\/\/elpais.com\/internacional\/2025-09-13\/rumania-y-polonia-detectan-la-presencia-de-drones-rusos-en-sus-espacios-aereos.html\">la incursi\u00f3n de drones en el espacio a\u00e9reo de Polonia y Rumania<\/a>, y de cazas militares <a href=\"https:\/\/elpais.com\/internacional\/2025-09-19\/estonia-acusa-a-rusia-de-violar-su-espacio-aereo-con-tres-cazas.html\" target=\"_self\" rel=\"nofollow noopener\" title=\"https:\/\/elpais.com\/internacional\/2025-09-19\/estonia-acusa-a-rusia-de-violar-su-espacio-aereo-con-tres-cazas.html\">en Estonia<\/a>. En un contexto cada vez m\u00e1s caliente tras lo ocurrido, los l\u00edderes de la UE debatir\u00e1n una serie de proyectos emblem\u00e1ticos de defensa, incluido un muro antidrones y un escudo de defensa a\u00e9rea.<\/p>\n<p class=\"\">Las autoridades danesas a\u00fan investigan qui\u00e9n est\u00e1 detr\u00e1s de los incidentes con grandes drones que mantuvieron inutilizado, por ejemplo, el aeropuerto de la capital. Los investigadores apuntan a un \u201cactor profesional\u201d. La primera ministra danesa, Mette Frederiksen, ha ido m\u00e1s lejos y <a href=\"https:\/\/elpais.com\/internacional\/2025-09-23\/dinamarca-califica-el-vuelo-de-drones-sobre-el-aeropuerto-de-copenhague-como-el-ataque-mas-grave-contra-la-infraestructura-critica-danesa.html\" target=\"_self\" rel=\"nofollow noopener\" title=\"https:\/\/elpais.com\/internacional\/2025-09-23\/dinamarca-califica-el-vuelo-de-drones-sobre-el-aeropuerto-de-copenhague-como-el-ataque-mas-grave-contra-la-infraestructura-critica-danesa.html\">ha apuntado directamente a la pista rusa<\/a>. Ese, ha incidido la mandataria, es \u201cel principal pa\u00eds que representa una amenaza para la seguridad europea\u201d. \u201c[El presidente ruso Vlad\u00edmir] Putin quiere dividirnos. Har\u00e9 todo lo posible para que nunca lo consiga\u201d, ha dicho en un mensaje en las redes sociales Frederiksen, una de las l\u00edderes europeas m\u00e1s activas contra el aut\u00f3crata ruso.<\/p>\n<p class=\"\">La UE y la OTAN se ha puesto en guardia ante las agresiones h\u00edbridas del Kremlin. Francia, Alemania, Suecia y Pa\u00edses Bajos, aliados de la organizaci\u00f3n militar como Dinamarca, han enviado refuerzos militares, radares y sistemas antidrones y antia\u00e9reos a Copenhague. Mientras, la Alianza Atl\u00e1ntica ha desplegado la fragata alemana Hamburg. El objetivo es blindar las cumbres, a las que se espera que asistan los jefes de Estado y de Gobierno de la UE el mi\u00e9rcoles, y de otros pa\u00edses europeos, como Ucrania o Moldavia, en la reuni\u00f3n semestral de la Comunidad Pol\u00edtica Europea el jueves. <\/p>\n<p class=\"\">La operaci\u00f3n de apoyo militar a Dinamarca, in\u00e9dita para una cumbre europea, se extender\u00e1 m\u00e1s all\u00e1 del final de las reuniones, en un momento particularmente sensible para los aliados que m\u00e1s apoyo han prestado al pa\u00eds invadido por Rusia. Como Dinamarca, que ha prometido cazas a Kiev. El pa\u00eds n\u00f3rdico, que vive su mayor crisis de seguridad, ha prohibido, adem\u00e1s, el vuelo de todos los drones civiles durante cinco d\u00edas, incluidos aquellos que se usan para topograf\u00eda. <\/p>\n<p class=\"\">Los Veintisiete se re\u00fanen en Copenhague en un momento clave para la seguridad del continente, cuando Rusia ha aumentado <a href=\"https:\/\/elpais.com\/internacional\/2025-09-28\/rusia-redobla-las-injerencias-y-sabotajes-para-dividir-a-europa.html\" target=\"_self\" rel=\"nofollow noopener\" title=\"https:\/\/elpais.com\/internacional\/2025-09-28\/rusia-redobla-las-injerencias-y-sabotajes-para-dividir-a-europa.html\">sus ataques de guerra h\u00edbrida<\/a>; como las incursiones de drones y cazas militares, los sabotajes y las operaciones de propaganda e interferencia pol\u00edtica.<\/p>\n<p class=\"\">La UE se ha fijado como meta para 2030 reforzar su defensa y su seguridad, impulsar la industria europea y tratar de avanzar hacia un espacio com\u00fan con la creaci\u00f3n de grandes proyectos europeos. La idea hab\u00eda sido apostar por elementos \u201cpaneuropeos\u201d que refuercen todos los flancos del club comunitario y \u201cprotejan a Europa en su conjunto\u201d contra amenazas apremiantes. Pero la asertividad del Kremlin hace que la urgencia se note m\u00e1s en los pa\u00edses del Este y en los B\u00e1lticos, que presionan para que se lancen lo antes posible, y con dinero comunitario, el llamado \u201c<a href=\"https:\/\/elpais.com\/internacional\/2025-09-15\/europa-disena-un-muro-de-drones-para-blindarse-frente-a-rusia.html\" target=\"_self\" rel=\"nofollow noopener\" title=\"https:\/\/elpais.com\/internacional\/2025-09-15\/europa-disena-un-muro-de-drones-para-blindarse-frente-a-rusia.html\">muro de drones<\/a>\u201d, para tratar de blindarse frente a las aeronaves rusas, y un proyecto de vigilancia especial del flanco este.<\/p>\n<p class=\"\">\u201cA la luz de la continua agresi\u00f3n militar contra Ucrania y el reciente aumento de las violaciones del espacio a\u00e9reo de los Estados miembros, dos proyectos emblem\u00e1ticos \u2014el muro europeo de drones y la vigilancia del flanco oriental\u2014 requieren especial urgencia y deben avanzar con rapidez\u201d, apunta un documento de la Comisi\u00f3n Europea enviado a los 27 Estados miembros de la UE para su debate este mi\u00e9rcoles.<\/p>\n<p class=\"\">Tambi\u00e9n es un momento sustancial para Ucrania, con la guerra lanzada por Rusia camino de su cuarto aniversario y con cada vez m\u00e1s se\u00f1ales de que EE UU se est\u00e1 desentendiendo del apoyo a Kiev y dejar\u00e1 a Europa <a href=\"https:\/\/elpais.com\/internacional\/2025-09-26\/europa-asume-que-pagara-la-factura-de-la-guerra-contra-ucrania-tras-el-nuevo-giro-de-trump.html\" target=\"_self\" rel=\"nofollow noopener\" title=\"https:\/\/elpais.com\/internacional\/2025-09-26\/europa-asume-que-pagara-la-factura-de-la-guerra-contra-ucrania-tras-el-nuevo-giro-de-trump.html\">con la factura y el sost\u00e9n a Ucrania<\/a>. Con esa realidad cada vez m\u00e1s pr\u00f3xima, la UE busca f\u00f3rmulas para seguir enviando dinero a Kiev, algo que es cada vez m\u00e1s dif\u00edcil en un contexto de presupuestos ajustados y con el bloqueo de Hungr\u00eda a nuevos salvavidas financieros. <\/p>\n<p class=\"\">As\u00ed, la Comisi\u00f3n ha puesto sobre la mesa de los l\u00edderes <a href=\"https:\/\/elpais.com\/internacional\/2025-09-26\/bruselas-propone-por-primera-vez-dar-un-prestamo-a-ucrania-con-los-activos-rusos-congelados-en-europa.html\" target=\"_self\" rel=\"nofollow noopener\" title=\"https:\/\/elpais.com\/internacional\/2025-09-26\/bruselas-propone-por-primera-vez-dar-un-prestamo-a-ucrania-con-los-activos-rusos-congelados-en-europa.html\">una controvertida propuesta<\/a> para entregar a Ucrania 140.000 millones de euros de los activos rusos congelados en el club comunitario por las sanciones. Un fondo que tomar\u00eda la forma de pr\u00e9stamos sin intereses \u2014se ha denominado \u201cpr\u00e9stamos de reparaci\u00f3n\u201d\u2014 que solo tendr\u00eda que empezar a devolverse si Mosc\u00fa pagase por el coste de su guerra. Con voces como la del canciller alem\u00e1n, Friedrich Merz, que reclaman que ese fondo sea para que Ucrania compre armas, la reuni\u00f3n de Copenhague puede dar un impulso a la idea que volver\u00e1 previsiblemente a la mesa de los l\u00edderes en la cumbre de octubre.<\/p>\n","protected":false},"excerpt":{"rendered":"Rusia condiciona la agenda europea y tambi\u00e9n los preparativos de las grandes cumbres comunitarias. Dinamarca, en plena crisis&hellip;\n","protected":false},"author":2,"featured_media":149937,"comment_status":"","ping_status":"","sticky":false,"template":"","format":"standard","meta":{"footnotes":""},"categories":[42],"tags":[17960,8738,17,18,70,71,72,2496,8232,700,13,14,69,7082,11,61,62,63,64,19,20,9,10,15,16,1613,1614,12,7081,21,22,1617,65,66,67],"class_list":{"0":"post-149936","1":"post","2":"type-post","3":"status-publish","4":"format-standard","5":"has-post-thumbnail","7":"category-internacional","8":"tag-ataques-informaticos","9":"tag-ataques-militares","10":"tag-breaking-news","11":"tag-breakingnews","12":"tag-conflictos","13":"tag-conflictos-armados","14":"tag-conflictos-internacionales","15":"tag-dinamarca","16":"tag-drones","17":"tag-europa","18":"tag-featured-news","19":"tag-featurednews","20":"tag-guerra","21":"tag-guerra-de-rusia-en-ucrania","22":"tag-headlines","23":"tag-internacional","24":"tag-international","25":"tag-international-news","26":"tag-internationalnews","27":"tag-latest-news","28":"tag-latestnews","29":"tag-news","30":"tag-noticias","31":"tag-noticias-destacadas","32":"tag-noticiasdestacadas","33":"tag-otan","34":"tag-rusia","35":"tag-titulares","36":"tag-ucrania","37":"tag-ultimas-noticias","38":"tag-ultimasnoticias","39":"tag-union-europea","40":"tag-world","41":"tag-world-news","42":"tag-worldnews"},"share_on_mastodon":{"url":"","error":""},"_links":{"self":[{"href":"https:\/\/www.europesays.com\/es\/wp-json\/wp\/v2\/posts\/149936","targetHints":{"allow":["GET"]}}],"collection":[{"href":"https:\/\/www.europesays.com\/es\/wp-json\/wp\/v2\/posts"}],"about":[{"href":"https:\/\/www.europesays.com\/es\/wp-json\/wp\/v2\/types\/post"}],"author":[{"embeddable":true,"href":"https:\/\/www.europesays.com\/es\/wp-json\/wp\/v2\/users\/2"}],"replies":[{"embeddable":true,"href":"https:\/\/www.europesays.com\/es\/wp-json\/wp\/v2\/comments?post=149936"}],"version-history":[{"count":0,"href":"https:\/\/www.europesays.com\/es\/wp-json\/wp\/v2\/posts\/149936\/revisions"}],"wp:featuredmedia":[{"embeddable":true,"href":"https:\/\/www.europesays.com\/es\/wp-json\/wp\/v2\/media\/149937"}],"wp:attachment":[{"href":"https:\/\/www.europesays.com\/es\/wp-json\/wp\/v2\/media?parent=149936"}],"wp:term":[{"taxonomy":"category","embeddable":true,"href":"https:\/\/www.europesays.com\/es\/wp-json\/wp\/v2\/categories?post=149936"},{"taxonomy":"post_tag","embeddable":true,"href":"https:\/\/www.europesays.com\/es\/wp-json\/wp\/v2\/tags?post=149936"}],"curies":[{"name":"wp","href":"https:\/\/api.w.org\/{rel}","templated":true}]}}