{"id":149940,"date":"2025-10-01T04:11:07","date_gmt":"2025-10-01T04:11:07","guid":{"rendered":"https:\/\/www.europesays.com\/es\/149940\/"},"modified":"2025-10-01T04:11:07","modified_gmt":"2025-10-01T04:11:07","slug":"toros-en-las-ventas-de-madrid-por-la-feria-de-otono-cartel-por-dias-horarios-y-donde-ver-gratis-las-corridas-en-television-y-online","status":"publish","type":"post","link":"https:\/\/www.europesays.com\/es\/149940\/","title":{"rendered":"Toros en las Ventas de Madrid por la Feria de Oto\u00f1o, cartel por d\u00edas, horarios y d\u00f3nde ver gratis las corridas en televisi\u00f3n y online"},"content":{"rendered":"<p>01\/10\/2025<br \/>\n<br \/><strong><br \/>\nActualizado a las 06:03h.<br \/>\n<\/strong><\/p>\n<p class=\"voc-p\" style=\"\">Con los primeros d\u00edas de oto\u00f1o, Madrid se prepara para uno de sus rituales m\u00e1s intensos y tradicionales. La Feria de Oto\u00f1o 2025 vuelve a la Plaza de Toros de Las Ventas para cerrar la temporada taurina por todo lo alto. Durante dos semanas, la capital ser\u00e1 punto de encuentro de los mejores toreros del momento,<strong> ganader\u00edas de prestigio y una afici\u00f3n que no entiende de modas ni pol\u00e9micas: la que vibra con el toro en su versi\u00f3n m\u00e1s pura.<\/strong><\/p>\n<p class=\"voc-p\" style=\"\">No es una feria m\u00e1s. Es el \u00faltimo gran ciclo del a\u00f1o en la primera plaza del mundo, y <strong>cada temporada se consolida como el escenario en el que las figuras buscan ratificar su temporada y los nuevos nombres<\/strong>, dar un golpe sobre la mesa antes de que caiga el tel\u00f3n.<\/p>\n<p>\nUna feria breve, pero intensa: fechas\n<\/p>\n<p class=\"voc-p\" style=\"\">La edici\u00f3n de este a\u00f1o <strong>se celebrar\u00e1 entre el 28 de septiembre y el 12 de octubre<\/strong>, con corridas principalmente durante los fines de semana, y con la ya tradicional corrida del D\u00eda de la Hispanidad como cierre de lujo. Todos los festejos <strong>dar\u00e1n comienzo a las 18:00 horas, en la imponente plaza ubicada en la Calle Alcal\u00e1 237.<\/strong><\/p>\n<p class=\"voc-p\" style=\"\">En esos d\u00edas, <strong>Las Ventas se convierte en un term\u00f3metro de la temporada y en un escenario de exigencia m\u00e1xima.<\/strong> No hay margen para la complacencia: aqu\u00ed se viene a triunfar\u2026 o a rendir cuentas ante el p\u00fablico m\u00e1s duro del mundo.<\/p>\n<p>\nUn cartel para los entendidos\n<\/p>\n<p class=\"voc-p\" style=\"\">Como es habitual, el elenco estar\u00e1 integrado por los triunfadores de San Isidro, toreros que han abierto la Puerta Grande durante la temporada o que han demostrado regularidad en otras plazas de primera. Tambi\u00e9n se espera la presencia de figuras consolidadas y j\u00f3venes revelaciones, en un equilibrio que caracteriza a esta feria desde hace d\u00e9cadas.<\/p>\n<ul class=\"oc-d-c-list__list\">\n<li class=\"voc-d-c-list__item\">\n<p class=\"voc-d-c-list__paragraph\">Jueves 2 de octubre. 18:00h. Novillos de Antonio L\u00f3pez Gibaja para Sergio S\u00e1nchez, Emiliano Osornio e Ignacio Candelas.<\/p>\n<\/li>\n<li class=\"voc-d-c-list__item\">\n<p class=\"voc-d-c-list__paragraph\">Viernes 3 de octubre. 18:00h. Toros de Victoriano del R\u00edo y Toros de Cort\u00e9s para Emilio de Justo, Borja Jim\u00e9nez y Tom\u00e1s Rufo.<\/p>\n<\/li>\n<li class=\"voc-d-c-list__item\">\n<p class=\"voc-d-c-list__paragraph\">S\u00e1bado 4 de octubre. 18:00h. Toros de Domingo Hern\u00e1ndez para Talavante, Pablo Aguado y Jarocho (confirmaci\u00f3n de alternativa).<\/p>\n<\/li>\n<li class=\"voc-d-c-list__item\">\n<p class=\"voc-d-c-list__paragraph\">Domingo 5 de octubre. 18:00h. Toros de Fuente Ymbro, Puerto de San Lorenzo y La Ventana del Puerto para Uceda Leal, Fortes y V\u00edctor Hern\u00e1ndez.<\/p>\n<\/li>\n<li class=\"voc-d-c-list__item\">\n<p class=\"voc-d-c-list__paragraph\">Jueves 9 de octubre. 18:00h. Gran final del certamen sin picadores &#8216;Camino hacia Las Ventas&#8217;.<\/p>\n<\/li>\n<li class=\"voc-d-c-list__item\">\n<p class=\"voc-d-c-list__paragraph\">Viernes 10 de octubre. 18:00h. Novillos de Fuente Ymbro para Bruno Aloi, El Mene y Pedro Luis.<\/p>\n<\/li>\n<li class=\"voc-d-c-list__item\">\n<p class=\"voc-d-c-list__paragraph\">S\u00e1bado 11 de octubre. 18:00h. Toros de Victorino Mart\u00edn para David Galv\u00e1n, Rom\u00e1n y Gin\u00e9s Mar\u00edn.<\/p>\n<\/li>\n<li class=\"voc-d-c-list__item\">\n<p class=\"voc-d-c-list__paragraph\">Domingo 12 de octubre. 12:00h. Fuera de abono. Festival ben\u00e9fico pro monumento Anto\u00f1ete. Reses de diferentes ganader\u00edas para Pablo Hermoso de Mendoza, Curro V\u00e1zquez, C\u00e9sar Rinc\u00f3n, Enrique Ponce, Julio Aparicio, Morante y Olga Casado.<\/p>\n<\/li>\n<li class=\"voc-d-c-list__item\">\n<p class=\"voc-d-c-list__paragraph\">Domingo 12 de octubre. 18:00h. Toros de Garcigrande para Morante, Fernando Roble\u00f1o (despedida) y Sergio Rodr\u00edguez (confirmaci\u00f3n de alternativa).<\/p>\n<\/li>\n<\/ul>\n<p class=\"voc-p\" style=\"\">Pero la Feria de Oto\u00f1o es mucho m\u00e1s que nombres. Es, sobre todo, un espacio donde el toro recupera protagonismo. Por eso, la programaci\u00f3n incluye tambi\u00e9n algunos de los eventos m\u00e1s esperados por los aficionados m\u00e1s exigentes: los desaf\u00edos ganaderos y la corrida concurso.<\/p>\n<p>\nLa bravura como espect\u00e1culo\n<\/p>\n<p class=\"voc-p\" style=\"\">Durante los domingos de septiembre, Las Ventas acoge estos desaf\u00edos en los que se enfrentan toreros a toros de diferentes encastes en una misma tarde. Aqu\u00ed no importa tanto el cartel como la diversidad y el comportamiento del toro de lidia. Se trata de festejos que apelan a la esencia m\u00e1s pura del toreo, con aficionados que acuden no solo a ver triunfos, sino a ver toros en toda su expresi\u00f3n.<\/p>\n<p class=\"voc-p\" style=\"\">La Corrida Concurso de Ganader\u00edas, en cambio, premia la bravura. Distintas ganader\u00edas compiten por mostrar el toro m\u00e1s completo en fuerza, casta, movilidad y entrega. Es un tipo de festejo con mucha tradici\u00f3n en Francia y que en Las Ventas ha encontrado tambi\u00e9n su espacio. Para los puristas, estas citas son imperdibles.<\/p>\n<p>\nVer los toros: opciones por televisi\u00f3n y online\n<\/p>\n<p class=\"voc-p\" style=\"\">Si no puedes asistir en persona a Las Ventas, no te preocupes: varias de las corridas de la Feria de Oto\u00f1o 2025 podr\u00e1n seguirse gratis por televisi\u00f3n o en internet.<\/p>\n<p class=\"voc-p\" style=\"\">El canal de pago <strong>Toros de Movistar Plus+<\/strong> retransmitir\u00e1 todo el ciclo en directo, como es habitual. Pero adem\u00e1s, <strong>Telemadrid<\/strong>, la televisi\u00f3n auton\u00f3mica, podr\u00eda ofrecer algunos festejos en abierto, especialmente los m\u00e1s representativos, como los desaf\u00edos ganaderos o la corrida del 12 de octubre. Y <strong>ABC.es tambi\u00e9n contar\u00e1 con su directo.<\/strong><\/p>\n<p>\nUna cita con historia\n<\/p>\n<p class=\"voc-p\" style=\"\"><strong>La Feria de Oto\u00f1o no es un invento reciente. Aunque su primera edici\u00f3n se remonta a 1962, fue a partir de 1981 cuando se consolid\u00f3 como un ciclo regular<\/strong> y esperado por los aficionados. Hoy, junto a la Feria de San Isidro, forma parte del alma taurina de Madrid, atrayendo a miles de espectadores no solo de la ciudad, sino de toda Espa\u00f1a y del sur de Francia.<\/p>\n<p class=\"voc-p\" style=\"\">No es extra\u00f1o ver, durante estas tardes oto\u00f1ales, a grupos de aficionados extranjeros mezclados entre los abonados de siempre, compartiendo comentarios y expectativas antes de sonar el primer clar\u00edn. Pero tambi\u00e9n es un momento para que el toro tenga su sitio, para que la liturgia y la emoci\u00f3n vuelvan a escena antes del par\u00f3n invernal. <strong>En Las Ventas, cada tarde cuenta. Y en oto\u00f1o, quiz\u00e1s, un poco m\u00e1s.<\/strong><\/p>\n<p>Reportar un error<\/p>\n","protected":false},"excerpt":{"rendered":"01\/10\/2025 Actualizado a las 06:03h. Con los primeros d\u00edas de oto\u00f1o, Madrid se prepara para uno de sus&hellip;\n","protected":false},"author":2,"featured_media":149941,"comment_status":"","ping_status":"","sticky":false,"template":"","format":"standard","meta":{"footnotes":""},"categories":[277],"tags":[373,4398,1353,168,960,25,24,599,126,4074,205,133,12190,23,167,807,374,444,7147,809],"class_list":{"0":"post-149940","1":"post","2":"type-post","3":"status-publish","4":"format-standard","5":"has-post-thumbnail","7":"category-toreo","8":"tag-bullfighting","9":"tag-cartel","10":"tag-corridas","11":"tag-deportes","12":"tag-dias","13":"tag-es","14":"tag-espana","15":"tag-feria","16":"tag-gratis","17":"tag-horarios","18":"tag-madrid","19":"tag-online","20":"tag-otono","21":"tag-spain","22":"tag-sports","23":"tag-television","24":"tag-toreo","25":"tag-toros","26":"tag-ventas","27":"tag-ver"},"share_on_mastodon":{"url":"","error":""},"_links":{"self":[{"href":"https:\/\/www.europesays.com\/es\/wp-json\/wp\/v2\/posts\/149940","targetHints":{"allow":["GET"]}}],"collection":[{"href":"https:\/\/www.europesays.com\/es\/wp-json\/wp\/v2\/posts"}],"about":[{"href":"https:\/\/www.europesays.com\/es\/wp-json\/wp\/v2\/types\/post"}],"author":[{"embeddable":true,"href":"https:\/\/www.europesays.com\/es\/wp-json\/wp\/v2\/users\/2"}],"replies":[{"embeddable":true,"href":"https:\/\/www.europesays.com\/es\/wp-json\/wp\/v2\/comments?post=149940"}],"version-history":[{"count":0,"href":"https:\/\/www.europesays.com\/es\/wp-json\/wp\/v2\/posts\/149940\/revisions"}],"wp:featuredmedia":[{"embeddable":true,"href":"https:\/\/www.europesays.com\/es\/wp-json\/wp\/v2\/media\/149941"}],"wp:attachment":[{"href":"https:\/\/www.europesays.com\/es\/wp-json\/wp\/v2\/media?parent=149940"}],"wp:term":[{"taxonomy":"category","embeddable":true,"href":"https:\/\/www.europesays.com\/es\/wp-json\/wp\/v2\/categories?post=149940"},{"taxonomy":"post_tag","embeddable":true,"href":"https:\/\/www.europesays.com\/es\/wp-json\/wp\/v2\/tags?post=149940"}],"curies":[{"name":"wp","href":"https:\/\/api.w.org\/{rel}","templated":true}]}}