{"id":149942,"date":"2025-10-01T04:16:09","date_gmt":"2025-10-01T04:16:09","guid":{"rendered":"https:\/\/www.europesays.com\/es\/149942\/"},"modified":"2025-10-01T04:16:09","modified_gmt":"2025-10-01T04:16:09","slug":"que-posibilidades-tiene-max-verstappen-de-ganar-el-gp-de-singapur","status":"publish","type":"post","link":"https:\/\/www.europesays.com\/es\/149942\/","title":{"rendered":"\u00bfQu\u00e9 posibilidades tiene Max Verstappen de ganar el GP de Singapur?"},"content":{"rendered":"<p class=\"gt-block\">\u00ab\u00a0Un pueblo de galos indomables a\u00fan resiste al invasor. \u00a1Por Tutatis! \u00bb exclamar\u00eda el guionista franc\u00e9s Goscinny. Aqu\u00ed, ni galos ni aldea, sino m\u00e1s bien un circuito de <a href=\"https:\/\/es.autohebdo.fr\/noticias\/f1\" data-internallinksmanager029f6b8e52c=\"1\" title=\"F1\" rel=\"nofollow noopener\" target=\"_blank\">f\u00f3rmula 1<\/a> \u00bfQui\u00e9n todav\u00eda resiste al feroz <a href=\"https:\/\/es.autohebdo.fr\/pilote\/f1\/m%C3%A1ximo\" data-internallinksmanager029f6b8e52c=\"2\" title=\"Max Verstappen\" rel=\"nofollow noopener\" target=\"_blank\">Max Verstappen<\/a> El circuito de Marina Bay en Singapur. Desde que Max Verstappen consigui\u00f3 dos victorias consecutivas en la categor\u00eda reina en Monza (Italia) y Bak\u00fa (Azerbaiy\u00e1n) \u2014tres si contamos su victoria en GT3 en el Nordschleife\u2014, la lucha por el t\u00edtulo mundial ha estado en plena ebullici\u00f3n. En su b\u00fasqueda de un quinto t\u00edtulo, \u00bfcu\u00e1les son las posibilidades reales de Max Verstappen de alzarse con el primer puesto en el GP de Singapur?<\/p>\n<p class=\"gt-block\">Es una distinci\u00f3n que siempre le ha eludido al vigente campe\u00f3n. El holand\u00e9s no ha conseguido ni una pole position ni una victoria en Marina Bay, y solo ha liderado tres vueltas en 2018. En ocho participaciones en el circuito de la ciudad-estado, el hijo de Jos Verstappen ha sumado 79 puntos. El a\u00f1o pasado, logr\u00f3 su mejor actuaci\u00f3n en el circuito, terminando en segundo lugar&#8230; a casi 20 segundos del ganador. <a href=\"https:\/\/es.autohebdo.fr\/pilote\/f1\/lando-norris\" data-internallinksmanager029f6b8e52c=\"11\" title=\"Lando norris\" rel=\"nofollow noopener\" target=\"_blank\">Lando norris<\/a>.<\/p>\n<p>\u00bfMax Verstappen se dirige hacia su tercera victoria consecutiva en Singapur?<\/p>\n<p class=\"gt-block\">M\u00e1s recientemente, el piloto <a href=\"https:\/\/es.autohebdo.fr\/noticias\/estable\/carreras-de-toros-rojos\" data-internallinksmanager029f6b8e52c=\"78\" title=\"Equipo Red Bull Racing F1\" rel=\"nofollow noopener\" target=\"_blank\">Red Bull<\/a> Sin embargo, logr\u00f3 sus dos victorias con el RB21 en configuraciones de baja carga aerodin\u00e1mica. Si bien el cuatro veces campe\u00f3n del mundo ha dominado \u00faltimamente los circuitos de baja carga aerodin\u00e1mica, Singapur, que por el contrario tiene una configuraci\u00f3n de alta carga aerodin\u00e1mica, requiere una configuraci\u00f3n completamente diferente. Pero el verdadero desaf\u00edo reside en la competitividad del&#8230; <a href=\"https:\/\/es.autohebdo.fr\/noticias\/estable\/mclaren\" data-internallinksmanager029f6b8e52c=\"76\" title=\"Equipo McLaren Racing F1\" rel=\"nofollow noopener\" target=\"_blank\">McLaren<\/a>Aunque los coches naranjas no han ganado desde el GP de Holanda, el MCL39 sigue siendo, sin duda, el coche m\u00e1s r\u00e1pido de la parrilla y suele ser fiable. Solo hubo un peque\u00f1o inconveniente: en Zandvoort (Pa\u00edses Bajos), Lando Norris se vio obligado a retirarse de la carrera, a pesar de ir segundo, debido a un problema de chasis.<\/p>\n<p>Como cada a\u00f1o, el circuito urbano de Marina Bay pondr\u00e1 a prueba la resistencia de los pilotos bajo el calor y la humedad sofocantes de la isla asi\u00e1tica. Para la prueba m\u00e1s exigente del calendario, la verdadera diferencia podr\u00eda ser f\u00edsica y mental. Una posible ventaja para Max Verstappen, ya que los dos pilotos de papaya no han demostrado una consistencia ejemplar esta temporada.<\/p>\n<p class=\"gt-block\"><a href=\"https:\/\/es.autohebdo.fr\/pilote\/f1\/%C3%93scar-Piastra\" data-internallinksmanager029f6b8e52c=\"96\" title=\"\u00d3scar Piastri\" rel=\"nofollow noopener\" target=\"_blank\">\u00d3scar Piastri<\/a> Perdi\u00f3 notablemente la compostura ol\u00edmpica en Azerbaiy\u00e1n y se estrell\u00f3 en la primera vuelta del Gran Premio, mientras que Lando Norris tambi\u00e9n tuvo una actuaci\u00f3n decepcionante en Bak\u00fa. El brit\u00e1nico ya hab\u00eda cometido un error en la Q3 en Yeda (Arabia Saudita), otro circuito urbano. Todas estas pistas ponen en duda el rendimiento esperado de los coches de Zak Brown en Singapur. Si bien las estad\u00edsticas pasadas no hablan a favor del piloto de Red Bull, su forma reciente y la falta de consistencia de los McLaren podr\u00edan jugar a su favor este fin de semana.<\/p>\n<p class=\"gt-block\"><strong>LEA TAMBI\u00c9N &gt; <a href=\"https:\/\/es.autohebdo.fr\/noticias\/noticias-automotrices\/Presidencia-de-la-FIA%3A-se-anuncia-un-nuevo-candidato.html\" target=\"_blank\" rel=\"noopener nofollow\">Presidencia de la FIA: Se anuncia un nuevo candidato<\/a><\/strong><\/p>\n","protected":false},"excerpt":{"rendered":"\u00ab\u00a0Un pueblo de galos indomables a\u00fan resiste al invasor. \u00a1Por Tutatis! \u00bb exclamar\u00eda el guionista franc\u00e9s Goscinny. Aqu\u00ed,&hellip;\n","protected":false},"author":2,"featured_media":149943,"comment_status":"","ping_status":"","sticky":false,"template":"","format":"standard","meta":{"footnotes":""},"categories":[270],"tags":[168,25,24,306,271,272,45641,45642,2099,212,23,167],"class_list":{"0":"post-149942","1":"post","2":"type-post","3":"status-publish","4":"format-standard","5":"has-post-thumbnail","7":"category-formula-1","8":"tag-deportes","9":"tag-es","10":"tag-espana","11":"tag-f1","12":"tag-formula-1","13":"tag-formula1","14":"tag-gp-de-singapour","15":"tag-marina-bay","16":"tag-max-verstappen","17":"tag-red-bull","18":"tag-spain","19":"tag-sports"},"share_on_mastodon":{"url":"","error":""},"_links":{"self":[{"href":"https:\/\/www.europesays.com\/es\/wp-json\/wp\/v2\/posts\/149942","targetHints":{"allow":["GET"]}}],"collection":[{"href":"https:\/\/www.europesays.com\/es\/wp-json\/wp\/v2\/posts"}],"about":[{"href":"https:\/\/www.europesays.com\/es\/wp-json\/wp\/v2\/types\/post"}],"author":[{"embeddable":true,"href":"https:\/\/www.europesays.com\/es\/wp-json\/wp\/v2\/users\/2"}],"replies":[{"embeddable":true,"href":"https:\/\/www.europesays.com\/es\/wp-json\/wp\/v2\/comments?post=149942"}],"version-history":[{"count":0,"href":"https:\/\/www.europesays.com\/es\/wp-json\/wp\/v2\/posts\/149942\/revisions"}],"wp:featuredmedia":[{"embeddable":true,"href":"https:\/\/www.europesays.com\/es\/wp-json\/wp\/v2\/media\/149943"}],"wp:attachment":[{"href":"https:\/\/www.europesays.com\/es\/wp-json\/wp\/v2\/media?parent=149942"}],"wp:term":[{"taxonomy":"category","embeddable":true,"href":"https:\/\/www.europesays.com\/es\/wp-json\/wp\/v2\/categories?post=149942"},{"taxonomy":"post_tag","embeddable":true,"href":"https:\/\/www.europesays.com\/es\/wp-json\/wp\/v2\/tags?post=149942"}],"curies":[{"name":"wp","href":"https:\/\/api.w.org\/{rel}","templated":true}]}}