{"id":149966,"date":"2025-10-01T04:45:08","date_gmt":"2025-10-01T04:45:08","guid":{"rendered":"https:\/\/www.europesays.com\/es\/149966\/"},"modified":"2025-10-01T04:45:08","modified_gmt":"2025-10-01T04:45:08","slug":"la-ia-nos-puede-permitir-llevar-los-audiolibros-a-mas-idiomas","status":"publish","type":"post","link":"https:\/\/www.europesays.com\/es\/149966\/","title":{"rendered":"\u201cLa IA nos puede permitir llevar los audiolibros a m\u00e1s idiomas\u201d"},"content":{"rendered":"<p data-gtm-element-container=\"modulo-texto-link\" class=\"paragraph\">La gran revoluci\u00f3n reciente en la industria editorial ha sido la del audiolibro. En algunos pa\u00edses n\u00f3rdicos sus ventas ya superan a las de los libros de bolsillo y se calcula que, solo en EE.UU. ya facturan m\u00e1s de 1.000 millones de d\u00f3lares. En Espa\u00f1a, sin embargo, se trata de un mercado muy peque\u00f1o que fue sacudido, hace cinco a\u00f1os, por la entrada de Audible (y muy pronto lo ser\u00e1 por la de Spotify). El incremento de un 35% anual permite aventurar un futuro m\u00e1s halag\u00fce\u00f1o. Para celebrar sus cinco a\u00f1os en espa\u00f1ol, el m\u00e1ximo dirigente de Audible (empresa del grupo Amazon), Bob Carrigan, ha abandonado su sede central en Newark (una antigua catedral) para visitar Barcelona, donde concede a este diario su primera entrevista a un medio espa\u00f1ol, acompa\u00f1ado de Rachel Ghiazza, directora de contenidos.<\/p>\n<p>Superproducci\u00f3n<br \/>\n\u201cVamos a hacer los siete libros de Harry Potter con sonido inmersivo y m\u00e1s de 200 voces\u201d<\/p>\n<p data-gtm-element-container=\"modulo-texto-link\" class=\"paragraph\"><strong>\u00bfNo le importa que grabe la entrevista?<\/strong><\/p>\n<p data-gtm-element-container=\"modulo-texto-link\" class=\"paragraph\">Por favor. Es lo m\u00e1s adecuado. Soy un profesional del audio.<\/p>\n<p data-gtm-element-container=\"modulo-texto-link\" class=\"paragraph\"><strong>\u00bfPor qu\u00e9 celebran sus cinco a\u00f1os aqu\u00ed, en Barcelona?<\/strong><\/p>\n<p data-gtm-element-container=\"modulo-texto-link\" class=\"paragraph\">Barcelona es muy importante en la industria editorial. Muchos de nuestros socios, editoriales y agentes, tienen aqu\u00ed su sede, as\u00ed que \u00bfd\u00f3nde mejor?<\/p>\n<p data-gtm-element-container=\"modulo-texto-link\" class=\"paragraph\"><strong>\u00bfPor qu\u00e9 en el norte de Europa se escuchan m\u00e1s libros que en el sur? \u00bfHay una explicaci\u00f3n psicol\u00f3gica, hist\u00f3rica?<\/strong><\/p>\n<p data-gtm-element-container=\"modulo-texto-link\" class=\"paragraph\">Bueno, hay diferencias culturales entre pa\u00edses y regiones. Tomemos como ejemplo un pa\u00eds como Alemania, con una larga tradici\u00f3n de dramas radiof\u00f3nicos con guion, all\u00ed ya estaban muy familiarizados con el formato, por lo que los audiolibros encajaron muy bien. Hay mercados como el de Jap\u00f3n en el que ni siquiera exist\u00eda una palabra para referirse a los audiolibros.<\/p>\n<p>Novedad<br \/>\nDavid Ucl\u00e9s le\u00eddo por Aitana S\u00e1nchez-Gij\u00f3n<\/p>\n<p class=\"module-text\">El gran lanzamiento en castellano que Carrigan anuncia para dentro de dos semanas es La pen\u00ednsula de las casas vac\u00edas, de David Ucl\u00e9s, narrado por la actriz Aitana S\u00e1nchez-Gij\u00f3n. \u00bfEs mejor un lector famoso o  uno an\u00f3nimo? \u201cEs muy dif\u00edcil responder a esa pregunta -afirma-. Recurrimos a menudo a narradores c\u00e9lebres, especialmente en los multicast, donde en vez de una voz tenemos varias, desde dos a m\u00e1s de 200 con los libros de Harry Potter. Se trata de una experiencia auditiva pero mucho m\u00e1s cercana a la cinematogr\u00e1fica. Tambi\u00e9n hemos hecho adaptaciones con la voz de un solo actor muy conocido, como Emma Vilarasau, Jos\u00e9 Coronado, Josep Maria Pou o Leonor Watling. Hay otros clientes que simplemente aprecian un solo narrador a quien no han escuchado antes pero con una cierta calidad de voz\u201d.<\/p>\n<p data-gtm-element-container=\"modulo-texto-link\" class=\"paragraph\"><strong>\u00bfD\u00f3nde se escuchan m\u00e1s, sentado en el sof\u00e1, haciendo otra cosa?<\/strong><\/p>\n<p data-gtm-element-container=\"modulo-texto-link\" class=\"paragraph\">Una de las ventajas del formato es que puedes escucharlo con las manos ocupadas o mirando a otro sitio. Seg\u00fan nuestros estudios, las ocasiones en que m\u00e1s se escuchan son en el coche, haciendo ejercicio, paseando al perro y viajando en general. Durante la pandemia, la gente descubri\u00f3 c\u00f3mo utilizarlos m\u00e1s en casa, mientras cocinaban o hac\u00edan la colada. Son esos espacios intermedios los que realmente ofrecen la oportunidad de escuchar audiolibros. O antes de irse a dormir.<\/p>\n<p data-gtm-element-container=\"modulo-texto-link\" class=\"paragraph\"><strong>\u00bfPrueban nuevos formatos?<\/strong><\/p>\n<p data-gtm-element-container=\"modulo-texto-link\" class=\"paragraph\">Innovamos mucho, desde grabar en Dolby 360 Sound a originales que grabamos mientras se representan en directo en un teatro del West Village de Nueva York.<\/p>\n<p data-gtm-element-container=\"modulo-texto-link\" class=\"paragraph\"><strong>En Espa\u00f1a, el crecimiento del mercado ha sido alto desde su llegada hace cinco a\u00f1os.<\/strong><\/p>\n<p>                <img loading=\"lazy\" decoding=\"async\" data-full-src=\"https:\/\/www.lavanguardia.com\/uploads\/2025\/09\/30\/68dc3973451e0.jpeg\" alt=\"Bob Carrigan, director ejecutivo de Audible, y Rachel Ghiazza, directora de contenidos, ayer en un hotel de Barcelona\" width=\"449\" height=\"299\" src=\"https:\/\/www.europesays.com\/es\/wp-content\/uploads\/2025\/10\/68dc3973451e0.jpeg\" class=\"lazy\"\/><\/p>\n<p class=\"caption-title \">Bob Carrigan, director ejecutivo de Audible, y Rachel Ghiazza, directora de contenidos, ayer en un hotel de Barcelona<\/p>\n<p>                    ANA JIMENEZ<\/p>\n<p data-gtm-element-container=\"modulo-texto-link\" class=\"paragraph\">Ha sido espectacular. El audio en general ha ganado 600.000 oyentes en los \u00faltimos 12 meses. Nuestro negocio se duplica cada a\u00f1o.<\/p>\n<p data-gtm-element-container=\"modulo-texto-link\" class=\"paragraph\"><strong>Spotify est\u00e1 entrando en este terreno. \u00bfQu\u00e9 opina?<\/strong><\/p>\n<p data-gtm-element-container=\"modulo-texto-link\" class=\"paragraph\">Es indicativo del crecimiento de este mercado.<\/p>\n<p data-gtm-element-container=\"modulo-texto-link\" class=\"paragraph\"><strong>La competencia es buena para todos \u00bfno?<\/strong><\/p>\n<p data-gtm-element-container=\"modulo-texto-link\" class=\"paragraph\">Siempre hay mucha competencia por la atenci\u00f3n de la gente. Hay tantos servicios de streaming, de v\u00eddeos o de m\u00fasica que debemos sentirnos muy orgullosos de la base de clientes que hemos podido crear.<\/p>\n<p data-gtm-element-container=\"modulo-texto-link\" class=\"paragraph\"><strong>En cuanto a la IA, \u00bfqu\u00e9 uso le dan?<\/strong><\/p>\n<p data-gtm-element-container=\"modulo-texto-link\" class=\"paragraph\">El 97 % de todos los libros impresos y electr\u00f3nicos del mundo no tienen una versi\u00f3n de audio. El 75 % de todos los audiolibros del mundo est\u00e1n en ingl\u00e9s. Por lo tanto, la IA puede brindar la oportunidad de convertir m\u00e1s libros al audio en idiomas de todo el mundo. El uso de la IA har\u00eda que los audiolibros estuvieran disponibles en el idioma que nuestros oyentes aprecian.<\/p>\n<p data-gtm-element-container=\"modulo-texto-link\" class=\"paragraph\"><strong>Aqu\u00ed en Barcelona, hablamos en catal\u00e1n, un idioma minoritario. \u00bfLos har\u00edan con IA?<\/strong><\/p>\n<p data-gtm-element-container=\"modulo-texto-link\" class=\"paragraph\">No. Ya tenemos t\u00edtulos en catal\u00e1n en nuestro cat\u00e1logo, unos 740. Si hemos podido llegar a m\u00e1s de 700 con actores y narradores humanos, seguiremos utilizando personas. Quiero dejarlo muy claro. El a\u00f1o pasado contratamos a m\u00e1s narradores humanos que nunca. La IA servir\u00eda en el futuro para idiomas a los que no llegamos.<\/p>\n<p data-gtm-element-container=\"modulo-texto-link\" class=\"paragraph\"><strong>\u00bfNo la usan para nada m\u00e1s?<\/strong><\/p>\n<p data-gtm-element-container=\"modulo-texto-link\" class=\"paragraph\">Hemos lanzado algunas innovaciones dentro de la aplicaci\u00f3n. Empezamos en el mercado estadounidense, por ejemplo, con una funci\u00f3n que permite a los oyentes hacer preguntas en tiempo real. Porque, muchas veces, cuando la gente quiere un audiolibro, no sabe exactamente qu\u00e9 pedir. No siempre conocen la palabra clave, sino que simplemente dicen una frase, o \u2018quiero un libro que sea como este t\u00edtulo\u2019, \u2018quiero un libro que me haga sentir as\u00ed\u2019 o \u2018quiero un libro que se adapte a mi estado de \u00e1nimo\u2019. Utilizar la IA para ofrecer el contenido adecuado a ese oyente es realmente una gran oportunidad.<\/p>\n<blockquote>\n<p>        Queremos ser fieles a lo que es culturalmente adecuado para cada t\u00edtulo. Harry Potter, por ejemplo, se prefiere con acento brit\u00e1nico que con acento americano. Garc\u00eda M\u00e1rquez tiene m\u00e1s sentido en colombiano\u201d<\/p>\n<\/blockquote>\n<p data-gtm-element-container=\"modulo-texto-link\" class=\"paragraph\"><strong>\u00bfCu\u00e1l es la producci\u00f3n de audio m\u00e1s cara de todos los tiempos?<\/strong><\/p>\n<p data-gtm-element-container=\"modulo-texto-link\" class=\"paragraph\">El a\u00f1o pasado hicimos 1984 , de George Orwell. Actualmente estamos rehaciendo toda la serie de Harry Potter, es decir, los siete libros, con un reparto completo y un dise\u00f1o inmersivo de sonido 360 grados. Para ello, hemos contratado a m\u00e1s de 200 voces diferentes. Vamos a sacar los siete libros con un intervalo de aproximadamente un mes, en ingl\u00e9s. Es nuestro proyecto m\u00e1s ambicioso hasta la fecha.<\/p>\n<p data-gtm-element-container=\"modulo-texto-link\" class=\"paragraph\"><strong>El espa\u00f1ol tiene muchos acentos y dialectos. \u00bfC\u00f3mo gestionan eso?<\/strong><\/p>\n<p data-gtm-element-container=\"modulo-texto-link\" class=\"paragraph\">Hemos observado que la gente prefiere escuchar en su idioma y dialecto preferido. Queremos ser fieles a lo que es culturalmente adecuado para cada t\u00edtulo. Harry Potter, por ejemplo, la mayor\u00eda de la gente preferir\u00e1 escucharlo con acento brit\u00e1nico que con acento americano. Garc\u00eda M\u00e1rquez tiene m\u00e1s sentido en colombiano. Pero hemos producido Rebeli\u00f3n en la granja, de George Orwell, en las cuatro lenguas cooficiales de Espa\u00f1a: gallego, vasco, castellano y catal\u00e1n.<\/p>\n<p data-gtm-element-container=\"modulo-texto-link\" class=\"paragraph\"><strong>\u00bfC\u00f3mo es el oyente de audiolibros? \u00bfQu\u00e9 otros productos consume?<\/strong><\/p>\n<p data-gtm-element-container=\"modulo-texto-link\" class=\"paragraph\">En Espa\u00f1a, un gran n\u00famero de personas que tienen libro electr\u00f3nico tambi\u00e9n escuchan audiolibros. Por eso hemos creado la experiencia inmersiva en Kindle, donde los clientes pueden leer y escuchar al mismo tiempo.<\/p>\n","protected":false},"excerpt":{"rendered":"La gran revoluci\u00f3n reciente en la industria editorial ha sido la del audiolibro. En algunos pa\u00edses n\u00f3rdicos sus&hellip;\n","protected":false},"author":2,"featured_media":149967,"comment_status":"","ping_status":"","sticky":false,"template":"","format":"standard","meta":{"footnotes":""},"categories":[172],"tags":[224,146,147,25,24,225,23],"class_list":{"0":"post-149966","1":"post","2":"type-post","3":"status-publish","4":"format-standard","5":"has-post-thumbnail","7":"category-libros","8":"tag-books","9":"tag-entertainment","10":"tag-entretenimiento","11":"tag-es","12":"tag-espana","13":"tag-libros","14":"tag-spain"},"share_on_mastodon":{"url":"","error":""},"_links":{"self":[{"href":"https:\/\/www.europesays.com\/es\/wp-json\/wp\/v2\/posts\/149966","targetHints":{"allow":["GET"]}}],"collection":[{"href":"https:\/\/www.europesays.com\/es\/wp-json\/wp\/v2\/posts"}],"about":[{"href":"https:\/\/www.europesays.com\/es\/wp-json\/wp\/v2\/types\/post"}],"author":[{"embeddable":true,"href":"https:\/\/www.europesays.com\/es\/wp-json\/wp\/v2\/users\/2"}],"replies":[{"embeddable":true,"href":"https:\/\/www.europesays.com\/es\/wp-json\/wp\/v2\/comments?post=149966"}],"version-history":[{"count":0,"href":"https:\/\/www.europesays.com\/es\/wp-json\/wp\/v2\/posts\/149966\/revisions"}],"wp:featuredmedia":[{"embeddable":true,"href":"https:\/\/www.europesays.com\/es\/wp-json\/wp\/v2\/media\/149967"}],"wp:attachment":[{"href":"https:\/\/www.europesays.com\/es\/wp-json\/wp\/v2\/media?parent=149966"}],"wp:term":[{"taxonomy":"category","embeddable":true,"href":"https:\/\/www.europesays.com\/es\/wp-json\/wp\/v2\/categories?post=149966"},{"taxonomy":"post_tag","embeddable":true,"href":"https:\/\/www.europesays.com\/es\/wp-json\/wp\/v2\/tags?post=149966"}],"curies":[{"name":"wp","href":"https:\/\/api.w.org\/{rel}","templated":true}]}}