{"id":149978,"date":"2025-10-01T04:56:16","date_gmt":"2025-10-01T04:56:16","guid":{"rendered":"https:\/\/www.europesays.com\/es\/149978\/"},"modified":"2025-10-01T04:56:16","modified_gmt":"2025-10-01T04:56:16","slug":"la-jueza-de-la-dana-dice-que-emergencias-no-puede-alegar-falta-de-informacion-es-como-si-un-juez-de-violencia-de-genero-desconociera-las-ordenes-de-proteccion-tribunales","status":"publish","type":"post","link":"https:\/\/www.europesays.com\/es\/149978\/","title":{"rendered":"La jueza de la DANA dice que Emergencias no puede alegar falta de informaci\u00f3n: \u00abEs como si un juez de violencia de g\u00e9nero desconociera las \u00f3rdenes de protecci\u00f3n\u00bb | Tribunales"},"content":{"rendered":"<p class=\"loc\">Val\u00e8ncia<\/p>\n<p>La jueza de la DANA ha emitido un auto en el que deniega la petici\u00f3n de la acusaci\u00f3n popular que ejerce el partido pol\u00edtico Valores de citar a declarar al presidente de la Confederaci\u00f3n Hidrogr\u00e1fica del J\u00facar como investigado, despu\u00e9s de su reciente comparecencia como testigo. <\/p>\n<p>En su argumentaci\u00f3n en ese auto, la jueza insiste en que ese d\u00eda 29 de octubre no se puede argumentar, con el volumen de informaci\u00f3n de que se dispon\u00eda, cuanto menos, desde la ma\u00f1ana, de un desconocimiento de la situaci\u00f3n. \u00abSe est\u00e1 defendiendo un sistema de an\u00e1lisis de informaci\u00f3n y de control del riesgo tan absurdo como defender que un juez de violencia de g\u00e9nero, o un letrado de v\u00edctimas, no supiera lo que es el SIRAJ, no supiera leer la hoja de antecedentes penales y de medidas cautelares, afirmara desconocer que existe el sistema VioG\u00e9n, o que no sabe que se puede adoptar una orden de protecci\u00f3n, o que un controlador a\u00e9reo no sepa leer la pantalla del radar\u00bb.<\/p>\n<p>M\u00e1s informaci\u00f3n<\/p>\n<p><img decoding=\"async\" src=\"https:\/\/www.europesays.com\/es\/wp-content\/uploads\/2025\/10\/X3VK7RBVRJDOZLP3HNJ5ONBQGI.jpg\" width=\"820\" height=\"621\"  loading=\"lazy\"\/><\/p>\n<p>\u00abHay que se\u00f1alar que el \u00fanico y real apag\u00f3n informativo es aquello que se calific\u00f3 en el CECOPI como &#8216;periodo de trabajo exclusivamente presencial&#8217;, o &#8216;tiempo de reflexi\u00f3n&#8217;. Todav\u00eda no se ha dado una explicaci\u00f3n racional sobre unas desconexiones de las que obviamente no sal\u00eda nada productivo\u00bb.<\/p>\n<p>\u00abLa conclusi\u00f3n es clara, que m\u00e1s all\u00e1 de aquellos puntos en los que la CHJ no posee un control del aforo, el control de los barrancos debe efectuarse a trav\u00e9s del CCE, quien en el plan especial de inundaciones asumir\u00eda el control de los barrancos\u00bb.<\/p>\n<p>Y sigue: \u00abLos bomberos forestales fueron desplegados y se retiraron. Dif\u00edcilmente se puede achacar a la Confederaci\u00f3n Hidrogr\u00e1fica del J\u00facar ni a su presidente que se retiraran los bomberos, que no se controlara el desbordamiento y que se ocasionara el abrumador n\u00famero de fallecimientos\u00bb. <\/p>\n<p>A\u00f1ade tambi\u00e9n la magistrada que el env\u00edo de mensajes a la poblaci\u00f3n al objeto de que adoptara medidas de autoprotecci\u00f3n era esencial para salvar sus vidas: \u00abLas v\u00edctimas desconoc\u00edan que corr\u00edan un alt\u00edsimo riesgo por usar su coche, bajar al garaje, estar en la v\u00eda p\u00fablica o incluso por el simple hecho de permanecer en su domicilio en planta baja. V\u00edctimas que perecieron de forma terrible\u00bb.<\/p>\n<p>El control de los barrancos<\/p>\n<p>Seg\u00fan se relata en este auto de la jueza de Catarroja, en el \u00e1rea del barranco del Poyo la alerta hidrol\u00f3gica se activ\u00f3 a las 12.30. La activaci\u00f3n de alerta hidrol\u00f3gica implica situaci\u00f3n 0 de emergencia del Plan Especial de Inundaciones de la Comunitat Valenciana, por lo que la direcci\u00f3n del plan en dicha \u00e1rea y desde dicho momento corresponde al Secretario Auton\u00f3mico. La alerta hidrol\u00f3gica referida no se desactiv\u00f3, contin\u00faa, en dicho d\u00eda 29 de octubre<\/p>\n<p>El control del caudal en los barrancos solo puede ser efectivo a trav\u00e9s de la previsi\u00f3n de lluvias y la vigilancia al pie del mismo barranco, dadas las caracter\u00edsticas de este tipo de cuencas: su pendiente y su corto trayecto.<\/p>\n<p>Lo anteriormente expuesto fue explicado de forma extensa, seg\u00fan la jueza, por parte de Miguel Polo en su declaraci\u00f3n, a quien no se puede culpar de que \u00ablos responsables de la emergencia, directores del plan especial de inundaciones, no hicieran uso del SAIH, no analizaran los datos pluviom\u00e9tricos, las previsiones meteorol\u00f3gicas ni las informaciones de los medios de comunicaci\u00f3n, ni las llamadas al 112, o que, pese a que sab\u00edan que los barrancos estaban al borde del colapso, no los controlaran\u00bb.<\/p>\n<p>En realidad, contin\u00faa la magistrada, si en ese momento ya se estaba discutiendo el env\u00edo de dicho mensaje y se envi\u00f3 finalmente a las 20.11 horas, resulta \u00abcompletamente absurda la contumaz insistencia en la atribuci\u00f3n de responsabilidad a la CHJ, a la AEMET, e incluso a la Delegada del Gobierno\u00bb. <\/p>\n<p>Sigue toda la \u00faltima hora en el canal de Whatsapp de Radio Valencia: <a href=\"https:\/\/eur01.safelinks.protection.outlook.com\/?url=https%3A%2F%2Fwhatsapp.com%2Fchannel%2F0029VaHjyqSFHWq2Q3iHB33R&amp;data=05%7C02%7CADuran%40prisaradio.com%7C02ea95022c714975f8a308dc815e6812%7Cc4fd49f3e15a44d882e2c909735d2e45%7C0%7C0%7C638527489700967202%7CUnknown%7CTWFpbGZsb3d8eyJWIjoiMC4wLjAwMDAiLCJQIjoiV2luMzIiLCJBTiI6Ik1haWwiLCJXVCI6Mn0%3D%7C0%7C%7C%7C&amp;sdata=bDP1arXEhYFoHtvYLOEppFDnR6On2zoB2LqKP8VJn%2Fo%3D&amp;reserved=0\" target=\"_blank\" rel=\"nofollow noopener\" title=\"Direcci\u00f3n URL original: https:\/\/whatsapp.com\/channel\/0029VaHjyqSFHWq2Q3iHB33R. Haga clic o pulse si conf\u00eda en este v\u00ednculo.\">haz clic aqu\u00ed y suscr\u00edbete<\/a> para recibir toda la informaci\u00f3n y la actualidad del d\u00eda en tu m\u00f3vil.<\/p>\n","protected":false},"excerpt":{"rendered":"Val\u00e8ncia La jueza de la DANA ha emitido un auto en el que deniega la petici\u00f3n de la&hellip;\n","protected":false},"author":2,"featured_media":149979,"comment_status":"","ping_status":"","sticky":false,"template":"","format":"standard","meta":{"footnotes":""},"categories":[5],"tags":[17,18,25,24,13,14,11,19,20,9,10,15,16,23,12,21,22],"class_list":{"0":"post-149978","1":"post","2":"type-post","3":"status-publish","4":"format-standard","5":"has-post-thumbnail","7":"category-titulares","8":"tag-breaking-news","9":"tag-breakingnews","10":"tag-es","11":"tag-espana","12":"tag-featured-news","13":"tag-featurednews","14":"tag-headlines","15":"tag-latest-news","16":"tag-latestnews","17":"tag-news","18":"tag-noticias","19":"tag-noticias-destacadas","20":"tag-noticiasdestacadas","21":"tag-spain","22":"tag-titulares","23":"tag-ultimas-noticias","24":"tag-ultimasnoticias"},"share_on_mastodon":{"url":"","error":""},"_links":{"self":[{"href":"https:\/\/www.europesays.com\/es\/wp-json\/wp\/v2\/posts\/149978","targetHints":{"allow":["GET"]}}],"collection":[{"href":"https:\/\/www.europesays.com\/es\/wp-json\/wp\/v2\/posts"}],"about":[{"href":"https:\/\/www.europesays.com\/es\/wp-json\/wp\/v2\/types\/post"}],"author":[{"embeddable":true,"href":"https:\/\/www.europesays.com\/es\/wp-json\/wp\/v2\/users\/2"}],"replies":[{"embeddable":true,"href":"https:\/\/www.europesays.com\/es\/wp-json\/wp\/v2\/comments?post=149978"}],"version-history":[{"count":0,"href":"https:\/\/www.europesays.com\/es\/wp-json\/wp\/v2\/posts\/149978\/revisions"}],"wp:featuredmedia":[{"embeddable":true,"href":"https:\/\/www.europesays.com\/es\/wp-json\/wp\/v2\/media\/149979"}],"wp:attachment":[{"href":"https:\/\/www.europesays.com\/es\/wp-json\/wp\/v2\/media?parent=149978"}],"wp:term":[{"taxonomy":"category","embeddable":true,"href":"https:\/\/www.europesays.com\/es\/wp-json\/wp\/v2\/categories?post=149978"},{"taxonomy":"post_tag","embeddable":true,"href":"https:\/\/www.europesays.com\/es\/wp-json\/wp\/v2\/tags?post=149978"}],"curies":[{"name":"wp","href":"https:\/\/api.w.org\/{rel}","templated":true}]}}