{"id":149994,"date":"2025-10-01T05:10:14","date_gmt":"2025-10-01T05:10:14","guid":{"rendered":"https:\/\/www.europesays.com\/es\/149994\/"},"modified":"2025-10-01T05:10:14","modified_gmt":"2025-10-01T05:10:14","slug":"orale-peso-pluma-sera-el-primer-artista-en-recibir-el-premio-billboard-vanguardia","status":"publish","type":"post","link":"https:\/\/www.europesays.com\/es\/149994\/","title":{"rendered":"\u00a1\u00d3rale! Peso Pluma ser\u00e1 el primer artista en recibir el \u2018Premio Billboard Vanguardia\u2019"},"content":{"rendered":"<p>\t\t\t\t\tLo que necesitas saber: <\/p>\n<p>Peso Pluma tambi\u00e9n cantar\u00e1 durante la entrega de los Billboard de la M\u00fasica Latina 2025.<\/p>\n<p>Peso Pluma vuelve a los reflectores\u2026 el cantante mexicano, conocido por popularizar los corridos tumbados en todo el mundo, <strong>recibir\u00e1 el Premio Billboard Vanguardia durante los Billboard de la M\u00fasica Latina 2025.<\/strong><\/p>\n<p><img loading=\"lazy\" decoding=\"async\" width=\"1024\" height=\"683\" src=\"https:\/\/www.europesays.com\/es\/wp-content\/uploads\/2025\/10\/playlist-canciones-para-entrenar-messi-the-warm-up-apple-music-3.jpeg\" alt=\"Estas son las canciones favoritas de Messi (seg\u00fan su propia playlist)\" class=\"wp-image-1687141\"\/>Peso Pluma es uno de los artistas que Messi escucha cuando busca concentrarse. Foto: Getty Images <\/p>\n<p>Peso Pluma ser\u00e1 el primer artista en recibir el \u2018Premio Billboard Vanguardia\u2019<\/p>\n<p>El regional mexicano ha sonado dur\u00edsimo durante los \u00faltimos a\u00f1os a nivel mundial y <strong>Peso Pluma es considerado como el m\u00e1ximo exponente de los corridos tumbados.<\/strong><\/p>\n<p>Gracias a este \u00e9xito el cantante mexicano volver\u00e1 a recibir un premio, esta vez en los <strong>Billboard de la M\u00fasica Latina 2025.<\/strong> Adem\u00e1s,\u00a0cantar\u00e1 durante la entrega de los\u00a0premios el pr\u00f3ximo 23 de octubre.<\/p>\n<p>Como ya te adelantamos, <strong><a href=\"https:\/\/www.instagram.com\/reel\/DPMDLLVjU44\/?utm_source=ig_web_copy_link\" target=\"_blank\" rel=\"noreferrer noopener nofollow\">el premio que recibir\u00e1 ser\u00e1 el primer Premio Billboard Vanguard<\/a>,<\/strong> una nueva categor\u00eda que reconoce el trabajo de los artistas al momento de innovar y dejar una huella imborrable en la industria musical.<\/p>\n<p><img loading=\"lazy\" decoding=\"async\" width=\"1120\" height=\"580\" src=\"https:\/\/www.europesays.com\/es\/wp-content\/uploads\/2025\/10\/peso-pluma-conciertos-mexico-cancelados.jpg\" alt=\"Peso Pluma cancela conciertos en 6 ciudades de M\u00e9xico\" class=\"wp-image-1639535\"\/>Peso Pluma en los MTV Video Music Awards\/Foto v\u00eda Instagram: @pesopluma<\/p>\n<p><strong>Es el artista mexicano m\u00e1s escuchado a nivel mundia<\/strong>l<\/p>\n<p>Casi al inicio del a\u00f1o, <strong><a href=\"https:\/\/www.sopitas.com\/musica\/mexico-entre-los-10-mercados-musicales-mas-influyentes-del-mundo\/\" target=\"_blank\" rel=\"noreferrer noopener nofollow\">nuestro pa\u00eds se posicion\u00f3 entre los 10 mercados musicales m\u00e1s influyentes del mundo.<\/a><\/strong><\/p>\n<p>Tras este anuncio se revel\u00f3 que, por segundo a\u00f1o consecutivo,<strong> Peso Pluma se consolid\u00f3 como el artista mexicano m\u00e1s escuchado a nivel mundial.<\/strong> Ahora, con esta premiaci\u00f3n, el cantante sigue demostrando lo importante que ha sido para la industria musical de M\u00e9xico.<\/p>\n<p>\t\tTodo lo que no sab\u00edas que necesitas saber lo encuentras en Sopitas.com<\/p>\n<p>\t\t\t\t\t\t\t\t\t<a href=\"https:\/\/www.sopitas.com\/author\/d4v1db3\/\" rel=\"author nofollow noopener\" target=\"_blank\"><br \/>\n\t\t\t\t\t\t<img loading=\"lazy\" decoding=\"async\" alt=\"\" src=\"https:\/\/www.europesays.com\/es\/wp-content\/uploads\/2025\/10\/06aefb85217d214356880c319a67b232\"  class=\"avatar avatar-80 photo\" height=\"80\" width=\"80\"\/>\t\t\t\t\t<\/a><\/p>\n<p>\n\t\t\t\t\t\t\tCon m\u00e1s de 3 a\u00f1os de experiencia en diversos medios de comunicaci\u00f3n, me he puesto la tarea de transmitir las noticias al p\u00fablico de la mejor forma posible \ud83d\ude42\t\t\t\t\t\t\t<a class=\"author-link\" href=\"https:\/\/www.sopitas.com\/author\/d4v1db3\/\" rel=\"author nofollow noopener\" target=\"_blank\"><br \/>\n\t\t\t\t\t\t\tMore by David Becerril\t\t\t\t\t\t\t<\/a>\n\t\t\t\t\t\t<\/p>\n<p><script async src=\"\/\/www.instagram.com\/embed.js\"><\/script><\/p>\n","protected":false},"excerpt":{"rendered":"Lo que necesitas saber: Peso Pluma tambi\u00e9n cantar\u00e1 durante la entrega de los Billboard de la M\u00fasica Latina&hellip;\n","protected":false},"author":2,"featured_media":149995,"comment_status":"","ping_status":"","sticky":false,"template":"","format":"standard","meta":{"footnotes":""},"categories":[170],"tags":[30090,146,147,25,24,184,185,26716,23],"class_list":{"0":"post-149994","1":"post","2":"type-post","3":"status-publish","4":"format-standard","5":"has-post-thumbnail","7":"category-musica","8":"tag-billboard","9":"tag-entertainment","10":"tag-entretenimiento","11":"tag-es","12":"tag-espana","13":"tag-music","14":"tag-musica","15":"tag-peso-pluma","16":"tag-spain"},"share_on_mastodon":{"url":"","error":""},"_links":{"self":[{"href":"https:\/\/www.europesays.com\/es\/wp-json\/wp\/v2\/posts\/149994","targetHints":{"allow":["GET"]}}],"collection":[{"href":"https:\/\/www.europesays.com\/es\/wp-json\/wp\/v2\/posts"}],"about":[{"href":"https:\/\/www.europesays.com\/es\/wp-json\/wp\/v2\/types\/post"}],"author":[{"embeddable":true,"href":"https:\/\/www.europesays.com\/es\/wp-json\/wp\/v2\/users\/2"}],"replies":[{"embeddable":true,"href":"https:\/\/www.europesays.com\/es\/wp-json\/wp\/v2\/comments?post=149994"}],"version-history":[{"count":0,"href":"https:\/\/www.europesays.com\/es\/wp-json\/wp\/v2\/posts\/149994\/revisions"}],"wp:featuredmedia":[{"embeddable":true,"href":"https:\/\/www.europesays.com\/es\/wp-json\/wp\/v2\/media\/149995"}],"wp:attachment":[{"href":"https:\/\/www.europesays.com\/es\/wp-json\/wp\/v2\/media?parent=149994"}],"wp:term":[{"taxonomy":"category","embeddable":true,"href":"https:\/\/www.europesays.com\/es\/wp-json\/wp\/v2\/categories?post=149994"},{"taxonomy":"post_tag","embeddable":true,"href":"https:\/\/www.europesays.com\/es\/wp-json\/wp\/v2\/tags?post=149994"}],"curies":[{"name":"wp","href":"https:\/\/api.w.org\/{rel}","templated":true}]}}